{"id":5329,"date":"2026-08-22T17:22:34","date_gmt":"2026-08-22T17:22:34","guid":{"rendered":"https:\/\/turkiyemhaber.com\/?p=5329"},"modified":"2026-08-22T17:22:39","modified_gmt":"2026-08-22T17:22:39","slug":"suleymancilara-yonelik-operasyonda-para-ve-ziynet-esyalarinin-miktari-dikkat-cekti","status":"publish","type":"post","link":"https:\/\/turkiyemhaber.com\/?p=5329","title":{"rendered":"S\u00fcleymanc\u0131lar&#8217;a Y\u00f6nelik Operasyonda Para ve Ziynet E\u015fyalar\u0131n\u0131n Miktar\u0131 Dikkat \u00c7ekti"},"content":{"rendered":"\n<p class=\"wp-block-paragraph\"><strong>Alihan Kuri\u015f&#8217;in de yakaland\u0131\u011f\u0131 S\u00fcleymanc\u0131lar&#8217;a y\u00f6nelik 4 ilde ger\u00e7ekle\u015ftirilen ikinci dalga operasyonda 12 \u015f\u00fcpheli g\u00f6zalt\u0131na al\u0131nd\u0131. \u015e\u00fcphelilere ait adreslerde yap\u0131lan aramalarda y\u00fckl\u00fc miktarda para, d\u00f6viz ve ziynet e\u015fyas\u0131 ele ge\u00e7irildi.<\/strong><\/p>\n\n\n\n<p class=\"wp-block-paragraph\">Ankara Cumhuriyet Ba\u015fsavc\u0131l\u0131\u011f\u0131nca y\u00fcr\u00fct\u00fclen Alihan Kuri\u015f su\u00e7 \u00f6rg\u00fct\u00fc soru\u015fturmas\u0131 kapsam\u0131nda, 13 A\u011fustos&#8217;ta ger\u00e7ekle\u015ftirilen birinci dalga operasyonun ard\u0131ndan soru\u015fturma derinle\u015ftirildi. Elde edilen yeni delil ve tespitler do\u011frultusunda 21 A\u011fustos&#8217;ta ikinci dalga operasyon d\u00fczenlendi.<\/p>\n\n\n\n<h3 class=\"wp-block-heading\">\u0130K\u0130NC\u0130 DALGADA 12 \u015e\u00dcPHEL\u0130 YAKALANDI<\/h3>\n\n\n\n<p class=\"wp-block-paragraph\">Ba\u015fsavc\u0131l\u0131ktan yap\u0131lan a\u00e7\u0131klamaya g\u00f6re \u0130stanbul, Konya, Mersin ve Mu\u011fla&#8217;da y\u00fcr\u00fct\u00fclen \u00e7al\u0131\u015fmalar kapsam\u0131nda 13 \u015f\u00fcpheli hakk\u0131nda i\u015flem yap\u0131ld\u0131. \u015e\u00fcphelilerden 12&#8217;si yakalan\u0131rken, 1 \u015f\u00fcphelinin yakalanmas\u0131na y\u00f6nelik \u00e7al\u0131\u015fmalar\u0131n s\u00fcrd\u00fc\u011f\u00fc belirtildi.<\/p>\n\n\n\n<p class=\"wp-block-paragraph\">Ankara Emniyet M\u00fcd\u00fcrl\u00fc\u011f\u00fc Mali \u015eube ekipleri taraf\u0131ndan Ankara, \u0130stanbul, Konya ve Mersin&#8217;de 14 ikamet ile 6 i\u015f yerine e\u015f zamanl\u0131 operasyon d\u00fczenlendi.<\/p>\n\n\n\n<h3 class=\"wp-block-heading\">B\u0130R \u015e\u00dcPHEL\u0130 SA\u011eLIK RAPORU SONRASI SERBEST BIRAKILDI<\/h3>\n\n\n\n<p class=\"wp-block-paragraph\">\u0130stanbul&#8217;da 8 \u015f\u00fcpheliden 7&#8217;si yakalan\u0131rken, 1 \u015f\u00fcphelinin yurt d\u0131\u015f\u0131nda oldu\u011fu tespit edildi.<\/p>\n\n\n\n<p class=\"wp-block-paragraph\">Mersin&#8217;de yakalanan Ali Kovan&#8217;\u0131n mevcut sa\u011fl\u0131k raporlar\u0131nda y\u00fczde 50 oran\u0131nda zihinsel engelli oldu\u011fu anla\u015f\u0131l\u0131rken, ifade i\u015flemlerinin tamamlanmas\u0131n\u0131n ard\u0131ndan Cumhuriyet savc\u0131s\u0131n\u0131n talimat\u0131yla serbest b\u0131rak\u0131ld\u0131.<\/p>\n\n\n\n<p class=\"wp-block-paragraph\">\u0130stanbul&#8217;da yakalanan \u0130rfan Y\u0131lmaz&#8217;\u0131n ise sa\u011fl\u0131k sorunlar\u0131 nedeniyle hastanede tedavi alt\u0131na al\u0131nd\u0131\u011f\u0131 \u00f6\u011frenildi.<\/p>\n\n\n\n<h3 class=\"wp-block-heading\">Y\u00dcKL\u00dc M\u0130KTARDA PARA VE ALTIN ELE GE\u00c7\u0130R\u0130LD\u0130<\/h3>\n\n\n\n<p class=\"wp-block-paragraph\">\u015e\u00fcphelilerin ikamet ve i\u015f yerlerinde ger\u00e7ekle\u015ftirilen aramalarda 1 milyon 873 bin 500 TL, 603 bin 151 ABD dolar\u0131 ve 36 bin 110 Euro nakit para ve d\u00f6vize el konuldu.<\/p>\n\n\n\n<p class=\"wp-block-paragraph\">Aramalarda ayr\u0131ca 34 adet bilezik, 17 adet 22 gram alt\u0131n, 7 adet tam alt\u0131n, 6 adet yar\u0131m alt\u0131n, 103 adet \u00e7eyrek alt\u0131n, 1 adet 50 gram 24 ayar alt\u0131n, 91 adet 24 ayar alt\u0131n, 1 adet 20 gram 24 ayar alt\u0131n, 2 adet 10 gram alt\u0131n, 5 adet 5 gram alt\u0131n ele ge\u00e7irildi.<\/p>\n\n\n\n<h3 class=\"wp-block-heading\">\u00c7EKLER VE D\u0130J\u0130TAL MATERYALLER DE \u0130NCELEN\u0130YOR<\/h3>\n\n\n\n<p class=\"wp-block-paragraph\">Operasyon kapsam\u0131nda yap\u0131lan aramalarda 265 adet \u00e7ek, 9 adet cep telefonu ve 1 adet diz\u00fcst\u00fc bilgisayar ele ge\u00e7irildi.<\/p>\n\n\n\n<p class=\"wp-block-paragraph\">Telefon ve bilgisayarlar, mali ve ticari ili\u015fkiler, para hareketleri, \u015firket ba\u011flant\u0131lar\u0131 ve \u015f\u00fcpheliler aras\u0131ndaki irtibatlar\u0131n belirlenmesi amac\u0131yla dijital incelemeye al\u0131nd\u0131.<\/p>\n\n\n\n<p class=\"wp-block-paragraph\">Aramalar s\u0131ras\u0131nda ayr\u0131ca 1 adet \u00e7elik kasa tespit edildi. A\u00e7\u0131lamayan \u00e7elik kasaya da el konuldu.<\/p>\n","protected":false},"excerpt":{"rendered":"<p>Alihan Kuri\u015f&#8217;in de yakaland\u0131\u011f\u0131 S\u00fcleymanc\u0131lar&#8217;a y\u00f6nelik 4 ilde ger\u00e7ekle\u015ftirilen ikinci dalga operasyonda 12 \u015f\u00fcpheli g\u00f6zalt\u0131na<\/p>\n","protected":false},"author":1,"featured_media":5314,"comment_status":"open","ping_status":"open","sticky":false,"template":"","format":"standard","meta":{"_rtcl_gb_attr":"","footnotes":""},"categories":[1],"tags":[],"class_list":["post-5329","post","type-post","status-publish","format-standard","has-post-thumbnail","hentry","category-http-turkiyemhaber-com-wp-content-uploads-2026-03-saray-59-haber-13-mart-pdf"],"_links":{"self":[{"href":"https:\/\/turkiyemhaber.com\/index.php?rest_route=\/wp\/v2\/posts\/5329","targetHints":{"allow":["GET"]}}],"collection":[{"href":"https:\/\/turkiyemhaber.com\/index.php?rest_route=\/wp\/v2\/posts"}],"about":[{"href":"https:\/\/turkiyemhaber.com\/index.php?rest_route=\/wp\/v2\/types\/post"}],"author":[{"embeddable":true,"href":"https:\/\/turkiyemhaber.com\/index.php?rest_route=\/wp\/v2\/users\/1"}],"replies":[{"embeddable":true,"href":"https:\/\/turkiyemhaber.com\/index.php?rest_route=%2Fwp%2Fv2%2Fcomments&post=5329"}],"version-history":[{"count":1,"href":"https:\/\/turkiyemhaber.com\/index.php?rest_route=\/wp\/v2\/posts\/5329\/revisions"}],"predecessor-version":[{"id":5330,"href":"https:\/\/turkiyemhaber.com\/index.php?rest_route=\/wp\/v2\/posts\/5329\/revisions\/5330"}],"wp:featuredmedia":[{"embeddable":true,"href":"https:\/\/turkiyemhaber.com\/index.php?rest_route=\/wp\/v2\/media\/5314"}],"wp:attachment":[{"href":"https:\/\/turkiyemhaber.com\/index.php?rest_route=%2Fwp%2Fv2%2Fmedia&parent=5329"}],"wp:term":[{"taxonomy":"category","embeddable":true,"href":"https:\/\/turkiyemhaber.com\/index.php?rest_route=%2Fwp%2Fv2%2Fcategories&post=5329"},{"taxonomy":"post_tag","embeddable":true,"href":"https:\/\/turkiyemhaber.com\/index.php?rest_route=%2Fwp%2Fv2%2Ftags&post=5329"}],"curies":[{"name":"wp","href":"https:\/\/api.w.org\/{rel}","templated":true}]}}