{"id":5323,"date":"2026-08-22T17:20:45","date_gmt":"2026-08-22T17:20:45","guid":{"rendered":"https:\/\/turkiyemhaber.com\/?p=5323"},"modified":"2026-08-22T17:20:51","modified_gmt":"2026-08-22T17:20:51","slug":"alparslan-kuytul-ve-esinin-de-aralarinda-oldugu-56-supheli-adliyeye-sevk-edildi","status":"publish","type":"post","link":"https:\/\/turkiyemhaber.com\/?p=5323","title":{"rendered":"Alparslan Kuytul ve e\u015finin de aralar\u0131nda oldu\u011fu 56 \u015f\u00fcpheli adliyeye sevk edildi"},"content":{"rendered":"\n<p class=\"wp-block-paragraph\">Adana merkezli 6 ilde &#8220;Alparslan Kuytul Su\u00e7 \u00d6rg\u00fct\u00fc&#8221; soru\u015fturmas\u0131 kapsam\u0131nda g\u00f6zalt\u0131na al\u0131nan Alparslan Kuytul, e\u015fi Semra Kuytul ve 54 di\u011fer \u015f\u00fcpheli, emniyetteki i\u015flemlerin ard\u0131ndan adliyeye sevk edildi. Soru\u015fturmada &#8220;su\u00e7 \u00f6rg\u00fct\u00fc kurma, y\u00f6netme ve \u00fcye olma&#8221; gibi su\u00e7lamalar yer al\u0131yor.<\/p>\n\n\n\n<p class=\"wp-block-paragraph\">Kamuoyunda &#8220;Kuytulcular&#8221; olarak bilinen yap\u0131lanmaya y\u00f6nelik d\u00fczenlenen operasyonda g\u00f6zalt\u0131na al\u0131nan Alparslan Kuytul ve e\u015fi Semra Kuytul&#8217;un da aralar\u0131nda oldu\u011fu 56 \u015f\u00fcpheli adliyeye sevk edildi.<\/p>\n\n\n\n<p class=\"wp-block-paragraph\">Adana Cumhuriyet Ba\u015fsavc\u0131l\u0131\u011f\u0131nca ba\u015flat\u0131lan soru\u015fturma kapsam\u0131nda \u0130l Emniyet M\u00fcd\u00fcrl\u00fc\u011f\u00fc Ka\u00e7ak\u00e7\u0131l\u0131k ve Organize Su\u00e7larla M\u00fccadele \u015eubesi ekiplerince 19 A\u011fustos&#8217;ta d\u00fczenlenen operasyonda yakalanan 32 \u015f\u00fcphelinin ard\u0131ndan 24 \u015f\u00fcpheli daha g\u00f6zalt\u0131na al\u0131nd\u0131.<\/p>\n\n\n\n<figure class=\"wp-block-image size-full\"><img loading=\"lazy\" decoding=\"async\" width=\"640\" height=\"426\" src=\"https:\/\/turkiyemhaber.com\/wp-content\/uploads\/2026\/08\/alparslan-kuytul-ve-esinin-de-20167703-4027_1_m.webp\" alt=\"\" class=\"wp-image-5325\" srcset=\"https:\/\/turkiyemhaber.com\/wp-content\/uploads\/2026\/08\/alparslan-kuytul-ve-esinin-de-20167703-4027_1_m.webp 640w, https:\/\/turkiyemhaber.com\/wp-content\/uploads\/2026\/08\/alparslan-kuytul-ve-esinin-de-20167703-4027_1_m-300x200.webp 300w, https:\/\/turkiyemhaber.com\/wp-content\/uploads\/2026\/08\/alparslan-kuytul-ve-esinin-de-20167703-4027_1_m-18x12.webp 18w\" sizes=\"auto, (max-width: 640px) 100vw, 640px\" \/><\/figure>\n\n\n\n<h3 class=\"wp-block-heading\">SU\u00c7LAMALAR VAH\u0130M<\/h3>\n\n\n\n<p class=\"wp-block-paragraph\">&#8220;Su\u00e7 \u00f6rg\u00fct\u00fc kurma, y\u00f6netme ve \u00fcye olma&#8221; ba\u015fta olmak \u00fczere Vergi Usul Kanunu&#8217;na muhalefet gibi farkl\u0131 su\u00e7lamalar\u0131n da \u015f\u00fcphelilere y\u00f6neltildi\u011fi operasyonda, emniyetteki i\u015flemleri tamamlanan Furkan E\u011fitim ve Hizmet Vakf\u0131n\u0131n kurucu genel ba\u015fkan\u0131 Alparslan Kuytul ile e\u015fi Semra Kuytul&#8217;un da oldu\u011fu 56 \u015f\u00fcpheli, \u0130l Emniyet M\u00fcd\u00fcrl\u00fc\u011f\u00fcndeki i\u015flemlerinin ard\u0131ndan adliyeye sevk edildi.<\/p>\n\n\n\n<figure class=\"wp-block-image size-full\"><img loading=\"lazy\" decoding=\"async\" width=\"640\" height=\"426\" src=\"https:\/\/turkiyemhaber.com\/wp-content\/uploads\/2026\/08\/alparslan-kuytul-ve-esinin-de-20167703-7727_1_m.webp\" alt=\"\" class=\"wp-image-5326\" srcset=\"https:\/\/turkiyemhaber.com\/wp-content\/uploads\/2026\/08\/alparslan-kuytul-ve-esinin-de-20167703-7727_1_m.webp 640w, https:\/\/turkiyemhaber.com\/wp-content\/uploads\/2026\/08\/alparslan-kuytul-ve-esinin-de-20167703-7727_1_m-300x200.webp 300w, https:\/\/turkiyemhaber.com\/wp-content\/uploads\/2026\/08\/alparslan-kuytul-ve-esinin-de-20167703-7727_1_m-18x12.webp 18w\" sizes=\"auto, (max-width: 640px) 100vw, 640px\" \/><\/figure>\n\n\n\n<h3 class=\"wp-block-heading\">BAZI B\u0130LG\u0130SAYAR KASALARI G\u00d6T\u00dcR\u00dcLM\u00dc\u015e<\/h3>\n\n\n\n<p class=\"wp-block-paragraph\">Yap\u0131lanman\u0131n merkez Seyhan il\u00e7esi Abidinpa\u015fa Caddesi&#8217;ndeki s\u00f6zde idari binas\u0131nda, \u015fifreli kap\u0131yla korunan odalar\u0131n oldu\u011fu, buradaki baz\u0131 bilgisayarlar\u0131n kasas\u0131n\u0131n g\u00f6t\u00fcr\u00fcld\u00fc\u011f\u00fc, baz\u0131lar\u0131n\u0131n da sabit diskinin s\u00f6k\u00fcld\u00fc\u011f\u00fc belirlendi.<\/p>\n\n\n\n<p class=\"wp-block-paragraph\">Binan\u0131n \u00e7evresindeki g\u00fcvenlik kameras\u0131 kay\u0131tlar\u0131n\u0131 inceleyen ekipler, delilleri g\u00f6t\u00fcren \u015f\u00fcphelileri tespit etti. Polisin ara\u015ft\u0131rmas\u0131 sonucu bulunan bilgisayar kasalar\u0131 ve sabit diskler incelemeye al\u0131nd\u0131.<\/p>\n\n\n\n<figure class=\"wp-block-image size-full\"><img loading=\"lazy\" decoding=\"async\" width=\"640\" height=\"426\" src=\"https:\/\/turkiyemhaber.com\/wp-content\/uploads\/2026\/08\/alparslan-kuytul-ve-esinin-de-20167703-2138_1_m.webp\" alt=\"\" class=\"wp-image-5327\" srcset=\"https:\/\/turkiyemhaber.com\/wp-content\/uploads\/2026\/08\/alparslan-kuytul-ve-esinin-de-20167703-2138_1_m.webp 640w, https:\/\/turkiyemhaber.com\/wp-content\/uploads\/2026\/08\/alparslan-kuytul-ve-esinin-de-20167703-2138_1_m-300x200.webp 300w, https:\/\/turkiyemhaber.com\/wp-content\/uploads\/2026\/08\/alparslan-kuytul-ve-esinin-de-20167703-2138_1_m-18x12.webp 18w\" sizes=\"auto, (max-width: 640px) 100vw, 640px\" \/><\/figure>\n\n\n\n<h3 class=\"wp-block-heading\">OPERASYONU BAKAN G\u00dcRLEK DUYURMU\u015eTU<\/h3>\n\n\n\n<p class=\"wp-block-paragraph\">Adalet Bakan\u0131 Ak\u0131n G\u00fcrlek, 19 A\u011fustos&#8217;ta yapt\u0131\u011f\u0131 a\u00e7\u0131klamada, kamuoyunda &#8220;Kuytulcular&#8221; olarak bilinen yap\u0131lanmaya y\u00f6nelik Adana merkezli 6 ilde 49 adrese e\u015f zamanl\u0131 operasyon d\u00fczenlendi\u011fini, &#8220;su\u00e7 \u00f6rg\u00fct\u00fc kurma ve y\u00f6netme&#8221;, &#8220;\u00f6rg\u00fct \u00fcyeli\u011fi&#8221;, &#8220;su\u00e7tan kaynaklanan malvarl\u0131\u011f\u0131 de\u011ferlerini aklama&#8221;, &#8220;nitelikli doland\u0131r\u0131c\u0131l\u0131k&#8221;, &#8220;resmi belgede sahtecilik&#8221; ve &#8220;Vergi Usul Kanunu&#8217;na muhalefet&#8221; su\u00e7lar\u0131ndan 32 \u015f\u00fcpheli hakk\u0131nda adli i\u015flem ba\u015flat\u0131ld\u0131\u011f\u0131n\u0131 bildirmi\u015fti.<\/p>\n\n\n\n<h3 class=\"wp-block-heading\">349 HESAP HAKKINDA ER\u0130\u015e\u0130M ENGEL\u0130<\/h3>\n\n\n\n<p class=\"wp-block-paragraph\">Soru\u015fturma kapsam\u0131nda \u00f6rg\u00fct lehine faaliyet y\u00fcr\u00fctt\u00fc\u011f\u00fc tespit edilen 349 sosyal medya hesab\u0131 hakk\u0131nda &#8220;eri\u015fimin engellenmesi&#8221; karar\u0131 verildi\u011fi, 5 \u015firkete de y\u00f6netim kayyumu atand\u0131\u011f\u0131 belirtildi.<\/p>\n","protected":false},"excerpt":{"rendered":"<p>Adana merkezli 6 ilde &#8220;Alparslan Kuytul Su\u00e7 \u00d6rg\u00fct\u00fc&#8221; soru\u015fturmas\u0131 kapsam\u0131nda g\u00f6zalt\u0131na al\u0131nan Alparslan Kuytul, e\u015fi<\/p>\n","protected":false},"author":1,"featured_media":5324,"comment_status":"open","ping_status":"open","sticky":false,"template":"","format":"standard","meta":{"_rtcl_gb_attr":"","footnotes":""},"categories":[1],"tags":[],"class_list":["post-5323","post","type-post","status-publish","format-standard","has-post-thumbnail","hentry","category-http-turkiyemhaber-com-wp-content-uploads-2026-03-saray-59-haber-13-mart-pdf"],"_links":{"self":[{"href":"https:\/\/turkiyemhaber.com\/index.php?rest_route=\/wp\/v2\/posts\/5323","targetHints":{"allow":["GET"]}}],"collection":[{"href":"https:\/\/turkiyemhaber.com\/index.php?rest_route=\/wp\/v2\/posts"}],"about":[{"href":"https:\/\/turkiyemhaber.com\/index.php?rest_route=\/wp\/v2\/types\/post"}],"author":[{"embeddable":true,"href":"https:\/\/turkiyemhaber.com\/index.php?rest_route=\/wp\/v2\/users\/1"}],"replies":[{"embeddable":true,"href":"https:\/\/turkiyemhaber.com\/index.php?rest_route=%2Fwp%2Fv2%2Fcomments&post=5323"}],"version-history":[{"count":1,"href":"https:\/\/turkiyemhaber.com\/index.php?rest_route=\/wp\/v2\/posts\/5323\/revisions"}],"predecessor-version":[{"id":5328,"href":"https:\/\/turkiyemhaber.com\/index.php?rest_route=\/wp\/v2\/posts\/5323\/revisions\/5328"}],"wp:featuredmedia":[{"embeddable":true,"href":"https:\/\/turkiyemhaber.com\/index.php?rest_route=\/wp\/v2\/media\/5324"}],"wp:attachment":[{"href":"https:\/\/turkiyemhaber.com\/index.php?rest_route=%2Fwp%2Fv2%2Fmedia&parent=5323"}],"wp:term":[{"taxonomy":"category","embeddable":true,"href":"https:\/\/turkiyemhaber.com\/index.php?rest_route=%2Fwp%2Fv2%2Fcategories&post=5323"},{"taxonomy":"post_tag","embeddable":true,"href":"https:\/\/turkiyemhaber.com\/index.php?rest_route=%2Fwp%2Fv2%2Ftags&post=5323"}],"curies":[{"name":"wp","href":"https:\/\/api.w.org\/{rel}","templated":true}]}}