{"id":5310,"date":"2026-08-22T14:32:38","date_gmt":"2026-08-22T14:32:38","guid":{"rendered":"https:\/\/turkiyemhaber.com\/?p=5310"},"modified":"2026-08-22T14:32:44","modified_gmt":"2026-08-22T14:32:44","slug":"istanbulda-sicak-hava-etkisi","status":"publish","type":"post","link":"https:\/\/turkiyemhaber.com\/?p=5310","title":{"rendered":"\u0130stanbul&#8217;da S\u0131cak Hava Etkisi"},"content":{"rendered":"\n<p class=\"wp-block-paragraph\">\u0130stanbul\u2019da etkisini s\u00fcrd\u00fcren s\u0131cak hava nedeniyle vatanda\u015flar serinlemek ve g\u00fcne\u015ften korunmak i\u00e7in sahil kesimleri ile ye\u015fil alanlara y\u00f6neldi.<\/p>\n\n\n\n<p class=\"wp-block-paragraph\">Kent genelinde s\u0131cak havaya ra\u011fmen d\u0131\u015far\u0131 \u00e7\u0131kan vatanda\u015flar\u0131n bir b\u00f6l\u00fcm\u00fc a\u011fa\u00e7lar\u0131n g\u00f6lgesinde dinlenirken, baz\u0131lar\u0131 da deniz kenarlar\u0131nda vakit ge\u00e7irdi. Emirgan Korusu\u2019na gelen vatanda\u015flar g\u00f6lgelik alanlarda oturup dinlenirken, baz\u0131lar\u0131 yanlar\u0131nda getirdikleri \u00f6rt\u00fc ve sandalyelerde zaman ge\u00e7irdi. Aileleriyle piknik yapanlar\u0131n yan\u0131 s\u0131ra \u00e7ocuklar da ye\u015fil alanlarda oyun oynad\u0131.<\/p>\n\n\n\n<p class=\"wp-block-paragraph\">Bebek\u2019ten Arnavutk\u00f6y\u2019e uzanan sahil hatt\u0131nda y\u00fcr\u00fcy\u00fc\u015f yapan, bank ve sandalyelerde oturan vatanda\u015flar\u0131n yan\u0131 s\u0131ra denize girerek serinlemeye \u00e7al\u0131\u015fanlar da g\u00f6r\u00fcld\u00fc. Sahilde bisiklete binen, y\u00fcr\u00fcy\u00fc\u015f yapan ve bal\u0131k tutan vatanda\u015flar s\u0131cak havaya ra\u011fmen a\u00e7\u0131k havada vakit ge\u00e7irdi.<\/p>\n\n\n\n<p class=\"wp-block-paragraph\">\u0130stanbul\u2019un tarihi ve turistik b\u00f6lgelerinde de s\u0131cak havaya ra\u011fmen yo\u011funluk ya\u015fand\u0131. Sultanahmet Meydan\u0131 ve Ayasofya-i Kebir Cami-i \u015eerifi \u00e7evresinde yerli ve yabanc\u0131 turistler, g\u00fcne\u015ften korunmak i\u00e7in \u015femsiye kullanarak gezdi. Tarihi yap\u0131lar\u0131 ziyaret eden turistler g\u00f6lgelik alanlarda dinlenmeyi tercih etti.<\/p>\n\n\n\n<p class=\"wp-block-paragraph\">Sarayburnu\u2019nda s\u0131cak havadan bunalan baz\u0131 vatanda\u015flar denize girerek serinlerken, G\u00fclhane Park\u0131\u2019na gelenler ise a\u011fa\u00e7lar\u0131n olu\u015fturdu\u011fu g\u00f6lgelik alanlarda dinlendi.<\/p>\n\n\n\n<p class=\"wp-block-paragraph\">Kartal, Maltepe ve Suadiye sahillerinde de vatanda\u015flar serinlemek i\u00e7in g\u00f6lgelik alanlara ve deniz kenarlar\u0131na y\u00f6neldi. Kartal Sahili\u2019nde Adalar manzaras\u0131 e\u015fli\u011finde dinlenen vatanda\u015flar\u0131n baz\u0131lar\u0131 \u00e7ocuklar\u0131yla oyun alanlar\u0131nda vakit ge\u00e7irirken, sahil boyunca y\u00fcr\u00fcy\u00fc\u015f yapan, skuter kullanan ve piknik yapanlar da oldu.<\/p>\n\n\n\n<p class=\"wp-block-paragraph\">Maltepe Dragos Sahili\u2019nde baz\u0131 vatanda\u015flar kamp sandalyelerinde kitap okurken, baz\u0131lar\u0131 denize girerek serinledi. Sahile gelen Ya\u015far Ta\u015fk\u0131ran, s\u0131cak hava nedeniyle evde duramad\u0131klar\u0131n\u0131, sabah kahvalt\u0131s\u0131 i\u00e7in sahile geldiklerini ve \u00e7ocuklar\u0131 ile torunlar\u0131yla vakit ge\u00e7irdiklerini s\u00f6yledi.<\/p>\n\n\n\n<p class=\"wp-block-paragraph\">Suadiye Sahili\u2019nde ise vatanda\u015flar g\u00f6lgelik alanlarda aileleriyle piknik yapt\u0131. \u00c7ocuklar\u0131yla oyun alanlar\u0131nda zaman ge\u00e7irenlerin yan\u0131 s\u0131ra denize giren ve sahildeki kafelerde oturan vatanda\u015flar da g\u00f6r\u00fcld\u00fc.<\/p>\n","protected":false},"excerpt":{"rendered":"<p>\u0130stanbul\u2019da etkisini s\u00fcrd\u00fcren s\u0131cak hava nedeniyle vatanda\u015flar serinlemek ve g\u00fcne\u015ften korunmak i\u00e7in sahil kesimleri ile<\/p>\n","protected":false},"author":1,"featured_media":5311,"comment_status":"open","ping_status":"open","sticky":false,"template":"","format":"standard","meta":{"_rtcl_gb_attr":"","footnotes":""},"categories":[1],"tags":[],"class_list":["post-5310","post","type-post","status-publish","format-standard","has-post-thumbnail","hentry","category-http-turkiyemhaber-com-wp-content-uploads-2026-03-saray-59-haber-13-mart-pdf"],"_links":{"self":[{"href":"https:\/\/turkiyemhaber.com\/index.php?rest_route=\/wp\/v2\/posts\/5310","targetHints":{"allow":["GET"]}}],"collection":[{"href":"https:\/\/turkiyemhaber.com\/index.php?rest_route=\/wp\/v2\/posts"}],"about":[{"href":"https:\/\/turkiyemhaber.com\/index.php?rest_route=\/wp\/v2\/types\/post"}],"author":[{"embeddable":true,"href":"https:\/\/turkiyemhaber.com\/index.php?rest_route=\/wp\/v2\/users\/1"}],"replies":[{"embeddable":true,"href":"https:\/\/turkiyemhaber.com\/index.php?rest_route=%2Fwp%2Fv2%2Fcomments&post=5310"}],"version-history":[{"count":1,"href":"https:\/\/turkiyemhaber.com\/index.php?rest_route=\/wp\/v2\/posts\/5310\/revisions"}],"predecessor-version":[{"id":5312,"href":"https:\/\/turkiyemhaber.com\/index.php?rest_route=\/wp\/v2\/posts\/5310\/revisions\/5312"}],"wp:featuredmedia":[{"embeddable":true,"href":"https:\/\/turkiyemhaber.com\/index.php?rest_route=\/wp\/v2\/media\/5311"}],"wp:attachment":[{"href":"https:\/\/turkiyemhaber.com\/index.php?rest_route=%2Fwp%2Fv2%2Fmedia&parent=5310"}],"wp:term":[{"taxonomy":"category","embeddable":true,"href":"https:\/\/turkiyemhaber.com\/index.php?rest_route=%2Fwp%2Fv2%2Fcategories&post=5310"},{"taxonomy":"post_tag","embeddable":true,"href":"https:\/\/turkiyemhaber.com\/index.php?rest_route=%2Fwp%2Fv2%2Ftags&post=5310"}],"curies":[{"name":"wp","href":"https:\/\/api.w.org\/{rel}","templated":true}]}}