{"id":5307,"date":"2026-08-22T14:31:10","date_gmt":"2026-08-22T14:31:10","guid":{"rendered":"https:\/\/turkiyemhaber.com\/?p=5307"},"modified":"2026-08-22T14:31:15","modified_gmt":"2026-08-22T14:31:15","slug":"cinarcikta-denize-girmek-yasaklandi","status":"publish","type":"post","link":"https:\/\/turkiyemhaber.com\/?p=5307","title":{"rendered":"\u00c7\u0131narc\u0131k&#8217;ta Denize Girmek Yasakland\u0131"},"content":{"rendered":"\n<p class=\"wp-block-paragraph\">Yalova\u2019n\u0131n \u00c7\u0131narc\u0131k il\u00e7esinde yap\u0131lan deniz suyu analizlerinin ard\u0131ndan belirli b\u00f6lgelerde denize girilmesi yasakland\u0131.<\/p>\n\n\n\n<p class=\"wp-block-paragraph\">\u00c7\u0131narc\u0131k \u0130l\u00e7e Sa\u011fl\u0131k M\u00fcd\u00fcrl\u00fc\u011f\u00fc ekipleri taraf\u0131ndan il\u00e7enin sahil kesiminden al\u0131nan deniz suyu numuneleri incelemeye g\u00f6nderildi. Analiz sonu\u00e7lar\u0131n\u0131n ard\u0131ndan \u0130l\u00e7e H\u0131fz\u0131ss\u0131hha Kurulu, Kestanelik Aile \u00c7ay Bah\u00e7esi ile Karpuzdere mevkisi aras\u0131ndaki b\u00f6lgede denize girilmesini yasaklad\u0131.<\/p>\n\n\n\n<p class=\"wp-block-paragraph\">\u00c7evre, \u015eehircilik ve \u0130klim De\u011fi\u015fikli\u011fi Bakanl\u0131\u011f\u0131n\u0131n 14 A\u011fustos\u2019ta ger\u00e7ekle\u015ftirdi\u011fi denetimlerde, \u00c7\u0131narc\u0131k Belediyesine ait kanalizasyon hatt\u0131 g\u00fczergah\u0131ndaki Ta\u015f Liman B\u00f6lgesi\u2019nde 2 bacadan, Vali Ak\u0131 Caddesi\u2019nde ise 2 farkl\u0131 bacadan ar\u0131t\u0131lmam\u0131\u015f at\u0131k suyun ta\u015ft\u0131\u011f\u0131 ve Marmara Denizi\u2019ne de\u015farj edildi\u011fi tespit edilmi\u015fti. Bu nedenle \u00c7\u0131narc\u0131k Belediyesine 5 milyon 34 bin lira idari ceza uygulanm\u0131\u015ft\u0131.<\/p>\n\n\n\n<p class=\"wp-block-paragraph\">17 A\u011fustos\u2019ta \u00c7\u0131narc\u0131k Te\u015fvikiye, Karpuzdere At\u0131ksu Ar\u0131tma Tesisi ve terfi merkezinde yap\u0131lan denetimde ise Mavi Deniz At\u0131ksu Ar\u0131tma Tesisi\u2019nin \u00e7al\u0131\u015fmad\u0131\u011f\u0131, terfi merkezinde biriken at\u0131k sular\u0131n Te\u015fvikiye Deresi\u2019ne ar\u0131t\u0131lmadan b\u0131rak\u0131ld\u0131\u011f\u0131 belirlenmi\u015fti.<\/p>\n\n\n\n<p class=\"wp-block-paragraph\">Yap\u0131lan tespitlerin ard\u0131ndan Mavi Deniz At\u0131ksu Ar\u0131tma Birli\u011fine 2 milyon 97 bin lira idari ceza verilmi\u015fti.<\/p>\n","protected":false},"excerpt":{"rendered":"<p>Yalova\u2019n\u0131n \u00c7\u0131narc\u0131k il\u00e7esinde yap\u0131lan deniz suyu analizlerinin ard\u0131ndan belirli b\u00f6lgelerde denize girilmesi yasakland\u0131. \u00c7\u0131narc\u0131k \u0130l\u00e7e<\/p>\n","protected":false},"author":1,"featured_media":5308,"comment_status":"open","ping_status":"open","sticky":false,"template":"","format":"standard","meta":{"_rtcl_gb_attr":"","footnotes":""},"categories":[74],"tags":[],"class_list":["post-5307","post","type-post","status-publish","format-standard","has-post-thumbnail","hentry","category-yerel-haberler"],"_links":{"self":[{"href":"https:\/\/turkiyemhaber.com\/index.php?rest_route=\/wp\/v2\/posts\/5307","targetHints":{"allow":["GET"]}}],"collection":[{"href":"https:\/\/turkiyemhaber.com\/index.php?rest_route=\/wp\/v2\/posts"}],"about":[{"href":"https:\/\/turkiyemhaber.com\/index.php?rest_route=\/wp\/v2\/types\/post"}],"author":[{"embeddable":true,"href":"https:\/\/turkiyemhaber.com\/index.php?rest_route=\/wp\/v2\/users\/1"}],"replies":[{"embeddable":true,"href":"https:\/\/turkiyemhaber.com\/index.php?rest_route=%2Fwp%2Fv2%2Fcomments&post=5307"}],"version-history":[{"count":1,"href":"https:\/\/turkiyemhaber.com\/index.php?rest_route=\/wp\/v2\/posts\/5307\/revisions"}],"predecessor-version":[{"id":5309,"href":"https:\/\/turkiyemhaber.com\/index.php?rest_route=\/wp\/v2\/posts\/5307\/revisions\/5309"}],"wp:featuredmedia":[{"embeddable":true,"href":"https:\/\/turkiyemhaber.com\/index.php?rest_route=\/wp\/v2\/media\/5308"}],"wp:attachment":[{"href":"https:\/\/turkiyemhaber.com\/index.php?rest_route=%2Fwp%2Fv2%2Fmedia&parent=5307"}],"wp:term":[{"taxonomy":"category","embeddable":true,"href":"https:\/\/turkiyemhaber.com\/index.php?rest_route=%2Fwp%2Fv2%2Fcategories&post=5307"},{"taxonomy":"post_tag","embeddable":true,"href":"https:\/\/turkiyemhaber.com\/index.php?rest_route=%2Fwp%2Fv2%2Ftags&post=5307"}],"curies":[{"name":"wp","href":"https:\/\/api.w.org\/{rel}","templated":true}]}}