{"id":5301,"date":"2026-08-22T14:28:06","date_gmt":"2026-08-22T14:28:06","guid":{"rendered":"https:\/\/turkiyemhaber.com\/?p=5301"},"modified":"2026-08-22T14:28:11","modified_gmt":"2026-08-22T14:28:11","slug":"osmanelinde-maden-gocugu-isci-yaralandi","status":"publish","type":"post","link":"https:\/\/turkiyemhaber.com\/?p=5301","title":{"rendered":"Osmaneli&#8217;nde Maden G\u00f6\u00e7\u00fc\u011f\u00fc: \u0130\u015f\u00e7i Yaraland\u0131"},"content":{"rendered":"\n<p class=\"wp-block-paragraph\">Osmaneli&#8217;nde Maden G\u00f6\u00e7\u00fc\u011f\u00fc: \u0130\u015f\u00e7i Yaraland\u0131<\/p>\n\n\n\n<p class=\"wp-block-paragraph\">Bilecik\u2019in Osmaneli il\u00e7esinde maden d\u00f6k\u00fcm sahas\u0131nda y\u00fcr\u00fct\u00fclen kaz\u0131 \u00e7al\u0131\u015fmas\u0131 s\u0131ras\u0131nda g\u00f6\u00e7\u00fck meydana geldi. G\u00f6\u00e7\u00fck alt\u0131nda kalan bir i\u015f\u00e7i a\u011f\u0131r yaraland\u0131.<\/p>\n\n\n\n<p class=\"wp-block-paragraph\">Olay, \u0130n\u00f6n\u00fc Mahallesi\u2019nde bulunan maden d\u00f6k\u00fcm sahas\u0131nda meydana geldi. Kaz\u0131 \u00e7al\u0131\u015fmas\u0131 s\u0131ras\u0131nda ya\u015fanan g\u00f6\u00e7\u00fck \u00fczerine b\u00f6lgeye \u00e7ok say\u0131da polis, AFAD ve sa\u011fl\u0131k ekibi sevk edildi.<\/p>\n\n\n\n<p class=\"wp-block-paragraph\">Ekiplerin \u00e7al\u0131\u015fmas\u0131 sonucu g\u00f6\u00e7\u00fck alt\u0131nda kalan i\u015f\u00e7iye ula\u015f\u0131ld\u0131. Yaral\u0131 i\u015f\u00e7i, olay yerinde yap\u0131lan ilk m\u00fcdahalenin ard\u0131ndan Bilecik E\u011fitim ve Ara\u015ft\u0131rma Hastanesi\u2019ne kald\u0131r\u0131ld\u0131.<\/p>\n\n\n\n<p class=\"wp-block-paragraph\">Tedavi alt\u0131na al\u0131nan i\u015f\u00e7inin hayati tehlikesinin bulundu\u011fu \u00f6\u011frenildi.<\/p>\n","protected":false},"excerpt":{"rendered":"<p>Osmaneli&#8217;nde Maden G\u00f6\u00e7\u00fc\u011f\u00fc: \u0130\u015f\u00e7i Yaraland\u0131 Bilecik\u2019in Osmaneli il\u00e7esinde maden d\u00f6k\u00fcm sahas\u0131nda y\u00fcr\u00fct\u00fclen kaz\u0131 \u00e7al\u0131\u015fmas\u0131 s\u0131ras\u0131nda<\/p>\n","protected":false},"author":1,"featured_media":5302,"comment_status":"open","ping_status":"open","sticky":false,"template":"","format":"standard","meta":{"_rtcl_gb_attr":"","footnotes":""},"categories":[1],"tags":[],"class_list":["post-5301","post","type-post","status-publish","format-standard","has-post-thumbnail","hentry","category-http-turkiyemhaber-com-wp-content-uploads-2026-03-saray-59-haber-13-mart-pdf"],"_links":{"self":[{"href":"https:\/\/turkiyemhaber.com\/index.php?rest_route=\/wp\/v2\/posts\/5301","targetHints":{"allow":["GET"]}}],"collection":[{"href":"https:\/\/turkiyemhaber.com\/index.php?rest_route=\/wp\/v2\/posts"}],"about":[{"href":"https:\/\/turkiyemhaber.com\/index.php?rest_route=\/wp\/v2\/types\/post"}],"author":[{"embeddable":true,"href":"https:\/\/turkiyemhaber.com\/index.php?rest_route=\/wp\/v2\/users\/1"}],"replies":[{"embeddable":true,"href":"https:\/\/turkiyemhaber.com\/index.php?rest_route=%2Fwp%2Fv2%2Fcomments&post=5301"}],"version-history":[{"count":1,"href":"https:\/\/turkiyemhaber.com\/index.php?rest_route=\/wp\/v2\/posts\/5301\/revisions"}],"predecessor-version":[{"id":5303,"href":"https:\/\/turkiyemhaber.com\/index.php?rest_route=\/wp\/v2\/posts\/5301\/revisions\/5303"}],"wp:featuredmedia":[{"embeddable":true,"href":"https:\/\/turkiyemhaber.com\/index.php?rest_route=\/wp\/v2\/media\/5302"}],"wp:attachment":[{"href":"https:\/\/turkiyemhaber.com\/index.php?rest_route=%2Fwp%2Fv2%2Fmedia&parent=5301"}],"wp:term":[{"taxonomy":"category","embeddable":true,"href":"https:\/\/turkiyemhaber.com\/index.php?rest_route=%2Fwp%2Fv2%2Fcategories&post=5301"},{"taxonomy":"post_tag","embeddable":true,"href":"https:\/\/turkiyemhaber.com\/index.php?rest_route=%2Fwp%2Fv2%2Ftags&post=5301"}],"curies":[{"name":"wp","href":"https:\/\/api.w.org\/{rel}","templated":true}]}}