{"id":5298,"date":"2026-08-22T14:27:07","date_gmt":"2026-08-22T14:27:07","guid":{"rendered":"https:\/\/turkiyemhaber.com\/?p=5298"},"modified":"2026-08-22T14:27:12","modified_gmt":"2026-08-22T14:27:12","slug":"bilecikte-orman-yanginina-mudahale","status":"publish","type":"post","link":"https:\/\/turkiyemhaber.com\/?p=5298","title":{"rendered":"Bilecik&#8217;te Orman Yang\u0131n\u0131na M\u00fcdahale"},"content":{"rendered":"\n<p class=\"wp-block-paragraph\">Bilecik&#8217;te Orman Yang\u0131n\u0131na M\u00fcdahale<\/p>\n\n\n\n<p class=\"wp-block-paragraph\">Bilecik\u2019in Vezirhan Beldesi Mahan Mahallesi\u2019nde \u00e7\u0131kan orman yang\u0131n\u0131na karadan ve havadan m\u00fcdahale ediliyor.<\/p>\n\n\n\n<p class=\"wp-block-paragraph\">Edinilen bilgilere g\u00f6re, hen\u00fcz belirlenemeyen bir nedenle ba\u015flayan yang\u0131n, r\u00fczgar\u0131n da etkisiyle b\u00fcy\u00fcd\u00fc. Yang\u0131na Orman Genel M\u00fcd\u00fcrl\u00fc\u011f\u00fc taraf\u0131ndan b\u00f6lgede konu\u015fland\u0131r\u0131lan 2 yang\u0131n s\u00f6nd\u00fcrme helikopterinin yan\u0131 s\u0131ra itfaiye ekipleri ve \u00e7ok say\u0131da su tankeriyle m\u00fcdahale ediliyor.<\/p>\n\n\n\n<p class=\"wp-block-paragraph\">Ekipler, yang\u0131n\u0131 kontrol alt\u0131na almak i\u00e7in \u00e7al\u0131\u015fmalar\u0131n\u0131 s\u00fcrd\u00fcr\u00fcyor.<\/p>\n\n\n\n<p class=\"wp-block-paragraph\">Yang\u0131n nedeniyle b\u00f6lgede elektrik kesintisi ya\u015fand\u0131\u011f\u0131 g\u00f6r\u00fcld\u00fc.<\/p>\n","protected":false},"excerpt":{"rendered":"<p>Bilecik&#8217;te Orman Yang\u0131n\u0131na M\u00fcdahale Bilecik\u2019in Vezirhan Beldesi Mahan Mahallesi\u2019nde \u00e7\u0131kan orman yang\u0131n\u0131na karadan ve havadan<\/p>\n","protected":false},"author":1,"featured_media":5299,"comment_status":"open","ping_status":"open","sticky":false,"template":"","format":"standard","meta":{"_rtcl_gb_attr":"","footnotes":""},"categories":[1],"tags":[],"class_list":["post-5298","post","type-post","status-publish","format-standard","has-post-thumbnail","hentry","category-http-turkiyemhaber-com-wp-content-uploads-2026-03-saray-59-haber-13-mart-pdf"],"_links":{"self":[{"href":"https:\/\/turkiyemhaber.com\/index.php?rest_route=\/wp\/v2\/posts\/5298","targetHints":{"allow":["GET"]}}],"collection":[{"href":"https:\/\/turkiyemhaber.com\/index.php?rest_route=\/wp\/v2\/posts"}],"about":[{"href":"https:\/\/turkiyemhaber.com\/index.php?rest_route=\/wp\/v2\/types\/post"}],"author":[{"embeddable":true,"href":"https:\/\/turkiyemhaber.com\/index.php?rest_route=\/wp\/v2\/users\/1"}],"replies":[{"embeddable":true,"href":"https:\/\/turkiyemhaber.com\/index.php?rest_route=%2Fwp%2Fv2%2Fcomments&post=5298"}],"version-history":[{"count":1,"href":"https:\/\/turkiyemhaber.com\/index.php?rest_route=\/wp\/v2\/posts\/5298\/revisions"}],"predecessor-version":[{"id":5300,"href":"https:\/\/turkiyemhaber.com\/index.php?rest_route=\/wp\/v2\/posts\/5298\/revisions\/5300"}],"wp:featuredmedia":[{"embeddable":true,"href":"https:\/\/turkiyemhaber.com\/index.php?rest_route=\/wp\/v2\/media\/5299"}],"wp:attachment":[{"href":"https:\/\/turkiyemhaber.com\/index.php?rest_route=%2Fwp%2Fv2%2Fmedia&parent=5298"}],"wp:term":[{"taxonomy":"category","embeddable":true,"href":"https:\/\/turkiyemhaber.com\/index.php?rest_route=%2Fwp%2Fv2%2Fcategories&post=5298"},{"taxonomy":"post_tag","embeddable":true,"href":"https:\/\/turkiyemhaber.com\/index.php?rest_route=%2Fwp%2Fv2%2Ftags&post=5298"}],"curies":[{"name":"wp","href":"https:\/\/api.w.org\/{rel}","templated":true}]}}