{"id":5295,"date":"2026-08-22T14:25:22","date_gmt":"2026-08-22T14:25:22","guid":{"rendered":"https:\/\/turkiyemhaber.com\/?p=5295"},"modified":"2026-08-22T14:25:27","modified_gmt":"2026-08-22T14:25:27","slug":"66-kurtdereli-mehmet-pehlivan-yagli-guresleri-basladi","status":"publish","type":"post","link":"https:\/\/turkiyemhaber.com\/?p=5295","title":{"rendered":"66. Kurtdereli Mehmet Pehlivan Ya\u011fl\u0131 G\u00fcre\u015fleri Ba\u015flad\u0131"},"content":{"rendered":"\n<p class=\"wp-block-paragraph\">Bal\u0131kesir\u2019de d\u00fczenlenen 66. Geleneksel Kurtdereli Mehmet Pehlivan Ya\u011fl\u0131 G\u00fcre\u015fleri ba\u015flad\u0131. CW Enerji T\u00fcrkiye Ya\u011fl\u0131 G\u00fcre\u015f Ligi kapsam\u0131nda ger\u00e7ekle\u015ftirilen organizasyona 73\u2019\u00fc ba\u015fpehlivan olmak \u00fczere toplam 1642 pehlivan kat\u0131ld\u0131.<\/p>\n\n\n\n<p class=\"wp-block-paragraph\">Bal\u0131kesir B\u00fcy\u00fck\u015fehir ve Karesi Belediyelerinin ev sahipli\u011finde d\u00fczenlenen g\u00fcre\u015fler, er meydan\u0131nda boy ayr\u0131m\u0131yla ba\u015flad\u0131.<\/p>\n\n\n\n<p class=\"wp-block-paragraph\">Organizasyon kapsam\u0131nda Kurtdereli Mehmet Pehlivan\u2019\u0131n an\u0131t mezar\u0131 ziyaret edilerek mevlit okutuldu, yemek ikram\u0131nda bulunuldu ve kabre \u00e7i\u00e7ek b\u0131rak\u0131ld\u0131. Ard\u0131ndan Bal\u0131kesir B\u00fcy\u00fck\u015fehir Belediyesi taraf\u0131ndan restore edilen Kurtdereli Mehmet Pehlivan\u2019\u0131n an\u0131 evinin a\u00e7\u0131l\u0131\u015f\u0131 ger\u00e7ekle\u015ftirildi.<\/p>\n\n\n\n<p class=\"wp-block-paragraph\">Bal\u0131kesir Vali Yard\u0131mc\u0131s\u0131 Mustafa \u00d6zsoy, t\u00f6rende yapt\u0131\u011f\u0131 konu\u015fmada an\u0131 evinin haz\u0131rlanmas\u0131nda eme\u011fi ge\u00e7en kurumlara te\u015fekk\u00fcr etti.<\/p>\n\n\n\n<p class=\"wp-block-paragraph\">Ya\u011fl\u0131 G\u00fcre\u015f D\u00fczenleyen Kentler Birli\u011fi Ba\u015fkan\u0131 ve Bal\u0131kesir B\u00fcy\u00fck\u015fehir Belediye Ba\u015fkan\u0131 Ahmet Ak\u0131n, Kurtdereli Mehmet Pehlivan ile gurur duyduklar\u0131n\u0131 belirterek ya\u011fl\u0131 g\u00fcre\u015flerin \u00f6nemine dikkat \u00e7ekti.<\/p>\n\n\n\n<p class=\"wp-block-paragraph\">Karesi Belediye Ba\u015fkan\u0131 Mesut Akb\u0131y\u0131k da Kurtdere Mahallesi\u2019nde do\u011fup b\u00fcy\u00fcd\u00fc\u011f\u00fcn\u00fc ve \u00e7ocuklu\u011fundan bu yana g\u00fcre\u015flerin i\u00e7inde oldu\u011funu ifade etti.<\/p>\n\n\n\n<p class=\"wp-block-paragraph\">G\u00fcre\u015f meydan\u0131nda salavatlar\u0131n okunmas\u0131n\u0131n ard\u0131ndan minik, te\u015fvik, tozkoparan, ayak, deste, k\u00fc\u00e7\u00fck orta ve b\u00fcy\u00fck orta boylarda m\u00fcsabakalar ba\u015flad\u0131.<\/p>\n\n\n\n<p class=\"wp-block-paragraph\">A\u00e7\u0131l\u0131\u015f program\u0131na CHP Bal\u0131kesir Milletvekili Serkan Sar\u0131, Karesi Kaymakam\u0131 Murat B\u00fcy\u00fckk\u00f6se, Bal\u0131kesir Gen\u00e7lik ve Spor \u0130l M\u00fcd\u00fcr\u00fc Adem \u00d6zalp, G\u00fcre\u015f A\u011fas\u0131 Kemal Ayd\u0131n, Kurtdere Mahalle Muhtar\u0131 Metin K\u0131l\u0131\u00e7, sporcular ve vatanda\u015flar kat\u0131ld\u0131.<\/p>\n\n\n\n<p class=\"wp-block-paragraph\">Organizasyon pazar g\u00fcn\u00fc sona erecek.<\/p>\n\n\n\n<p class=\"wp-block-paragraph\"><strong>KURTDEREL\u0130 MEHMET PEHL\u0130VAN<\/strong><\/p>\n\n\n\n<p class=\"wp-block-paragraph\">Kurtdereli Mehmet Pehlivan, 1865 y\u0131l\u0131nda Bulgaristan s\u0131n\u0131rlar\u0131 i\u00e7erisinde bulunan Deliorman\u2019da d\u00fcnyaya geldi. 1,92 metre boyu ve 148 kilogram a\u011f\u0131rl\u0131\u011f\u0131yla d\u00f6neminin en tan\u0131nan pehlivanlar\u0131 aras\u0131nda yer ald\u0131.<\/p>\n\n\n\n<p class=\"wp-block-paragraph\">Hen\u00fcz 21 ya\u015f\u0131ndayken Koca Yusuf\u2019un \u00f6vg\u00fcs\u00fcn\u00fc alan Kurtdereli Mehmet, yurt d\u0131\u015f\u0131nda da bir\u00e7ok g\u00fcre\u015f\u00e7iye kar\u015f\u0131 m\u00fccadele etti. 1911 y\u0131l\u0131nda 32 gecede 43 m\u00fcsabakaya \u00e7\u0131karak \u201ccihan \u015fampiyonu\u201d ilan edildi.<\/p>\n\n\n\n<p class=\"wp-block-paragraph\">Koca Yusuf, Adal\u0131 Halil, Ahmet Kara, Kantarc\u0131, Karag\u00f6z Ali, Memi\u015f, Filiz Nurullah ve Hergeleci \u0130brahim gibi d\u00f6nemin \u00fcnl\u00fc pehlivanlar\u0131yla g\u00fcre\u015fen Kurtdereli Mehmet, Paris ve Londra\u2019daki m\u00fcsabakalar\u0131nda da \u00f6nemli ba\u015far\u0131lara imza att\u0131.<\/p>\n\n\n\n<p class=\"wp-block-paragraph\">1899 y\u0131l\u0131nda K\u0131rkp\u0131nar\u2019da Adal\u0131 Halil ve Kara Osman\u2019\u0131 ma\u011flup ederek ba\u015fpehlivan olan Kurtdereli Mehmet, son g\u00fcre\u015fini 1931\u2019de \u0130stanbul\u2019da yapt\u0131. Gelene\u011fe g\u00f6re k\u0131spetini Mekke\u2019ye g\u00f6nderen Kurtdereli Mehmet, er meydanlar\u0131ndan \u00e7ekildi.<\/p>\n\n\n\n<p class=\"wp-block-paragraph\">1939 y\u0131l\u0131nda Bal\u0131kesir\u2019de 74 ya\u015f\u0131nda hayat\u0131n\u0131 kaybeden Kurtdereli Mehmet Pehlivan\u2019\u0131n mezar\u0131 Kurtdere Mahallesi\u2019nde bulunuyor.<\/p>\n\n\n\n<p class=\"wp-block-paragraph\"><\/p>\n","protected":false},"excerpt":{"rendered":"<p>Bal\u0131kesir\u2019de d\u00fczenlenen 66. Geleneksel Kurtdereli Mehmet Pehlivan Ya\u011fl\u0131 G\u00fcre\u015fleri ba\u015flad\u0131. CW Enerji T\u00fcrkiye Ya\u011fl\u0131 G\u00fcre\u015f<\/p>\n","protected":false},"author":1,"featured_media":5296,"comment_status":"open","ping_status":"open","sticky":false,"template":"","format":"standard","meta":{"_rtcl_gb_attr":"","footnotes":""},"categories":[3],"tags":[],"class_list":["post-5295","post","type-post","status-publish","format-standard","has-post-thumbnail","hentry","category-spor"],"_links":{"self":[{"href":"https:\/\/turkiyemhaber.com\/index.php?rest_route=\/wp\/v2\/posts\/5295","targetHints":{"allow":["GET"]}}],"collection":[{"href":"https:\/\/turkiyemhaber.com\/index.php?rest_route=\/wp\/v2\/posts"}],"about":[{"href":"https:\/\/turkiyemhaber.com\/index.php?rest_route=\/wp\/v2\/types\/post"}],"author":[{"embeddable":true,"href":"https:\/\/turkiyemhaber.com\/index.php?rest_route=\/wp\/v2\/users\/1"}],"replies":[{"embeddable":true,"href":"https:\/\/turkiyemhaber.com\/index.php?rest_route=%2Fwp%2Fv2%2Fcomments&post=5295"}],"version-history":[{"count":1,"href":"https:\/\/turkiyemhaber.com\/index.php?rest_route=\/wp\/v2\/posts\/5295\/revisions"}],"predecessor-version":[{"id":5297,"href":"https:\/\/turkiyemhaber.com\/index.php?rest_route=\/wp\/v2\/posts\/5295\/revisions\/5297"}],"wp:featuredmedia":[{"embeddable":true,"href":"https:\/\/turkiyemhaber.com\/index.php?rest_route=\/wp\/v2\/media\/5296"}],"wp:attachment":[{"href":"https:\/\/turkiyemhaber.com\/index.php?rest_route=%2Fwp%2Fv2%2Fmedia&parent=5295"}],"wp:term":[{"taxonomy":"category","embeddable":true,"href":"https:\/\/turkiyemhaber.com\/index.php?rest_route=%2Fwp%2Fv2%2Fcategories&post=5295"},{"taxonomy":"post_tag","embeddable":true,"href":"https:\/\/turkiyemhaber.com\/index.php?rest_route=%2Fwp%2Fv2%2Ftags&post=5295"}],"curies":[{"name":"wp","href":"https:\/\/api.w.org\/{rel}","templated":true}]}}