{"id":5292,"date":"2026-08-22T14:22:06","date_gmt":"2026-08-22T14:22:06","guid":{"rendered":"https:\/\/turkiyemhaber.com\/?p=5292"},"modified":"2026-08-22T14:22:12","modified_gmt":"2026-08-22T14:22:12","slug":"teknofest-mavi-vatanda-yuzme-yarisi-yapildi","status":"publish","type":"post","link":"https:\/\/turkiyemhaber.com\/?p=5292","title":{"rendered":"TEKNOFEST Mavi Vatan&#8217;da Y\u00fczme Yar\u0131\u015f\u0131 Yap\u0131ld\u0131"},"content":{"rendered":"\n<p class=\"wp-block-paragraph\">TEKNOFEST Mavi Vatan&#8217;da Y\u00fczme Yar\u0131\u015f\u0131 Yap\u0131ld\u0131<\/p>\n\n\n\n<p class=\"wp-block-paragraph\">Kocaeli\u2019de d\u00fczenlenen TEKNOFEST Mavi Vatan kapsam\u0131nda \u0130zmit K\u00f6rfezi\u2019nde a\u00e7\u0131k su y\u00fczme yar\u0131\u015f\u0131 ger\u00e7ekle\u015ftirildi. Yar\u0131\u015fta sporcular dereceye girebilmek i\u00e7in k\u0131yas\u0131ya m\u00fccadele ederken, kazananlara \u00f6d\u00fclleri verildi.<\/p>\n\n\n\n<p class=\"wp-block-paragraph\">Anadolu Ajans\u0131n\u0131n Global \u0130leti\u015fim Orta\u011f\u0131 oldu\u011fu, Milli Savunma Bakanl\u0131\u011f\u0131 ve T\u00fcrkiye Teknoloji Tak\u0131m\u0131 Vakf\u0131 (T3 Vakf\u0131) ana y\u00fcr\u00fct\u00fcc\u00fcl\u00fc\u011f\u00fcndeki TEKNOFEST Mavi Vatan, G\u00f6lc\u00fck Tersanesi Komutanl\u0131\u011f\u0131\u2019nda \u00fc\u00e7\u00fcnc\u00fc g\u00fcn\u00fcnde devam ediyor.<\/p>\n\n\n\n<p class=\"wp-block-paragraph\">T\u00fcrkiye\u2019nin denizlerdeki g\u00fcc\u00fcn\u00fc, ba\u011f\u0131ms\u0131zl\u0131\u011f\u0131n\u0131 ve milli savunma kabiliyetlerini ortaya koyan etkinlik kapsam\u0131nda d\u00fczenlenen a\u00e7\u0131k su y\u00fczme yar\u0131\u015f\u0131nda farkl\u0131 ya\u015f gruplar\u0131ndan sporcular m\u00fccadele etti.<\/p>\n\n\n\n<p class=\"wp-block-paragraph\">TEKNOFEST Y\u00f6netim Kurulu ve T3 Vakf\u0131 M\u00fctevelli Heyeti Ba\u015fkan\u0131 Sel\u00e7uk Bayraktar, yar\u0131\u015f\u0131n ard\u0131ndan k\u0131yas\u0131ya bir m\u00fccadele ya\u015fand\u0131\u011f\u0131n\u0131 belirtti. Bayraktar, a\u011fabeyi Baykar Genel M\u00fcd\u00fcr\u00fc Haluk Bayraktar\u2019\u0131n da yar\u0131\u015fta yer ald\u0131\u011f\u0131n\u0131 ifade ederek, TEKNOFEST Mavi Vatan\u2019\u0131n farkl\u0131 alanlar\u0131 bir araya getirdi\u011fini s\u00f6yledi.<\/p>\n\n\n\n<p class=\"wp-block-paragraph\">Cumhurba\u015fkanl\u0131\u011f\u0131 Savunma Sanayii Ba\u015fkan\u0131 Haluk G\u00f6rg\u00fcn de etkinli\u011fin inovatif bir anlay\u0131\u015fla TEKNOFEST b\u00fcnyesinde ortaya \u00e7\u0131kt\u0131\u011f\u0131n\u0131 belirterek, y\u00fczme yar\u0131\u015f\u0131na 7\u2019den 77\u2019ye farkl\u0131 ya\u015f gruplar\u0131ndan kat\u0131l\u0131mc\u0131lar\u0131n ilgi g\u00f6sterdi\u011fini s\u00f6yledi.<\/p>\n\n\n\n<p class=\"wp-block-paragraph\">ASELSAN Genel M\u00fcd\u00fcr\u00fc Ahmet Akyol ise etkinli\u011fin kendisi i\u00e7in \u00f6zel bir anlam ta\u015f\u0131d\u0131\u011f\u0131n\u0131 belirterek, gelecek y\u0131llarda daha b\u00fcy\u00fck organizasyonlar\u0131n ger\u00e7ekle\u015ftirilece\u011fini ifade etti.<\/p>\n\n\n\n<p class=\"wp-block-paragraph\">\u201cREKABET DOLU B\u0130R YARI\u015eTI\u201d<\/p>\n\n\n\n<p class=\"wp-block-paragraph\">Erkeklerde birinci olan Eymen Taha Turan, yar\u0131\u015f boyunca ilk s\u0131ralardaki sporcular\u0131n birbirine yak\u0131n m\u00fccadele etti\u011fini belirterek, parkurda dalga, ak\u0131nt\u0131 ve denizanalar\u0131n\u0131n kendilerini zorlad\u0131\u011f\u0131n\u0131 s\u00f6yledi. Turan, \u00f6d\u00fcl\u00fcn\u00fc Sel\u00e7uk Bayraktar\u2019dan almas\u0131n\u0131n kendisini ayr\u0131ca mutlu etti\u011fini ifade etti.<\/p>\n\n\n\n<p class=\"wp-block-paragraph\">Kad\u0131nlarda birinci olan Nida Ba\u015faran ise yar\u0131\u015f\u0131n kendisi i\u00e7in keyifli ge\u00e7ti\u011fini belirterek birincilik ve \u00f6d\u00fcl kazand\u0131\u011f\u0131 i\u00e7in mutlu oldu\u011funu s\u00f6yledi. Kocaeli Y\u0131ld\u0131zlar Y\u00fczme Kul\u00fcb\u00fc\u2019nde \u00e7al\u0131\u015fan ve ayn\u0131 zamanda Fenerbah\u00e7e sporcusu olan Ba\u015faran, d\u00fczenli antrenman yapt\u0131\u011f\u0131 i\u00e7in yar\u0131\u015fta fazla zorlanmad\u0131\u011f\u0131n\u0131 kaydetti.<\/p>\n\n\n\n<p class=\"wp-block-paragraph\">Kad\u0131nlarda ikinci olan 14 ya\u015f\u0131ndaki milli y\u00fcz\u00fcc\u00fc Alara G\u00f6kalp, organizasyonda m\u00fccadele etmekten memnuniyet duydu\u011funu dile getirdi.<\/p>\n\n\n\n<p class=\"wp-block-paragraph\">Erkeklerde \u00fc\u00e7\u00fcnc\u00fc olan 16 ya\u015f\u0131ndaki Mehmet Omurtak ise yar\u0131\u015f\u0131n b\u00fcy\u00fck b\u00f6l\u00fcm\u00fcnde \u00f6nde oldu\u011funu ancak d\u00f6n\u00fc\u015f s\u0131ras\u0131nda ya\u015fad\u0131\u011f\u0131 aksilik nedeniyle \u00fc\u00e7\u00fcnc\u00fc s\u0131raya geriledi\u011fini belirtti. Omurtak, yo\u011fun antrenman program\u0131yla yar\u0131\u015flara haz\u0131rland\u0131\u011f\u0131n\u0131 ifade etti.<\/p>\n","protected":false},"excerpt":{"rendered":"<p>TEKNOFEST Mavi Vatan&#8217;da Y\u00fczme Yar\u0131\u015f\u0131 Yap\u0131ld\u0131 Kocaeli\u2019de d\u00fczenlenen TEKNOFEST Mavi Vatan kapsam\u0131nda \u0130zmit K\u00f6rfezi\u2019nde a\u00e7\u0131k<\/p>\n","protected":false},"author":1,"featured_media":5293,"comment_status":"open","ping_status":"open","sticky":false,"template":"","format":"standard","meta":{"_rtcl_gb_attr":"","footnotes":""},"categories":[1],"tags":[],"class_list":["post-5292","post","type-post","status-publish","format-standard","has-post-thumbnail","hentry","category-http-turkiyemhaber-com-wp-content-uploads-2026-03-saray-59-haber-13-mart-pdf"],"_links":{"self":[{"href":"https:\/\/turkiyemhaber.com\/index.php?rest_route=\/wp\/v2\/posts\/5292","targetHints":{"allow":["GET"]}}],"collection":[{"href":"https:\/\/turkiyemhaber.com\/index.php?rest_route=\/wp\/v2\/posts"}],"about":[{"href":"https:\/\/turkiyemhaber.com\/index.php?rest_route=\/wp\/v2\/types\/post"}],"author":[{"embeddable":true,"href":"https:\/\/turkiyemhaber.com\/index.php?rest_route=\/wp\/v2\/users\/1"}],"replies":[{"embeddable":true,"href":"https:\/\/turkiyemhaber.com\/index.php?rest_route=%2Fwp%2Fv2%2Fcomments&post=5292"}],"version-history":[{"count":1,"href":"https:\/\/turkiyemhaber.com\/index.php?rest_route=\/wp\/v2\/posts\/5292\/revisions"}],"predecessor-version":[{"id":5294,"href":"https:\/\/turkiyemhaber.com\/index.php?rest_route=\/wp\/v2\/posts\/5292\/revisions\/5294"}],"wp:featuredmedia":[{"embeddable":true,"href":"https:\/\/turkiyemhaber.com\/index.php?rest_route=\/wp\/v2\/media\/5293"}],"wp:attachment":[{"href":"https:\/\/turkiyemhaber.com\/index.php?rest_route=%2Fwp%2Fv2%2Fmedia&parent=5292"}],"wp:term":[{"taxonomy":"category","embeddable":true,"href":"https:\/\/turkiyemhaber.com\/index.php?rest_route=%2Fwp%2Fv2%2Fcategories&post=5292"},{"taxonomy":"post_tag","embeddable":true,"href":"https:\/\/turkiyemhaber.com\/index.php?rest_route=%2Fwp%2Fv2%2Ftags&post=5292"}],"curies":[{"name":"wp","href":"https:\/\/api.w.org\/{rel}","templated":true}]}}