{"id":5289,"date":"2026-08-22T14:20:34","date_gmt":"2026-08-22T14:20:34","guid":{"rendered":"https:\/\/turkiyemhaber.com\/?p=5289"},"modified":"2026-08-22T14:20:39","modified_gmt":"2026-08-22T14:20:39","slug":"kocaelide-olen-3-kardes-son-yolculuguna-ugurlandi","status":"publish","type":"post","link":"https:\/\/turkiyemhaber.com\/?p=5289","title":{"rendered":"Kocaeli&#8217;de \u00d6len 3 Karde\u015f Son Yolculu\u011funa U\u011furland\u0131"},"content":{"rendered":"\n<p class=\"wp-block-paragraph\">Kocaeli&#8217;de \u00d6len 3 Karde\u015f Son Yolculu\u011funa U\u011furland\u0131<\/p>\n\n\n\n<p class=\"wp-block-paragraph\">Kocaeli\u2019de denizde \u00f6l\u00fc bulunan G\u00fcl\u015fah, Muhammed Ali ve Belinay Sakar karde\u015fler, d\u00fczenlenen cenaze t\u00f6reninin ard\u0131ndan topra\u011fa verildi. Belinay\u2019\u0131n bug\u00fcn 15\u2019inci ya\u015f g\u00fcn\u00fcn\u00fc kutlayaca\u011f\u0131, G\u00fcl\u015fah\u2019\u0131n ise hukuk fak\u00fcltesini kazand\u0131\u011f\u0131 \u00f6\u011frenildi. Ailenin 10 y\u0131l \u00f6nce bir k\u0131z\u0131n\u0131 daha denizde kaybetti\u011fi ortaya \u00e7\u0131kt\u0131.<\/p>\n\n\n\n<p class=\"wp-block-paragraph\">Dar\u0131ca il\u00e7esi Cami Mahallesi \u015eehit Cevher Dudayev Park\u0131 Sahili\u2019nde 2 g\u00fcn \u00f6nce G\u00fcl\u015fah (24), Muhammed Ali (17) ve Belinay Sakar (15) karde\u015flerin cans\u0131z bedenleri bulundu. Polis ve Sahil G\u00fcvenlik ekiplerinin \u00e7al\u0131\u015fmalar\u0131 s\u0131ras\u0131nda ailenin kay\u0131p oldu\u011fu belirlenen di\u011fer \u00e7ocu\u011fu Bilgenur Sakar da d\u00fcn deniz d\u0131\u015f\u0131nda farkl\u0131 bir noktada sa\u011f olarak bulundu.<\/p>\n\n\n\n<p class=\"wp-block-paragraph\">Gebze Fatih Devlet Hastanesi\u2019nde yap\u0131lan otopside 3 karde\u015fin v\u00fccutlar\u0131nda herhangi bir darp izine rastlanmad\u0131. Cenazeler, i\u015flemlerin ard\u0131ndan ailelerine teslim edildi.<\/p>\n\n\n\n<p class=\"wp-block-paragraph\">3 TABUT YAN YANA<\/p>\n\n\n\n<p class=\"wp-block-paragraph\">3 karde\u015f i\u00e7in Dar\u0131ca Ey\u00fcpo\u011flu Cami\u2019nde cenaze namaz\u0131 k\u0131l\u0131nd\u0131. T\u00f6rene \u00e7ocuklar\u0131n anneleri, Kars\u2019ta ya\u015fayan babalar\u0131, Dar\u0131ca \u0130l\u00e7e Milli E\u011fitim M\u00fcd\u00fcr\u00fc Murat Balay, Dar\u0131ca \u0130l\u00e7e Emniyet M\u00fcd\u00fcr\u00fc Vedat \u0130\u015fleyen, \u00c7ay\u0131rova Kaymakam\u0131 Ahmet \u00d6nal, siyasi parti il\u00e7e ba\u015fkanlar\u0131 ile \u00e7ok say\u0131da vatanda\u015f ve aile yak\u0131nlar\u0131 kat\u0131ld\u0131.<\/p>\n\n\n\n<p class=\"wp-block-paragraph\">Yan yana konulan 3 tabut, cenazeye kat\u0131lanlara duygu dolu anlar ya\u015fatt\u0131. \u00d6\u011fle namaz\u0131n\u0131n ard\u0131ndan k\u0131l\u0131nan cenaze namaz\u0131 sonras\u0131 G\u00fcl\u015fah, Muhammed Ali ve Belinay Sakar karde\u015fler Bal\u00e7\u0131k Mezarl\u0131\u011f\u0131\u2019nda defnedildi.<\/p>\n\n\n\n<p class=\"wp-block-paragraph\">BEL\u0130NAY DO\u011eUM G\u00dcN\u00dcNDE TOPRA\u011eA VER\u0130LD\u0130<\/p>\n\n\n\n<p class=\"wp-block-paragraph\">Bug\u00fcn do\u011fum g\u00fcn\u00fc olan Belinay Sakar, 15\u2019inci ya\u015f g\u00fcn\u00fcnde topra\u011fa verildi. Karde\u015flerin ablalar\u0131n\u0131n da 10 y\u0131l \u00f6nce denizde bo\u011fularak hayat\u0131n\u0131 kaybetti\u011fi \u00f6\u011frenildi.<\/p>\n\n\n\n<p class=\"wp-block-paragraph\">G\u00fcl\u015fah Sakar\u2019\u0131n ise bu y\u0131l hukuk fak\u00fcltesini kazand\u0131\u011f\u0131 belirtildi. Ailenin ya\u015fad\u0131\u011f\u0131 ac\u0131n\u0131n, y\u0131llar \u00f6nce denizde kaybettikleri k\u0131zlar\u0131n\u0131n ard\u0131ndan bir kez daha katland\u0131\u011f\u0131 \u00f6\u011frenildi.<\/p>\n\n\n\n<p class=\"wp-block-paragraph\">Olayla ilgili soru\u015fturma s\u00fcr\u00fcyor.<\/p>\n","protected":false},"excerpt":{"rendered":"<p>Kocaeli&#8217;de \u00d6len 3 Karde\u015f Son Yolculu\u011funa U\u011furland\u0131 Kocaeli\u2019de denizde \u00f6l\u00fc bulunan G\u00fcl\u015fah, Muhammed Ali ve<\/p>\n","protected":false},"author":1,"featured_media":5290,"comment_status":"open","ping_status":"open","sticky":false,"template":"","format":"standard","meta":{"_rtcl_gb_attr":"","footnotes":""},"categories":[1],"tags":[],"class_list":["post-5289","post","type-post","status-publish","format-standard","has-post-thumbnail","hentry","category-http-turkiyemhaber-com-wp-content-uploads-2026-03-saray-59-haber-13-mart-pdf"],"_links":{"self":[{"href":"https:\/\/turkiyemhaber.com\/index.php?rest_route=\/wp\/v2\/posts\/5289","targetHints":{"allow":["GET"]}}],"collection":[{"href":"https:\/\/turkiyemhaber.com\/index.php?rest_route=\/wp\/v2\/posts"}],"about":[{"href":"https:\/\/turkiyemhaber.com\/index.php?rest_route=\/wp\/v2\/types\/post"}],"author":[{"embeddable":true,"href":"https:\/\/turkiyemhaber.com\/index.php?rest_route=\/wp\/v2\/users\/1"}],"replies":[{"embeddable":true,"href":"https:\/\/turkiyemhaber.com\/index.php?rest_route=%2Fwp%2Fv2%2Fcomments&post=5289"}],"version-history":[{"count":1,"href":"https:\/\/turkiyemhaber.com\/index.php?rest_route=\/wp\/v2\/posts\/5289\/revisions"}],"predecessor-version":[{"id":5291,"href":"https:\/\/turkiyemhaber.com\/index.php?rest_route=\/wp\/v2\/posts\/5289\/revisions\/5291"}],"wp:featuredmedia":[{"embeddable":true,"href":"https:\/\/turkiyemhaber.com\/index.php?rest_route=\/wp\/v2\/media\/5290"}],"wp:attachment":[{"href":"https:\/\/turkiyemhaber.com\/index.php?rest_route=%2Fwp%2Fv2%2Fmedia&parent=5289"}],"wp:term":[{"taxonomy":"category","embeddable":true,"href":"https:\/\/turkiyemhaber.com\/index.php?rest_route=%2Fwp%2Fv2%2Fcategories&post=5289"},{"taxonomy":"post_tag","embeddable":true,"href":"https:\/\/turkiyemhaber.com\/index.php?rest_route=%2Fwp%2Fv2%2Ftags&post=5289"}],"curies":[{"name":"wp","href":"https:\/\/api.w.org\/{rel}","templated":true}]}}