{"id":5286,"date":"2026-08-22T14:19:36","date_gmt":"2026-08-22T14:19:36","guid":{"rendered":"https:\/\/turkiyemhaber.com\/?p=5286"},"modified":"2026-08-22T14:19:42","modified_gmt":"2026-08-22T14:19:42","slug":"canakkalede-jandarma-operasyonu-17-supheli-tutuklandi","status":"publish","type":"post","link":"https:\/\/turkiyemhaber.com\/?p=5286","title":{"rendered":"\u00c7anakkale&#8217;de Jandarma Operasyonu: 17 \u015e\u00fcpheli Tutukland\u0131"},"content":{"rendered":"\n<p class=\"wp-block-paragraph\">\u00c7anakkale&#8217;de Jandarma Operasyonu: 17 \u015e\u00fcpheli Tutukland\u0131<\/p>\n\n\n\n<p class=\"wp-block-paragraph\">\u00c7anakkale\u2019de jandarma ekiplerinin ger\u00e7ekle\u015ftirdi\u011fi huzur uygulamalar\u0131nda \u00e7e\u015fitli su\u00e7lardan aranan 89 ki\u015fi yakalan\u0131rken, bunlardan 17\u2019si tutukland\u0131.<\/p>\n\n\n\n<p class=\"wp-block-paragraph\">\u00c7anakkale \u0130l Jandarma Komutanl\u0131\u011f\u0131 ekipleri taraf\u0131ndan vatanda\u015flar\u0131n huzur ve g\u00fcvenli\u011fini sa\u011flamak amac\u0131yla 10-16 A\u011fustos tarihleri aras\u0131nda kapsaml\u0131 huzur uygulamas\u0131 ger\u00e7ekle\u015ftirildi.<\/p>\n\n\n\n<p class=\"wp-block-paragraph\">\u00c7al\u0131\u015fmalar kapsam\u0131nda 224 umuma a\u00e7\u0131k i\u015fletme, 134 metruk bina, 121 park ve bah\u00e7e ile 68 kahvehane kontrol edildi. Uygulamalarda 58 bin 792 ki\u015finin kimlik sorgulamas\u0131 yap\u0131l\u0131rken, 57 bin 423 ara\u00e7 da denetlendi. Ara\u00e7 sorgulamalar\u0131 sonucunda aranan 11 ara\u00e7 yakaland\u0131.<\/p>\n\n\n\n<p class=\"wp-block-paragraph\">17 \u015e\u00dcPHEL\u0130 TUTUKLANDI<\/p>\n\n\n\n<p class=\"wp-block-paragraph\">Ayn\u0131 tarihler aras\u0131nda Jandarma Su\u00e7 Ara\u015ft\u0131rma Timi (JASAT) ve ba\u011fl\u0131 ekipler taraf\u0131ndan y\u00fcr\u00fct\u00fclen \u00e7al\u0131\u015fmalar ve operasyonlarda \u00e7e\u015fitli su\u00e7lardan aranan 89 ki\u015fi yakaland\u0131.<\/p>\n\n\n\n<p class=\"wp-block-paragraph\">Jandarmadaki i\u015flemlerinin ard\u0131ndan adliyeye sevk edilen \u015f\u00fcphelilerden 17\u2019si, \u00e7\u0131kar\u0131ld\u0131klar\u0131 mahkeme taraf\u0131ndan tutuklanarak cezaevine g\u00f6nderildi.<\/p>\n","protected":false},"excerpt":{"rendered":"<p>\u00c7anakkale&#8217;de Jandarma Operasyonu: 17 \u015e\u00fcpheli Tutukland\u0131 \u00c7anakkale\u2019de jandarma ekiplerinin ger\u00e7ekle\u015ftirdi\u011fi huzur uygulamalar\u0131nda \u00e7e\u015fitli su\u00e7lardan aranan<\/p>\n","protected":false},"author":1,"featured_media":5287,"comment_status":"open","ping_status":"open","sticky":false,"template":"","format":"standard","meta":{"_rtcl_gb_attr":"","footnotes":""},"categories":[1],"tags":[],"class_list":["post-5286","post","type-post","status-publish","format-standard","has-post-thumbnail","hentry","category-http-turkiyemhaber-com-wp-content-uploads-2026-03-saray-59-haber-13-mart-pdf"],"_links":{"self":[{"href":"https:\/\/turkiyemhaber.com\/index.php?rest_route=\/wp\/v2\/posts\/5286","targetHints":{"allow":["GET"]}}],"collection":[{"href":"https:\/\/turkiyemhaber.com\/index.php?rest_route=\/wp\/v2\/posts"}],"about":[{"href":"https:\/\/turkiyemhaber.com\/index.php?rest_route=\/wp\/v2\/types\/post"}],"author":[{"embeddable":true,"href":"https:\/\/turkiyemhaber.com\/index.php?rest_route=\/wp\/v2\/users\/1"}],"replies":[{"embeddable":true,"href":"https:\/\/turkiyemhaber.com\/index.php?rest_route=%2Fwp%2Fv2%2Fcomments&post=5286"}],"version-history":[{"count":1,"href":"https:\/\/turkiyemhaber.com\/index.php?rest_route=\/wp\/v2\/posts\/5286\/revisions"}],"predecessor-version":[{"id":5288,"href":"https:\/\/turkiyemhaber.com\/index.php?rest_route=\/wp\/v2\/posts\/5286\/revisions\/5288"}],"wp:featuredmedia":[{"embeddable":true,"href":"https:\/\/turkiyemhaber.com\/index.php?rest_route=\/wp\/v2\/media\/5287"}],"wp:attachment":[{"href":"https:\/\/turkiyemhaber.com\/index.php?rest_route=%2Fwp%2Fv2%2Fmedia&parent=5286"}],"wp:term":[{"taxonomy":"category","embeddable":true,"href":"https:\/\/turkiyemhaber.com\/index.php?rest_route=%2Fwp%2Fv2%2Fcategories&post=5286"},{"taxonomy":"post_tag","embeddable":true,"href":"https:\/\/turkiyemhaber.com\/index.php?rest_route=%2Fwp%2Fv2%2Ftags&post=5286"}],"curies":[{"name":"wp","href":"https:\/\/api.w.org\/{rel}","templated":true}]}}