{"id":5283,"date":"2026-08-22T14:17:54","date_gmt":"2026-08-22T14:17:54","guid":{"rendered":"https:\/\/turkiyemhaber.com\/?p=5283"},"modified":"2026-08-22T14:17:59","modified_gmt":"2026-08-22T14:17:59","slug":"mezarlikta-sincap-dostlugu","status":"publish","type":"post","link":"https:\/\/turkiyemhaber.com\/?p=5283","title":{"rendered":"Mezarl\u0131kta Sincap Dostlu\u011fu"},"content":{"rendered":"\n<p class=\"wp-block-paragraph\">Mezarl\u0131kta Sincap Dostlu\u011fu<\/p>\n\n\n\n<p class=\"wp-block-paragraph\">\u00c7anakkale \u015eehir Mezarl\u0131\u011f\u0131\u2019nda 4 y\u0131ld\u0131r g\u00f6rev yapan 41 ya\u015f\u0131ndaki Baran Alada\u011f\u2019\u0131n d\u00fczenli olarak besledi\u011fi sincaplarla kurdu\u011fu dostluk, mezarl\u0131k ziyaret\u00e7ilerinin ilgisini \u00e7ekiyor.<\/p>\n\n\n\n<p class=\"wp-block-paragraph\">\u00c7anakkale Belediyesi mezarl\u0131k personeli Alada\u011f, g\u00f6rev yapt\u0131\u011f\u0131 s\u0131rada kar\u015f\u0131la\u015ft\u0131\u011f\u0131 2 sincab\u0131 beslemeye ba\u015flad\u0131. Zamanla say\u0131lar\u0131 artan ve kendisine al\u0131\u015fan sincaplar\u0131 d\u00fczenli olarak besleyen Alada\u011f\u2019\u0131n hayvanlarla kurdu\u011fu ba\u011f, ziyaret\u00e7ilerin de dikkatini \u00e7ekti.<\/p>\n\n\n\n<p class=\"wp-block-paragraph\">Alada\u011f, sincaplarla dostlu\u011funun onlara ceviz vermesiyle ba\u015flad\u0131\u011f\u0131n\u0131 ve zaman i\u00e7erisinde say\u0131lar\u0131n\u0131n 60\u2019a kadar ula\u015ft\u0131\u011f\u0131n\u0131 belirtti. Mezarl\u0131kta baz\u0131 sincaplar\u0131n ara\u00e7lar taraf\u0131ndan ezilmesi \u00fczerine sosyal medyada payla\u015f\u0131m yapmaya ba\u015flad\u0131\u011f\u0131n\u0131 anlatan Alada\u011f, payla\u015f\u0131mlar\u0131n 7,5 milyon izlenmeye ula\u015fmas\u0131n\u0131n ard\u0131ndan insanlar\u0131n sincaplar\u0131 g\u00f6rmek i\u00e7in mezarl\u0131\u011fa gelmeye ba\u015flad\u0131\u011f\u0131n\u0131 s\u00f6yledi.<\/p>\n\n\n\n<p class=\"wp-block-paragraph\">\u201cONLARI BURUNLARINDAN B\u0130LE TANIYORUM\u201d<\/p>\n\n\n\n<p class=\"wp-block-paragraph\">Sincaplar\u0131n birbirlerine benzemelerine ra\u011fmen hepsini ay\u0131rt edebildi\u011fini ifade eden Alada\u011f, \u201cHepsini tan\u0131yorum. \u0130nsan \u00e7ocu\u011funu tan\u0131r ya ben de o \u015fekilde onlar\u0131 tan\u0131yorum. Onlar\u0131 burunlar\u0131ndan bile tan\u0131yorum. Paytak \u015fekilde y\u00fcr\u00fcyorlar ya hangisinin yan\u0131ma geldi\u011fini anl\u0131yorum.\u201d dedi.<\/p>\n\n\n\n<p class=\"wp-block-paragraph\">Sincaplar\u0131n beslenmesinde hay\u0131rseverlerin ve \u00c7anakkale Belediye Ba\u015fkan\u0131 Muharrem Erkek\u2019in destek verdi\u011fini belirten Alada\u011f, hayvanlar\u0131n birbirlerini k\u0131skand\u0131\u011f\u0131n\u0131 da s\u00f6yledi.<\/p>\n\n\n\n<p class=\"wp-block-paragraph\">Sincaplara Boncuk, Can, Yi\u011fit, Zeytin ve Badem gibi isimler verdi\u011fini anlatan Alada\u011f, zaman\u0131n\u0131n b\u00fcy\u00fck b\u00f6l\u00fcm\u00fcn\u00fc onlarla ge\u00e7irdi\u011fini ifade etti. Sincaplar\u0131n do\u011fada ya\u015famalar\u0131 gerekti\u011fini belirten Alada\u011f, ev ortam\u0131nda ya\u015fayamad\u0131klar\u0131n\u0131 ve hastalanabildiklerini s\u00f6yledi.<\/p>\n\n\n\n<p class=\"wp-block-paragraph\">Alada\u011f, bu nedenle sincaplarla mezarl\u0131kta ilgilenmeye devam etti\u011fini kaydetti.<\/p>\n","protected":false},"excerpt":{"rendered":"<p>Mezarl\u0131kta Sincap Dostlu\u011fu \u00c7anakkale \u015eehir Mezarl\u0131\u011f\u0131\u2019nda 4 y\u0131ld\u0131r g\u00f6rev yapan 41 ya\u015f\u0131ndaki Baran Alada\u011f\u2019\u0131n d\u00fczenli<\/p>\n","protected":false},"author":1,"featured_media":5284,"comment_status":"open","ping_status":"open","sticky":false,"template":"","format":"standard","meta":{"_rtcl_gb_attr":"","footnotes":""},"categories":[1],"tags":[],"class_list":["post-5283","post","type-post","status-publish","format-standard","has-post-thumbnail","hentry","category-http-turkiyemhaber-com-wp-content-uploads-2026-03-saray-59-haber-13-mart-pdf"],"_links":{"self":[{"href":"https:\/\/turkiyemhaber.com\/index.php?rest_route=\/wp\/v2\/posts\/5283","targetHints":{"allow":["GET"]}}],"collection":[{"href":"https:\/\/turkiyemhaber.com\/index.php?rest_route=\/wp\/v2\/posts"}],"about":[{"href":"https:\/\/turkiyemhaber.com\/index.php?rest_route=\/wp\/v2\/types\/post"}],"author":[{"embeddable":true,"href":"https:\/\/turkiyemhaber.com\/index.php?rest_route=\/wp\/v2\/users\/1"}],"replies":[{"embeddable":true,"href":"https:\/\/turkiyemhaber.com\/index.php?rest_route=%2Fwp%2Fv2%2Fcomments&post=5283"}],"version-history":[{"count":1,"href":"https:\/\/turkiyemhaber.com\/index.php?rest_route=\/wp\/v2\/posts\/5283\/revisions"}],"predecessor-version":[{"id":5285,"href":"https:\/\/turkiyemhaber.com\/index.php?rest_route=\/wp\/v2\/posts\/5283\/revisions\/5285"}],"wp:featuredmedia":[{"embeddable":true,"href":"https:\/\/turkiyemhaber.com\/index.php?rest_route=\/wp\/v2\/media\/5284"}],"wp:attachment":[{"href":"https:\/\/turkiyemhaber.com\/index.php?rest_route=%2Fwp%2Fv2%2Fmedia&parent=5283"}],"wp:term":[{"taxonomy":"category","embeddable":true,"href":"https:\/\/turkiyemhaber.com\/index.php?rest_route=%2Fwp%2Fv2%2Fcategories&post=5283"},{"taxonomy":"post_tag","embeddable":true,"href":"https:\/\/turkiyemhaber.com\/index.php?rest_route=%2Fwp%2Fv2%2Ftags&post=5283"}],"curies":[{"name":"wp","href":"https:\/\/api.w.org\/{rel}","templated":true}]}}