{"id":5277,"date":"2026-08-22T14:15:08","date_gmt":"2026-08-22T14:15:08","guid":{"rendered":"https:\/\/turkiyemhaber.com\/?p=5277"},"modified":"2026-08-22T14:15:13","modified_gmt":"2026-08-22T14:15:13","slug":"balikcilar-1-eylul-icin-hazirlaniyor","status":"publish","type":"post","link":"https:\/\/turkiyemhaber.com\/?p=5277","title":{"rendered":"Bal\u0131k\u00e7\u0131lar 1 Eyl\u00fcl \u0130\u00e7in Haz\u0131rlan\u0131yor"},"content":{"rendered":"\n<p class=\"wp-block-paragraph\">Bal\u0131k\u00e7\u0131lar 1 Eyl\u00fcl \u0130\u00e7in Haz\u0131rlan\u0131yor<\/p>\n\n\n\n<p class=\"wp-block-paragraph\">Karadeniz\u2019de bal\u0131k\u00e7\u0131lar, 1 Eyl\u00fcl\u2019de av yasa\u011f\u0131n\u0131n sona ermesiyle ba\u015flayacak yeni sezon \u00f6ncesinde teknelerinin bak\u0131m\u0131n\u0131 yap\u0131p a\u011flar\u0131n\u0131 onar\u0131yor.<\/p>\n\n\n\n<p class=\"wp-block-paragraph\">Sakarya, Kocaeli, D\u00fczce, Zonguldak ve Bart\u0131n\u2019da bal\u0131k\u00e7\u0131lar, 1 Eyl\u00fcl\u2019de \u201cvira bismillah\u201d diyebilmek i\u00e7in haz\u0131rl\u0131klar\u0131n\u0131 s\u00fcrd\u00fcr\u00fcyor. Tekne bak\u0131mlar\u0131n\u0131 tamamlayan ve y\u0131rt\u0131k a\u011flar\u0131n\u0131 onaran bal\u0131k\u00e7\u0131lar, yeni sezonda denizlerden bol miktarda bal\u0131k \u00e7\u0131kmas\u0131n\u0131 umut ediyor.<\/p>\n\n\n\n<p class=\"wp-block-paragraph\">Sakarya\u2019n\u0131n Karasu il\u00e7esinde haz\u0131rl\u0131klar\u0131n\u0131 s\u00fcrd\u00fcren Karasu Su \u00dcr\u00fcnleri Kooperatifi Ba\u015fkan\u0131 Atilla B\u0131\u00e7akc\u0131, 1 Eyl\u00fcl itibar\u0131yla sezonun ba\u015flayaca\u011f\u0131n\u0131 ve k\u00fc\u00e7\u00fck ve b\u00fcy\u00fck \u00f6l\u00e7ekli teknelerin haz\u0131rl\u0131klar\u0131n\u0131 s\u00fcrd\u00fcrd\u00fc\u011f\u00fcn\u00fc belirtti. B\u0131\u00e7akc\u0131, bu y\u0131l palamut av\u0131n\u0131n ge\u00e7en sezona g\u00f6re daha iyi olmas\u0131n\u0131 beklediklerini ifade ederek, palamudun erken g\u00f6r\u00fclmeye ba\u015flad\u0131\u011f\u0131n\u0131 s\u00f6yledi.<\/p>\n\n\n\n<p class=\"wp-block-paragraph\">Kocaeli\u2019nin Kand\u0131ra il\u00e7esinde de bal\u0131k\u00e7\u0131lar teknelerinin ve a\u011flar\u0131n\u0131n bak\u0131m ve onar\u0131mlar\u0131n\u0131 ger\u00e7ekle\u015ftiriyor. 28 y\u0131ld\u0131r bal\u0131k\u00e7\u0131l\u0131k yapan Abdullah Al, yeni sezonda palamut, \u00e7inekop ve l\u00fcferin bol olmas\u0131n\u0131 beklediklerini belirterek, vatanda\u015flar\u0131n bu y\u0131l daha fazla bal\u0131k t\u00fcketebilece\u011fini dile getirdi.<\/p>\n\n\n\n<p class=\"wp-block-paragraph\">D\u00fczce\u2019nin Ak\u00e7akoca il\u00e7esinde bal\u0131k\u00e7\u0131lar teknelerini bak\u0131mdan ge\u00e7irirken y\u0131rt\u0131k a\u011flar\u0131n\u0131 da tamir ediyor. Ak\u00e7akoca Su \u00dcr\u00fcnleri Kooperatifi Ba\u015fkan\u0131 Osman \u00d6zer, bu sezon palamudun ge\u00e7en y\u0131la g\u00f6re daha bol olaca\u011f\u0131 y\u00f6n\u00fcnde umutlu olduklar\u0131n\u0131 belirtti. \u00d6zer ayr\u0131ca, \u201cEski A\u011f\u0131n\u0131 Getir, Yeni A\u011f\u0131n\u0131 G\u00f6t\u00fcr\u201d projesi kapsam\u0131nda bal\u0131k\u00e7\u0131lara 300 yeni a\u011f da\u011f\u0131t\u0131ld\u0131\u011f\u0131n\u0131 bildirdi.<\/p>\n\n\n\n<p class=\"wp-block-paragraph\">Zonguldak\u2019ta da bal\u0131k\u00e7\u0131lar 1 Eyl\u00fcl\u2019de ba\u015flayacak sezon \u00f6ncesi haz\u0131rl\u0131klar\u0131n\u0131 b\u00fcy\u00fck \u00f6l\u00e7\u00fcde tamamlad\u0131. Kilimli Su \u00dcr\u00fcnleri Kooperatifi Liman M\u00fcd\u00fcr\u00fc B\u00fclent Aksu, 2026-2027 av sezonunda \u00f6zellikle palamut ve hamside bolluk beklediklerini s\u00f6yledi. \u0130stavrit, mezgit, l\u00fcfer ve \u00e7inekopun da b\u00f6lgede g\u00f6r\u00fclmeye ba\u015flad\u0131\u011f\u0131n\u0131 belirten Aksu, limanlar\u0131n bal\u0131k sevkiyat\u0131na haz\u0131r hale getirildi\u011fini ifade etti.<\/p>\n\n\n\n<p class=\"wp-block-paragraph\">Bart\u0131n\u2019da ise bal\u0131k\u00e7\u0131lar tekne bak\u0131m\u0131 ve a\u011f onar\u0131mlar\u0131n\u0131 s\u00fcrd\u00fcr\u00fcyor. 15 y\u0131ld\u0131r bal\u0131k\u00e7\u0131l\u0131k yapan Okan Demirkesen, haz\u0131rl\u0131klara may\u0131s ay\u0131nda ba\u015flad\u0131klar\u0131n\u0131 ve tekne, motor ve a\u011flardaki eksikleri tamamlad\u0131klar\u0131n\u0131 belirtti. Demirkesen, yeni sezonda \u00f6zellikle palamuttan umutlu olduklar\u0131n\u0131 s\u00f6yledi.<\/p>\n\n\n\n<p class=\"wp-block-paragraph\">Bart\u0131n Su \u00dcr\u00fcnleri Kooperatifi Ba\u015fkan\u0131 \u00d6zkan Beske de ge\u00e7en sezonun bal\u0131k\u00e7\u0131lar a\u00e7\u0131s\u0131ndan zor ge\u00e7ti\u011fini belirterek, bu y\u0131l palamut ba\u015fta olmak \u00fczere hamsi, mezgit, barbun, \u00e7inekop ve l\u00fcferden umutlu olduklar\u0131n\u0131 ifade etti.<\/p>\n","protected":false},"excerpt":{"rendered":"<p>Bal\u0131k\u00e7\u0131lar 1 Eyl\u00fcl \u0130\u00e7in Haz\u0131rlan\u0131yor Karadeniz\u2019de bal\u0131k\u00e7\u0131lar, 1 Eyl\u00fcl\u2019de av yasa\u011f\u0131n\u0131n sona ermesiyle ba\u015flayacak yeni<\/p>\n","protected":false},"author":1,"featured_media":5278,"comment_status":"open","ping_status":"open","sticky":false,"template":"","format":"standard","meta":{"_rtcl_gb_attr":"","footnotes":""},"categories":[74],"tags":[],"class_list":["post-5277","post","type-post","status-publish","format-standard","has-post-thumbnail","hentry","category-yerel-haberler"],"_links":{"self":[{"href":"https:\/\/turkiyemhaber.com\/index.php?rest_route=\/wp\/v2\/posts\/5277","targetHints":{"allow":["GET"]}}],"collection":[{"href":"https:\/\/turkiyemhaber.com\/index.php?rest_route=\/wp\/v2\/posts"}],"about":[{"href":"https:\/\/turkiyemhaber.com\/index.php?rest_route=\/wp\/v2\/types\/post"}],"author":[{"embeddable":true,"href":"https:\/\/turkiyemhaber.com\/index.php?rest_route=\/wp\/v2\/users\/1"}],"replies":[{"embeddable":true,"href":"https:\/\/turkiyemhaber.com\/index.php?rest_route=%2Fwp%2Fv2%2Fcomments&post=5277"}],"version-history":[{"count":1,"href":"https:\/\/turkiyemhaber.com\/index.php?rest_route=\/wp\/v2\/posts\/5277\/revisions"}],"predecessor-version":[{"id":5279,"href":"https:\/\/turkiyemhaber.com\/index.php?rest_route=\/wp\/v2\/posts\/5277\/revisions\/5279"}],"wp:featuredmedia":[{"embeddable":true,"href":"https:\/\/turkiyemhaber.com\/index.php?rest_route=\/wp\/v2\/media\/5278"}],"wp:attachment":[{"href":"https:\/\/turkiyemhaber.com\/index.php?rest_route=%2Fwp%2Fv2%2Fmedia&parent=5277"}],"wp:term":[{"taxonomy":"category","embeddable":true,"href":"https:\/\/turkiyemhaber.com\/index.php?rest_route=%2Fwp%2Fv2%2Fcategories&post=5277"},{"taxonomy":"post_tag","embeddable":true,"href":"https:\/\/turkiyemhaber.com\/index.php?rest_route=%2Fwp%2Fv2%2Ftags&post=5277"}],"curies":[{"name":"wp","href":"https:\/\/api.w.org\/{rel}","templated":true}]}}