{"id":5274,"date":"2026-08-22T14:13:56","date_gmt":"2026-08-22T14:13:56","guid":{"rendered":"https:\/\/turkiyemhaber.com\/?p=5274"},"modified":"2026-08-22T14:14:01","modified_gmt":"2026-08-22T14:14:01","slug":"edirnede-tunca-nehrinin-debisi-dusuyor","status":"publish","type":"post","link":"https:\/\/turkiyemhaber.com\/?p=5274","title":{"rendered":"Edirne&#8217;de Tunca Nehri&#8217;nin Debisi D\u00fc\u015f\u00fcyor"},"content":{"rendered":"\n<p class=\"wp-block-paragraph\">Edirne&#8217;de Tunca Nehri&#8217;nin Debisi D\u00fc\u015f\u00fcyor<\/p>\n\n\n\n<p class=\"wp-block-paragraph\">Edirne\u2019de y\u00fcksek s\u0131cakl\u0131k ve Bulgaristan\u2019\u0131n barajlarda su tutmas\u0131 nedeniyle tar\u0131msal sulamada kullan\u0131lan Tunca Nehri\u2019nin debisi 4 metrek\u00fcp\/saniyeye kadar d\u00fc\u015ft\u00fc. Debideki d\u00fc\u015f\u00fc\u015fle birlikte nehrin baz\u0131 b\u00f6l\u00fcmlerinde kum adac\u0131klar\u0131 ortaya \u00e7\u0131kt\u0131.<\/p>\n\n\n\n<p class=\"wp-block-paragraph\">T\u00fcrkiye\u2019de ay\u00e7i\u00e7e\u011fi, \u00e7eltik ve bu\u011fday \u00fcretiminin \u00f6nemli merkezlerinden Edirne\u2019de etkili olan s\u0131cak hava, nehirlerdeki su seviyelerinin azalmas\u0131na neden oldu. Y\u00fcksek s\u0131cakl\u0131k ve Bulgaristan\u2019\u0131n barajlarda su tutmas\u0131 nedeniyle Tunca Nehri\u2019nin baz\u0131 b\u00f6l\u00fcmlerinde kuruma g\u00f6r\u00fcld\u00fc.<\/p>\n\n\n\n<p class=\"wp-block-paragraph\">Devlet Su \u0130\u015fleri 11\u2019inci B\u00f6lge M\u00fcd\u00fcrl\u00fc\u011f\u00fc \u00f6l\u00e7\u00fcmlerine g\u00f6re, nehrin haziran ay\u0131 ba\u015f\u0131nda 20 metrek\u00fcp\/saniye olan debisi 4 metrek\u00fcp\/saniyeye kadar geriledi.<\/p>\n\n\n\n<p class=\"wp-block-paragraph\">Debinin d\u00fc\u015fmesiyle birlikte Tunca Nehri\u2019nin baz\u0131 b\u00f6l\u00fcmlerinde kum adac\u0131klar\u0131 g\u00fcn y\u00fcz\u00fcne \u00e7\u0131karken, nehre at\u0131lan \u00e7\u00f6pler de g\u00f6r\u00fcn\u00fcr hale geldi.<\/p>\n","protected":false},"excerpt":{"rendered":"<p>Edirne&#8217;de Tunca Nehri&#8217;nin Debisi D\u00fc\u015f\u00fcyor Edirne\u2019de y\u00fcksek s\u0131cakl\u0131k ve Bulgaristan\u2019\u0131n barajlarda su tutmas\u0131 nedeniyle tar\u0131msal<\/p>\n","protected":false},"author":1,"featured_media":5275,"comment_status":"open","ping_status":"open","sticky":false,"template":"","format":"standard","meta":{"_rtcl_gb_attr":"","footnotes":""},"categories":[74],"tags":[],"class_list":["post-5274","post","type-post","status-publish","format-standard","has-post-thumbnail","hentry","category-yerel-haberler"],"_links":{"self":[{"href":"https:\/\/turkiyemhaber.com\/index.php?rest_route=\/wp\/v2\/posts\/5274","targetHints":{"allow":["GET"]}}],"collection":[{"href":"https:\/\/turkiyemhaber.com\/index.php?rest_route=\/wp\/v2\/posts"}],"about":[{"href":"https:\/\/turkiyemhaber.com\/index.php?rest_route=\/wp\/v2\/types\/post"}],"author":[{"embeddable":true,"href":"https:\/\/turkiyemhaber.com\/index.php?rest_route=\/wp\/v2\/users\/1"}],"replies":[{"embeddable":true,"href":"https:\/\/turkiyemhaber.com\/index.php?rest_route=%2Fwp%2Fv2%2Fcomments&post=5274"}],"version-history":[{"count":1,"href":"https:\/\/turkiyemhaber.com\/index.php?rest_route=\/wp\/v2\/posts\/5274\/revisions"}],"predecessor-version":[{"id":5276,"href":"https:\/\/turkiyemhaber.com\/index.php?rest_route=\/wp\/v2\/posts\/5274\/revisions\/5276"}],"wp:featuredmedia":[{"embeddable":true,"href":"https:\/\/turkiyemhaber.com\/index.php?rest_route=\/wp\/v2\/media\/5275"}],"wp:attachment":[{"href":"https:\/\/turkiyemhaber.com\/index.php?rest_route=%2Fwp%2Fv2%2Fmedia&parent=5274"}],"wp:term":[{"taxonomy":"category","embeddable":true,"href":"https:\/\/turkiyemhaber.com\/index.php?rest_route=%2Fwp%2Fv2%2Fcategories&post=5274"},{"taxonomy":"post_tag","embeddable":true,"href":"https:\/\/turkiyemhaber.com\/index.php?rest_route=%2Fwp%2Fv2%2Ftags&post=5274"}],"curies":[{"name":"wp","href":"https:\/\/api.w.org\/{rel}","templated":true}]}}