{"id":5271,"date":"2026-08-22T14:12:29","date_gmt":"2026-08-22T14:12:29","guid":{"rendered":"https:\/\/turkiyemhaber.com\/?p=5271"},"modified":"2026-08-22T14:12:35","modified_gmt":"2026-08-22T14:12:35","slug":"yesilay-gencler-turkiye-kurek-sampiyonasi-edirnede","status":"publish","type":"post","link":"https:\/\/turkiyemhaber.com\/?p=5271","title":{"rendered":"Ye\u015filay Gen\u00e7ler T\u00fcrkiye K\u00fcrek \u015eampiyonas\u0131 Edirne&#8217;de"},"content":{"rendered":"\n<p class=\"wp-block-paragraph\">Ye\u015filay Gen\u00e7ler T\u00fcrkiye K\u00fcrek \u015eampiyonas\u0131 Edirne&#8217;de<\/p>\n\n\n\n<p class=\"wp-block-paragraph\">T\u00fcrkiye K\u00fcrek Federasyonu taraf\u0131ndan Edirne\u2019de d\u00fczenlenen Ye\u015filay Gen\u00e7ler T\u00fcrkiye K\u00fcrek \u015eampiyonas\u0131, final etab\u0131yla devam etti.<\/p>\n\n\n\n<p class=\"wp-block-paragraph\">Y\u0131l K\u00fcrek Parkuru\u2019nda sabah saatlerinden itibaren haz\u0131rl\u0131klar\u0131n\u0131 tamamlayan sporcular, final yar\u0131\u015flar\u0131 i\u00e7in suya indi. K\u00fcrek\u00e7iler, dereceye girebilmek i\u00e7in k\u0131yas\u0131ya m\u00fccadele etti.<\/p>\n\n\n\n<p class=\"wp-block-paragraph\">\u015eampiyonaya 20\u2019den fazla kul\u00fcpten yakla\u015f\u0131k 300 sporcu kat\u0131l\u0131yor.<\/p>\n\n\n\n<p class=\"wp-block-paragraph\">Organizasyon yar\u0131n ger\u00e7ekle\u015ftirilecek yar\u0131\u015flar\u0131n ard\u0131ndan sona erecek.<\/p>\n","protected":false},"excerpt":{"rendered":"<p>Ye\u015filay Gen\u00e7ler T\u00fcrkiye K\u00fcrek \u015eampiyonas\u0131 Edirne&#8217;de T\u00fcrkiye K\u00fcrek Federasyonu taraf\u0131ndan Edirne\u2019de d\u00fczenlenen Ye\u015filay Gen\u00e7ler T\u00fcrkiye<\/p>\n","protected":false},"author":1,"featured_media":5272,"comment_status":"open","ping_status":"open","sticky":false,"template":"","format":"standard","meta":{"_rtcl_gb_attr":"","footnotes":""},"categories":[74],"tags":[],"class_list":["post-5271","post","type-post","status-publish","format-standard","has-post-thumbnail","hentry","category-yerel-haberler"],"_links":{"self":[{"href":"https:\/\/turkiyemhaber.com\/index.php?rest_route=\/wp\/v2\/posts\/5271","targetHints":{"allow":["GET"]}}],"collection":[{"href":"https:\/\/turkiyemhaber.com\/index.php?rest_route=\/wp\/v2\/posts"}],"about":[{"href":"https:\/\/turkiyemhaber.com\/index.php?rest_route=\/wp\/v2\/types\/post"}],"author":[{"embeddable":true,"href":"https:\/\/turkiyemhaber.com\/index.php?rest_route=\/wp\/v2\/users\/1"}],"replies":[{"embeddable":true,"href":"https:\/\/turkiyemhaber.com\/index.php?rest_route=%2Fwp%2Fv2%2Fcomments&post=5271"}],"version-history":[{"count":1,"href":"https:\/\/turkiyemhaber.com\/index.php?rest_route=\/wp\/v2\/posts\/5271\/revisions"}],"predecessor-version":[{"id":5273,"href":"https:\/\/turkiyemhaber.com\/index.php?rest_route=\/wp\/v2\/posts\/5271\/revisions\/5273"}],"wp:featuredmedia":[{"embeddable":true,"href":"https:\/\/turkiyemhaber.com\/index.php?rest_route=\/wp\/v2\/media\/5272"}],"wp:attachment":[{"href":"https:\/\/turkiyemhaber.com\/index.php?rest_route=%2Fwp%2Fv2%2Fmedia&parent=5271"}],"wp:term":[{"taxonomy":"category","embeddable":true,"href":"https:\/\/turkiyemhaber.com\/index.php?rest_route=%2Fwp%2Fv2%2Fcategories&post=5271"},{"taxonomy":"post_tag","embeddable":true,"href":"https:\/\/turkiyemhaber.com\/index.php?rest_route=%2Fwp%2Fv2%2Ftags&post=5271"}],"curies":[{"name":"wp","href":"https:\/\/api.w.org\/{rel}","templated":true}]}}