{"id":5268,"date":"2026-08-22T14:10:44","date_gmt":"2026-08-22T14:10:44","guid":{"rendered":"https:\/\/turkiyemhaber.com\/?p=5268"},"modified":"2026-08-22T14:10:50","modified_gmt":"2026-08-22T14:10:50","slug":"universite-ve-il-mudurlugu-is-birligi-gelistiriliyor","status":"publish","type":"post","link":"https:\/\/turkiyemhaber.com\/?p=5268","title":{"rendered":"\u00dcniversite ve \u0130l M\u00fcd\u00fcrl\u00fc\u011f\u00fc \u0130\u015f Birli\u011fi Geli\u015ftiriliyor"},"content":{"rendered":"\n<p class=\"wp-block-paragraph\">\u00dcniversite ve \u0130l M\u00fcd\u00fcrl\u00fc\u011f\u00fc \u0130\u015f Birli\u011fi Geli\u015ftiriliyor<\/p>\n\n\n\n<p class=\"wp-block-paragraph\">Trakya \u00dcniversitesi Genel Sekreteri H\u00fcseyin T\u00fcrkel, Edirne \u00c7evre, \u015eehircilik ve \u0130klim De\u011fi\u015fikli\u011fi \u0130l M\u00fcd\u00fcr\u00fc Ay\u015fe Sar\u0131\u2019y\u0131 ziyaret etti.<\/p>\n\n\n\n<p class=\"wp-block-paragraph\">\u00dcniversiteden yap\u0131lan a\u00e7\u0131klamaya g\u00f6re, d\u0131\u015f payda\u015f ziyaretleri kapsam\u0131nda ger\u00e7ekle\u015ftirilen g\u00f6r\u00fc\u015fmede Trakya \u00dcniversitesi ile \u0130l M\u00fcd\u00fcrl\u00fc\u011f\u00fc aras\u0131ndaki mevcut i\u015f birli\u011finin geli\u015ftirilmesi ve yeni ortak \u00e7al\u0131\u015fma alanlar\u0131 ele al\u0131nd\u0131.<\/p>\n\n\n\n<p class=\"wp-block-paragraph\">G\u00f6r\u00fc\u015fmede \u00fcniversite-kamu i\u015f birli\u011finin g\u00fc\u00e7lendirilmesi, kentin ihtiya\u00e7lar\u0131na y\u00f6nelik ortak \u00e7al\u0131\u015fmalar\u0131n art\u0131r\u0131lmas\u0131 ve kurumlar aras\u0131ndaki ileti\u015fimin geli\u015ftirilmesi konular\u0131nda g\u00f6r\u00fc\u015f al\u0131\u015fveri\u015finde bulunuldu.<\/p>\n","protected":false},"excerpt":{"rendered":"<p>\u00dcniversite ve \u0130l M\u00fcd\u00fcrl\u00fc\u011f\u00fc \u0130\u015f Birli\u011fi Geli\u015ftiriliyor Trakya \u00dcniversitesi Genel Sekreteri H\u00fcseyin T\u00fcrkel, Edirne \u00c7evre,<\/p>\n","protected":false},"author":1,"featured_media":5269,"comment_status":"open","ping_status":"open","sticky":false,"template":"","format":"standard","meta":{"_rtcl_gb_attr":"","footnotes":""},"categories":[74],"tags":[],"class_list":["post-5268","post","type-post","status-publish","format-standard","has-post-thumbnail","hentry","category-yerel-haberler"],"_links":{"self":[{"href":"https:\/\/turkiyemhaber.com\/index.php?rest_route=\/wp\/v2\/posts\/5268","targetHints":{"allow":["GET"]}}],"collection":[{"href":"https:\/\/turkiyemhaber.com\/index.php?rest_route=\/wp\/v2\/posts"}],"about":[{"href":"https:\/\/turkiyemhaber.com\/index.php?rest_route=\/wp\/v2\/types\/post"}],"author":[{"embeddable":true,"href":"https:\/\/turkiyemhaber.com\/index.php?rest_route=\/wp\/v2\/users\/1"}],"replies":[{"embeddable":true,"href":"https:\/\/turkiyemhaber.com\/index.php?rest_route=%2Fwp%2Fv2%2Fcomments&post=5268"}],"version-history":[{"count":1,"href":"https:\/\/turkiyemhaber.com\/index.php?rest_route=\/wp\/v2\/posts\/5268\/revisions"}],"predecessor-version":[{"id":5270,"href":"https:\/\/turkiyemhaber.com\/index.php?rest_route=\/wp\/v2\/posts\/5268\/revisions\/5270"}],"wp:featuredmedia":[{"embeddable":true,"href":"https:\/\/turkiyemhaber.com\/index.php?rest_route=\/wp\/v2\/media\/5269"}],"wp:attachment":[{"href":"https:\/\/turkiyemhaber.com\/index.php?rest_route=%2Fwp%2Fv2%2Fmedia&parent=5268"}],"wp:term":[{"taxonomy":"category","embeddable":true,"href":"https:\/\/turkiyemhaber.com\/index.php?rest_route=%2Fwp%2Fv2%2Fcategories&post=5268"},{"taxonomy":"post_tag","embeddable":true,"href":"https:\/\/turkiyemhaber.com\/index.php?rest_route=%2Fwp%2Fv2%2Ftags&post=5268"}],"curies":[{"name":"wp","href":"https:\/\/api.w.org\/{rel}","templated":true}]}}