{"id":5265,"date":"2026-08-22T14:09:02","date_gmt":"2026-08-22T14:09:02","guid":{"rendered":"https:\/\/turkiyemhaber.com\/?p=5265"},"modified":"2026-08-22T14:09:07","modified_gmt":"2026-08-22T14:09:07","slug":"kirklareli-barajina-sazan-yavrusu-salindi","status":"publish","type":"post","link":"https:\/\/turkiyemhaber.com\/?p=5265","title":{"rendered":"K\u0131rklareli Baraj\u0131&#8217;na Sazan Yavrusu Sal\u0131nd\u0131"},"content":{"rendered":"\n<p class=\"wp-block-paragraph\">K\u0131rklareli Baraj\u0131&#8217;na Sazan Yavrusu Sal\u0131nd\u0131<\/p>\n\n\n\n<p class=\"wp-block-paragraph\">K\u0131rklareli Baraj\u0131\u2019na 450 bin sazan yavrusu b\u0131rak\u0131larak bal\u0131k pop\u00fclasyonunun art\u0131r\u0131lmas\u0131 hedeflendi.<\/p>\n\n\n\n<p class=\"wp-block-paragraph\">Tar\u0131m ve Orman Bakanl\u0131\u011f\u0131 taraf\u0131ndan i\u00e7 su kaynaklar\u0131ndaki bal\u0131k pop\u00fclasyonunun korunmas\u0131 ve art\u0131r\u0131lmas\u0131 amac\u0131yla y\u00fcr\u00fct\u00fclen \u201cSu Kaynaklar\u0131n\u0131n Bal\u0131kland\u0131r\u0131lmas\u0131 Projesi\u201d kapsam\u0131nda K\u0131rklareli Baraj\u0131 sazan yavrular\u0131yla bal\u0131kland\u0131r\u0131ld\u0131.<\/p>\n\n\n\n<p class=\"wp-block-paragraph\">K\u0131rklareli Baraj\u0131\u2019nda d\u00fczenlenen programa K\u0131rklareli Valisi U\u011fur Turan, \u0130l Tar\u0131m ve Orman M\u00fcd\u00fcr\u00fc G\u00f6khan Karaca ile DS\u0130 112. \u015eube M\u00fcd\u00fcr\u00fc Mehmet Cemil Sar\u0131 kat\u0131ld\u0131.<\/p>\n\n\n\n<p class=\"wp-block-paragraph\">Program kapsam\u0131nda baraja 450 bin yavru sazan sal\u0131nd\u0131.<\/p>\n\n\n\n<p class=\"wp-block-paragraph\">Vali Turan, su \u00fcr\u00fcnleri kaynaklar\u0131n\u0131n s\u00fcrd\u00fcr\u00fclebilirli\u011finin sa\u011flanmas\u0131n\u0131n ama\u00e7land\u0131\u011f\u0131n\u0131 belirterek, bal\u0131k pop\u00fclasyonunun art\u0131r\u0131lmas\u0131, sucul ekosistemin ve biyolojik \u00e7e\u015fitlili\u011fin korunarak gelecek nesillere aktar\u0131lmas\u0131n\u0131n hedeflendi\u011fini ifade etti.<\/p>\n","protected":false},"excerpt":{"rendered":"<p>K\u0131rklareli Baraj\u0131&#8217;na Sazan Yavrusu Sal\u0131nd\u0131 K\u0131rklareli Baraj\u0131\u2019na 450 bin sazan yavrusu b\u0131rak\u0131larak bal\u0131k pop\u00fclasyonunun art\u0131r\u0131lmas\u0131<\/p>\n","protected":false},"author":1,"featured_media":5266,"comment_status":"open","ping_status":"open","sticky":false,"template":"","format":"standard","meta":{"_rtcl_gb_attr":"","footnotes":""},"categories":[74],"tags":[],"class_list":["post-5265","post","type-post","status-publish","format-standard","has-post-thumbnail","hentry","category-yerel-haberler"],"_links":{"self":[{"href":"https:\/\/turkiyemhaber.com\/index.php?rest_route=\/wp\/v2\/posts\/5265","targetHints":{"allow":["GET"]}}],"collection":[{"href":"https:\/\/turkiyemhaber.com\/index.php?rest_route=\/wp\/v2\/posts"}],"about":[{"href":"https:\/\/turkiyemhaber.com\/index.php?rest_route=\/wp\/v2\/types\/post"}],"author":[{"embeddable":true,"href":"https:\/\/turkiyemhaber.com\/index.php?rest_route=\/wp\/v2\/users\/1"}],"replies":[{"embeddable":true,"href":"https:\/\/turkiyemhaber.com\/index.php?rest_route=%2Fwp%2Fv2%2Fcomments&post=5265"}],"version-history":[{"count":1,"href":"https:\/\/turkiyemhaber.com\/index.php?rest_route=\/wp\/v2\/posts\/5265\/revisions"}],"predecessor-version":[{"id":5267,"href":"https:\/\/turkiyemhaber.com\/index.php?rest_route=\/wp\/v2\/posts\/5265\/revisions\/5267"}],"wp:featuredmedia":[{"embeddable":true,"href":"https:\/\/turkiyemhaber.com\/index.php?rest_route=\/wp\/v2\/media\/5266"}],"wp:attachment":[{"href":"https:\/\/turkiyemhaber.com\/index.php?rest_route=%2Fwp%2Fv2%2Fmedia&parent=5265"}],"wp:term":[{"taxonomy":"category","embeddable":true,"href":"https:\/\/turkiyemhaber.com\/index.php?rest_route=%2Fwp%2Fv2%2Fcategories&post=5265"},{"taxonomy":"post_tag","embeddable":true,"href":"https:\/\/turkiyemhaber.com\/index.php?rest_route=%2Fwp%2Fv2%2Ftags&post=5265"}],"curies":[{"name":"wp","href":"https:\/\/api.w.org\/{rel}","templated":true}]}}