{"id":5262,"date":"2026-08-22T14:07:27","date_gmt":"2026-08-22T14:07:27","guid":{"rendered":"https:\/\/turkiyemhaber.com\/?p=5262"},"modified":"2026-08-22T14:07:32","modified_gmt":"2026-08-22T14:07:32","slug":"igneadada-amator-balikcilara-denetim","status":"publish","type":"post","link":"https:\/\/turkiyemhaber.com\/?p=5262","title":{"rendered":"\u0130\u011fneada&#8217;da Amat\u00f6r Bal\u0131k\u00e7\u0131lara Denetim"},"content":{"rendered":"\n<p class=\"wp-block-paragraph\">\u0130\u011fneada&#8217;da Amat\u00f6r Bal\u0131k\u00e7\u0131lara Denetim<\/p>\n\n\n\n<p class=\"wp-block-paragraph\">K\u0131rklareli\u2019nin \u0130\u011fneada beldesinde amat\u00f6r bal\u0131k\u00e7\u0131lara y\u00f6nelik denetim ve bilgilendirme \u00e7al\u0131\u015fmas\u0131 yap\u0131ld\u0131.<\/p>\n\n\n\n<p class=\"wp-block-paragraph\">K\u0131rklareli \u0130l Tar\u0131m ve Orman M\u00fcd\u00fcrl\u00fc\u011f\u00fc teknik personelleri taraf\u0131ndan ger\u00e7ekle\u015ftirilen denetimlerde, 6\/2 numaral\u0131 tebli\u011f kapsam\u0131nda amat\u00f6r bal\u0131k\u00e7\u0131lar taraf\u0131ndan avlanan su \u00fcr\u00fcnlerinin al\u0131konulabilecek boy ve miktarlar\u0131 ile kullan\u0131lan av ara\u00e7lar\u0131n\u0131n mevzuata uygunlu\u011fu kontrol edildi.<\/p>\n\n\n\n<p class=\"wp-block-paragraph\">Denetimlerin yan\u0131 s\u0131ra ekipler taraf\u0131ndan amat\u00f6r bal\u0131k\u00e7\u0131lara ilgili d\u00fczenlemeler ve kurallar hakk\u0131nda bilgilendirme yap\u0131ld\u0131.<\/p>\n","protected":false},"excerpt":{"rendered":"<p>\u0130\u011fneada&#8217;da Amat\u00f6r Bal\u0131k\u00e7\u0131lara Denetim K\u0131rklareli\u2019nin \u0130\u011fneada beldesinde amat\u00f6r bal\u0131k\u00e7\u0131lara y\u00f6nelik denetim ve bilgilendirme \u00e7al\u0131\u015fmas\u0131 yap\u0131ld\u0131.<\/p>\n","protected":false},"author":1,"featured_media":5263,"comment_status":"open","ping_status":"open","sticky":false,"template":"","format":"standard","meta":{"_rtcl_gb_attr":"","footnotes":""},"categories":[74],"tags":[],"class_list":["post-5262","post","type-post","status-publish","format-standard","has-post-thumbnail","hentry","category-yerel-haberler"],"_links":{"self":[{"href":"https:\/\/turkiyemhaber.com\/index.php?rest_route=\/wp\/v2\/posts\/5262","targetHints":{"allow":["GET"]}}],"collection":[{"href":"https:\/\/turkiyemhaber.com\/index.php?rest_route=\/wp\/v2\/posts"}],"about":[{"href":"https:\/\/turkiyemhaber.com\/index.php?rest_route=\/wp\/v2\/types\/post"}],"author":[{"embeddable":true,"href":"https:\/\/turkiyemhaber.com\/index.php?rest_route=\/wp\/v2\/users\/1"}],"replies":[{"embeddable":true,"href":"https:\/\/turkiyemhaber.com\/index.php?rest_route=%2Fwp%2Fv2%2Fcomments&post=5262"}],"version-history":[{"count":1,"href":"https:\/\/turkiyemhaber.com\/index.php?rest_route=\/wp\/v2\/posts\/5262\/revisions"}],"predecessor-version":[{"id":5264,"href":"https:\/\/turkiyemhaber.com\/index.php?rest_route=\/wp\/v2\/posts\/5262\/revisions\/5264"}],"wp:featuredmedia":[{"embeddable":true,"href":"https:\/\/turkiyemhaber.com\/index.php?rest_route=\/wp\/v2\/media\/5263"}],"wp:attachment":[{"href":"https:\/\/turkiyemhaber.com\/index.php?rest_route=%2Fwp%2Fv2%2Fmedia&parent=5262"}],"wp:term":[{"taxonomy":"category","embeddable":true,"href":"https:\/\/turkiyemhaber.com\/index.php?rest_route=%2Fwp%2Fv2%2Fcategories&post=5262"},{"taxonomy":"post_tag","embeddable":true,"href":"https:\/\/turkiyemhaber.com\/index.php?rest_route=%2Fwp%2Fv2%2Ftags&post=5262"}],"curies":[{"name":"wp","href":"https:\/\/api.w.org\/{rel}","templated":true}]}}