{"id":526,"date":"2026-05-01T14:42:44","date_gmt":"2026-05-01T14:42:44","guid":{"rendered":"https:\/\/turkiyemhaber.com\/?p=526"},"modified":"2026-05-01T14:42:51","modified_gmt":"2026-05-01T14:42:51","slug":"saglik-bakanligindan-hastaneler-satiliyor-iddialarina-net-yanit","status":"publish","type":"post","link":"https:\/\/turkiyemhaber.com\/?p=526","title":{"rendered":"Sa\u011fl\u0131k Bakanl\u0131\u011f\u0131&#8217;ndan &#8216;Hastaneler Sat\u0131l\u0131yor&#8217; \u0130ddialar\u0131na Net Yan\u0131t"},"content":{"rendered":"\n<p>Sa\u011fl\u0131k Bakanl\u0131\u011f\u0131, Resmi Gazete&#8217;de yay\u0131mlanan ta\u015f\u0131nmaz listesiyle ilgili ortaya at\u0131lan &#8220;Hastaneler sat\u0131l\u0131yor&#8221; iddialar\u0131n\u0131n ger\u00e7e\u011fi yans\u0131tmad\u0131\u011f\u0131n\u0131 a\u00e7\u0131klad\u0131. Bakanl\u0131k, aktif hizmet veren hi\u00e7bir kamu hastanesinin sat\u0131\u015f\u0131n\u0131n s\u00f6z konusu olmad\u0131\u011f\u0131n\u0131 vurgulad\u0131.<\/p>\n\n\n\n<p>Sa\u011fl\u0131k Yat\u0131r\u0131mlar\u0131 Genel M\u00fcd\u00fcrl\u00fc\u011f\u00fc, son g\u00fcnlerde kamuoyunda g\u00fcndeme gelen &#8220;Hastaneler sat\u0131l\u0131yor&#8221; iddialar\u0131na ili\u015fkin yaz\u0131l\u0131 bir a\u00e7\u0131klama yapt\u0131.<\/p>\n\n\n\n<p>A\u00e7\u0131klamada, baz\u0131 medya organlar\u0131 ve sosyal medya platformlar\u0131nda Resmi Gazete&#8217;de yay\u0131mlanan ta\u015f\u0131nmaz listesine ili\u015fkin yer alan haberlerin ger\u00e7e\u011fi yans\u0131tmad\u0131\u011f\u0131 belirtildi.<\/p>\n\n\n\n<p><strong>Aktif hastaneler sat\u0131\u015f kapsam\u0131nda de\u011fil<\/strong><\/p>\n\n\n\n<p>Bakanl\u0131k, s\u00f6z konusu karar\u0131n fiilen kullan\u0131lmayan veya i\u015flevini yitirmi\u015f ta\u015f\u0131nmazlar\u0131n yeniden de\u011ferlendirilmesine y\u00f6nelik oldu\u011funu ifade etti.<\/p>\n\n\n\n<p>Listede yer alan ve halen sa\u011fl\u0131k hizmeti sunan kurumlara ait ta\u015f\u0131nmazlar\u0131n korunaca\u011f\u0131 vurgulanan a\u00e7\u0131klamada, yaln\u0131zca at\u0131l durumdaki b\u00f6l\u00fcmlerin ifraz edilerek de\u011ferlendirilece\u011fi kaydedildi.<\/p>\n\n\n\n<p><strong>Nihai planlama s\u00fcreci devam ediyor<\/strong><\/p>\n\n\n\n<p>A\u00e7\u0131klamada, planlama s\u00fcrecinin devam etti\u011fi belirtilerek, baz\u0131 ta\u015f\u0131nmazlar\u0131n k\u0131smen kullan\u0131lmaya devam edilebilece\u011fi, baz\u0131lar\u0131n\u0131n ise kapsam d\u0131\u015f\u0131nda tutulabilece\u011fi ifade edildi.<\/p>\n\n\n\n<p>Sa\u011fl\u0131k hizmeti sunan hi\u00e7bir kamu hastanesinin sat\u0131lmas\u0131n\u0131n g\u00fcndemde olmad\u0131\u011f\u0131 \u00f6zellikle vurguland\u0131.<\/p>\n\n\n\n<p><strong>&#8220;Vatanda\u015flar\u0131m\u0131z resmi a\u00e7\u0131klamalara itibar etmeli&#8221;<\/strong><\/p>\n\n\n\n<p>Son 23 y\u0131lda sa\u011fl\u0131k altyap\u0131s\u0131na yap\u0131lan yat\u0131r\u0131mlara dikkat \u00e7ekilen a\u00e7\u0131klamada, 27 \u015fehir hastanesi, 21 e\u011fitim ve ara\u015ft\u0131rma hastanesi, 760 devlet hastanesi, 449 ek bina ve 128 a\u011f\u0131z ve di\u015f sa\u011fl\u0131\u011f\u0131 merkezinin hizmete a\u00e7\u0131ld\u0131\u011f\u0131 hat\u0131rlat\u0131ld\u0131.<\/p>\n\n\n\n<p>Toplam 151 bin nitelikli yatak kapasitesine ula\u015f\u0131ld\u0131\u011f\u0131 belirtilen a\u00e7\u0131klamada, vatanda\u015flar\u0131n yaln\u0131zca resmi kaynaklardan yap\u0131lan a\u00e7\u0131klamalar\u0131 dikkate almalar\u0131 istendi.<\/p>\n","protected":false},"excerpt":{"rendered":"<p>Sa\u011fl\u0131k Bakanl\u0131\u011f\u0131, Resmi Gazete&#8217;de yay\u0131mlanan ta\u015f\u0131nmaz listesiyle ilgili ortaya at\u0131lan &#8220;Hastaneler sat\u0131l\u0131yor&#8221; iddialar\u0131n\u0131n ger\u00e7e\u011fi yans\u0131tmad\u0131\u011f\u0131n\u0131 a\u00e7\u0131klad\u0131. Bakanl\u0131k, aktif hizmet veren hi\u00e7bir kamu hastanesinin sat\u0131\u015f\u0131n\u0131n s\u00f6z konusu olmad\u0131\u011f\u0131n\u0131 vurgulad\u0131. Sa\u011fl\u0131k Yat\u0131r\u0131mlar\u0131 Genel M\u00fcd\u00fcrl\u00fc\u011f\u00fc, son g\u00fcnlerde kamuoyunda g\u00fcndeme gelen &#8220;Hastaneler sat\u0131l\u0131yor&#8221; iddialar\u0131na ili\u015fkin yaz\u0131l\u0131 bir a\u00e7\u0131klama yapt\u0131. A\u00e7\u0131klamada, baz\u0131 medya organlar\u0131 ve sosyal medya platformlar\u0131nda Resmi Gazete&#8217;de<\/p>\n","protected":false},"author":1,"featured_media":527,"comment_status":"open","ping_status":"open","sticky":false,"template":"","format":"standard","meta":{"_rtcl_gb_attr":"","footnotes":""},"categories":[1],"tags":[],"class_list":["post-526","post","type-post","status-publish","format-standard","has-post-thumbnail","hentry","category-http-turkiyemhaber-com-wp-content-uploads-2026-03-saray-59-haber-13-mart-pdf"],"_links":{"self":[{"href":"https:\/\/turkiyemhaber.com\/index.php?rest_route=\/wp\/v2\/posts\/526","targetHints":{"allow":["GET"]}}],"collection":[{"href":"https:\/\/turkiyemhaber.com\/index.php?rest_route=\/wp\/v2\/posts"}],"about":[{"href":"https:\/\/turkiyemhaber.com\/index.php?rest_route=\/wp\/v2\/types\/post"}],"author":[{"embeddable":true,"href":"https:\/\/turkiyemhaber.com\/index.php?rest_route=\/wp\/v2\/users\/1"}],"replies":[{"embeddable":true,"href":"https:\/\/turkiyemhaber.com\/index.php?rest_route=%2Fwp%2Fv2%2Fcomments&post=526"}],"version-history":[{"count":1,"href":"https:\/\/turkiyemhaber.com\/index.php?rest_route=\/wp\/v2\/posts\/526\/revisions"}],"predecessor-version":[{"id":528,"href":"https:\/\/turkiyemhaber.com\/index.php?rest_route=\/wp\/v2\/posts\/526\/revisions\/528"}],"wp:featuredmedia":[{"embeddable":true,"href":"https:\/\/turkiyemhaber.com\/index.php?rest_route=\/wp\/v2\/media\/527"}],"wp:attachment":[{"href":"https:\/\/turkiyemhaber.com\/index.php?rest_route=%2Fwp%2Fv2%2Fmedia&parent=526"}],"wp:term":[{"taxonomy":"category","embeddable":true,"href":"https:\/\/turkiyemhaber.com\/index.php?rest_route=%2Fwp%2Fv2%2Fcategories&post=526"},{"taxonomy":"post_tag","embeddable":true,"href":"https:\/\/turkiyemhaber.com\/index.php?rest_route=%2Fwp%2Fv2%2Ftags&post=526"}],"curies":[{"name":"wp","href":"https:\/\/api.w.org\/{rel}","templated":true}]}}