{"id":5259,"date":"2026-08-22T14:06:21","date_gmt":"2026-08-22T14:06:21","guid":{"rendered":"https:\/\/turkiyemhaber.com\/?p=5259"},"modified":"2026-08-22T14:06:25","modified_gmt":"2026-08-22T14:06:25","slug":"kirklarelinde-genclik-soleni-yapildi","status":"publish","type":"post","link":"https:\/\/turkiyemhaber.com\/?p=5259","title":{"rendered":"K\u0131rklareli&#8217;nde Gen\u00e7lik \u015e\u00f6leni Yap\u0131ld\u0131"},"content":{"rendered":"\n<p class=\"wp-block-paragraph\">K\u0131rklareli&#8217;nde Gen\u00e7lik \u015e\u00f6leni Yap\u0131ld\u0131<\/p>\n\n\n\n<p class=\"wp-block-paragraph\">K\u0131rklareli\u2019nde gen\u00e7ler, spor g\u00f6sterileri ve \u00e7e\u015fitli etkinliklerle keyifli bir g\u00fcn ge\u00e7irdi.<\/p>\n\n\n\n<p class=\"wp-block-paragraph\">K\u0131rklareli Gen\u00e7lik ve Spor \u0130l M\u00fcd\u00fcrl\u00fc\u011f\u00fc taraf\u0131ndan gen\u00e7lik \u015f\u00f6leni d\u00fczenlendi. Millet Bah\u00e7esi\u2019nde ger\u00e7ekle\u015ftirilen etkinlikte basketbol, karate ve tekvando gibi farkl\u0131 spor bran\u015flar\u0131nda e\u011fitim g\u00f6ren \u00f6\u011frenciler g\u00f6sterilerini sergiledi.<\/p>\n\n\n\n<p class=\"wp-block-paragraph\">\u015e\u00f6len kapsam\u0131nda alana kurulan stantlarda Gen\u00e7lik Merkezi b\u00fcnyesinde ger\u00e7ekle\u015ftirilen faaliyetler, projeler ve at\u00f6lye \u00e7al\u0131\u015fmalar\u0131 kat\u0131l\u0131mc\u0131lara tan\u0131t\u0131ld\u0131.<\/p>\n\n\n\n<p class=\"wp-block-paragraph\">Gen\u00e7lerin sporla bulu\u015fmas\u0131n\u0131, yeteneklerini sergilemesini ve gen\u00e7lik hizmetleri hakk\u0131nda bilgi edinmesini ama\u00e7layan etkinlik, g\u00f6sterilerin ard\u0131ndan sona erdi.<\/p>\n","protected":false},"excerpt":{"rendered":"<p>K\u0131rklareli&#8217;nde Gen\u00e7lik \u015e\u00f6leni Yap\u0131ld\u0131 K\u0131rklareli\u2019nde gen\u00e7ler, spor g\u00f6sterileri ve \u00e7e\u015fitli etkinliklerle keyifli bir g\u00fcn ge\u00e7irdi.<\/p>\n","protected":false},"author":1,"featured_media":5260,"comment_status":"open","ping_status":"open","sticky":false,"template":"","format":"standard","meta":{"_rtcl_gb_attr":"","footnotes":""},"categories":[74],"tags":[],"class_list":["post-5259","post","type-post","status-publish","format-standard","has-post-thumbnail","hentry","category-yerel-haberler"],"_links":{"self":[{"href":"https:\/\/turkiyemhaber.com\/index.php?rest_route=\/wp\/v2\/posts\/5259","targetHints":{"allow":["GET"]}}],"collection":[{"href":"https:\/\/turkiyemhaber.com\/index.php?rest_route=\/wp\/v2\/posts"}],"about":[{"href":"https:\/\/turkiyemhaber.com\/index.php?rest_route=\/wp\/v2\/types\/post"}],"author":[{"embeddable":true,"href":"https:\/\/turkiyemhaber.com\/index.php?rest_route=\/wp\/v2\/users\/1"}],"replies":[{"embeddable":true,"href":"https:\/\/turkiyemhaber.com\/index.php?rest_route=%2Fwp%2Fv2%2Fcomments&post=5259"}],"version-history":[{"count":1,"href":"https:\/\/turkiyemhaber.com\/index.php?rest_route=\/wp\/v2\/posts\/5259\/revisions"}],"predecessor-version":[{"id":5261,"href":"https:\/\/turkiyemhaber.com\/index.php?rest_route=\/wp\/v2\/posts\/5259\/revisions\/5261"}],"wp:featuredmedia":[{"embeddable":true,"href":"https:\/\/turkiyemhaber.com\/index.php?rest_route=\/wp\/v2\/media\/5260"}],"wp:attachment":[{"href":"https:\/\/turkiyemhaber.com\/index.php?rest_route=%2Fwp%2Fv2%2Fmedia&parent=5259"}],"wp:term":[{"taxonomy":"category","embeddable":true,"href":"https:\/\/turkiyemhaber.com\/index.php?rest_route=%2Fwp%2Fv2%2Fcategories&post=5259"},{"taxonomy":"post_tag","embeddable":true,"href":"https:\/\/turkiyemhaber.com\/index.php?rest_route=%2Fwp%2Fv2%2Ftags&post=5259"}],"curies":[{"name":"wp","href":"https:\/\/api.w.org\/{rel}","templated":true}]}}