{"id":5255,"date":"2026-08-22T14:03:48","date_gmt":"2026-08-22T14:03:48","guid":{"rendered":"https:\/\/turkiyemhaber.com\/?p=5255"},"modified":"2026-08-22T14:03:53","modified_gmt":"2026-08-22T14:03:53","slug":"gelecek-partisi-resmen-feshedildi","status":"publish","type":"post","link":"https:\/\/turkiyemhaber.com\/?p=5255","title":{"rendered":"Gelecek Partisi resmen feshedildi"},"content":{"rendered":"\n<p class=\"wp-block-paragraph\">Gelecek Partisi resmen feshedildi<\/p>\n\n\n\n<p class=\"wp-block-paragraph\">\u201c\u0130lk se\u00e7imde iktidar olaca\u011f\u0131z\u201d iddias\u0131yla siyaset sahnesine \u00e7\u0131kan Ahmet Davuto\u011flu liderli\u011findeki Gelecek Partisi, ger\u00e7ekle\u015ftirilen oylaman\u0131n ard\u0131ndan resmen feshedildi.<\/p>\n\n\n\n<p class=\"wp-block-paragraph\">12 Aral\u0131k 2019 tarihinde siyasi hayat\u0131na ba\u015flayan Gelecek Partisi, Genel Merkez binas\u0131nda d\u00fczenlenen kongreyle siyasi faaliyetlerine son verdi. 180 delegenin kat\u0131ld\u0131\u011f\u0131 oylamada 164 delege fesih y\u00f6n\u00fcnde oy kullan\u0131rken, 16 delege partinin devam etmesi y\u00f6n\u00fcnde oy verdi. Oy say\u0131m\u0131n\u0131n ard\u0131ndan Gelecek Partisi\u2019nin hukuki varl\u0131\u011f\u0131 resmen sona erdi.<\/p>\n\n\n\n<figure class=\"wp-block-image size-full\"><img loading=\"lazy\" decoding=\"async\" width=\"640\" height=\"467\" src=\"https:\/\/turkiyemhaber.com\/wp-content\/uploads\/2026\/08\/gelecek-partisi-resmen-feshedi-20167438-3078_1_m.webp\" alt=\"\" class=\"wp-image-5257\" srcset=\"https:\/\/turkiyemhaber.com\/wp-content\/uploads\/2026\/08\/gelecek-partisi-resmen-feshedi-20167438-3078_1_m.webp 640w, https:\/\/turkiyemhaber.com\/wp-content\/uploads\/2026\/08\/gelecek-partisi-resmen-feshedi-20167438-3078_1_m-16x12.webp 16w, https:\/\/turkiyemhaber.com\/wp-content\/uploads\/2026\/08\/gelecek-partisi-resmen-feshedi-20167438-3078_1_m-300x219.webp 300w\" sizes=\"auto, (max-width: 640px) 100vw, 640px\" \/><\/figure>\n\n\n\n<p class=\"wp-block-paragraph\">\u201cBU B\u0130R VAZGE\u00c7\u0130\u015e DE\u011e\u0130L, AHLAK\u0130 B\u0130R \u0130RADED\u0130R\u201d<\/p>\n\n\n\n<p class=\"wp-block-paragraph\">Kongrenin ard\u0131ndan parti y\u00f6netimi taraf\u0131ndan yap\u0131lan son resmi a\u00e7\u0131klamada, 29 Temmuz 2026 tarihinde kamuoyuna duyurulan \u201cYar\u0131nlar\u0131n T\u00fcrkiye\u2019si \u0130\u00e7in\u201d ba\u015fl\u0131kl\u0131 manifesto hat\u0131rlat\u0131ld\u0131. A\u00e7\u0131klamada, kirlenmi\u015f siyasi iklimin bir par\u00e7as\u0131 olmamak ad\u0131na parti siyasetinden \u00e7ekilme karar\u0131 al\u0131nd\u0131\u011f\u0131 belirtilerek \u015fu ifadelere yer verildi:<\/p>\n\n\n\n<p class=\"wp-block-paragraph\">\u201cBizler, Gelecek Partisini nas\u0131l samimiyetle, vakarla ve b\u00fcy\u00fck bir heyecanla kurduysak; bug\u00fcn de ayn\u0131 samimiyet, vakar, ortak ak\u0131l, ortak irade ve izzetle kapat\u0131yoruz. Bug\u00fcn ald\u0131\u011f\u0131m\u0131z karar bir vazge\u00e7i\u015f de\u011fil; inand\u0131\u011f\u0131m\u0131z de\u011ferleri ve siyasetin ahlaki zeminini koruma iradesidir! Ba\u015fta Genel Ba\u015fkan\u0131m\u0131z Say\u0131n Ahmet Davuto\u011flu olmak \u00fczere, kurulu\u015fumuzdan bug\u00fcne kadar davam\u0131za omuz veren b\u00fct\u00fcn yol arkada\u015flar\u0131m\u0131za ve vatanda\u015flar\u0131m\u0131za \u015f\u00fckranlar\u0131m\u0131z\u0131 sunuyoruz.\u201d<\/p>\n\n\n\n<p class=\"wp-block-paragraph\">BUNDAN SONRA NE YAPACAK?<\/p>\n\n\n\n<p class=\"wp-block-paragraph\">T\u00fcrk siyasetinde yakla\u015f\u0131k 7 y\u0131l boyunca aktif rol alan Gelecek Partisi\u2019nin feshedilmesinin ard\u0131ndan, Genel Ba\u015fkan Ahmet Davuto\u011flu ve parti kurmaylar\u0131n\u0131n bundan sonraki s\u00fcre\u00e7te nas\u0131l bir yol izleyece\u011fi merak konusu oldu.<\/p>\n\n\n\n<p class=\"wp-block-paragraph\">\u201c\u0130KT\u0130DARA GELECE\u011e\u0130Z\u201d DEM\u0130\u015eT\u0130<\/p>\n\n\n\n<p class=\"wp-block-paragraph\">Davuto\u011flu, daha \u00f6nce yapt\u0131\u011f\u0131 bir a\u00e7\u0131klamada, \u201cT\u00fcrkiye&#8217;deki siyasi tablo de\u011fi\u015fecek ve biz iktidara gelece\u011fiz. T\u00fcrkiye&#8217;nin bundan sonra g\u00f6rece\u011fi tek m\u00fcjde var. Bu iktidar gider ve temiz siyaseti savunan Gelecek Partisi kadrolar\u0131 gelir. G\u00fcney&#8217;den ba\u015flayarak girdi\u011fimiz ilk se\u00e7imde bu m\u00fcjdeyi ya\u015fataca\u011f\u0131z. Bizden \u00e7ekiniyorlar, \u00e7ekinecekler\u201d ifadelerini kullanm\u0131\u015ft\u0131.<\/p>\n","protected":false},"excerpt":{"rendered":"<p>Gelecek Partisi resmen feshedildi \u201c\u0130lk se\u00e7imde iktidar olaca\u011f\u0131z\u201d iddias\u0131yla siyaset sahnesine \u00e7\u0131kan Ahmet Davuto\u011flu liderli\u011findeki<\/p>\n","protected":false},"author":1,"featured_media":5256,"comment_status":"open","ping_status":"open","sticky":false,"template":"","format":"standard","meta":{"_rtcl_gb_attr":"","footnotes":""},"categories":[44],"tags":[],"class_list":["post-5255","post","type-post","status-publish","format-standard","has-post-thumbnail","hentry","category-politika"],"_links":{"self":[{"href":"https:\/\/turkiyemhaber.com\/index.php?rest_route=\/wp\/v2\/posts\/5255","targetHints":{"allow":["GET"]}}],"collection":[{"href":"https:\/\/turkiyemhaber.com\/index.php?rest_route=\/wp\/v2\/posts"}],"about":[{"href":"https:\/\/turkiyemhaber.com\/index.php?rest_route=\/wp\/v2\/types\/post"}],"author":[{"embeddable":true,"href":"https:\/\/turkiyemhaber.com\/index.php?rest_route=\/wp\/v2\/users\/1"}],"replies":[{"embeddable":true,"href":"https:\/\/turkiyemhaber.com\/index.php?rest_route=%2Fwp%2Fv2%2Fcomments&post=5255"}],"version-history":[{"count":1,"href":"https:\/\/turkiyemhaber.com\/index.php?rest_route=\/wp\/v2\/posts\/5255\/revisions"}],"predecessor-version":[{"id":5258,"href":"https:\/\/turkiyemhaber.com\/index.php?rest_route=\/wp\/v2\/posts\/5255\/revisions\/5258"}],"wp:featuredmedia":[{"embeddable":true,"href":"https:\/\/turkiyemhaber.com\/index.php?rest_route=\/wp\/v2\/media\/5256"}],"wp:attachment":[{"href":"https:\/\/turkiyemhaber.com\/index.php?rest_route=%2Fwp%2Fv2%2Fmedia&parent=5255"}],"wp:term":[{"taxonomy":"category","embeddable":true,"href":"https:\/\/turkiyemhaber.com\/index.php?rest_route=%2Fwp%2Fv2%2Fcategories&post=5255"},{"taxonomy":"post_tag","embeddable":true,"href":"https:\/\/turkiyemhaber.com\/index.php?rest_route=%2Fwp%2Fv2%2Ftags&post=5255"}],"curies":[{"name":"wp","href":"https:\/\/api.w.org\/{rel}","templated":true}]}}