{"id":5251,"date":"2026-08-22T13:57:15","date_gmt":"2026-08-22T13:57:15","guid":{"rendered":"https:\/\/turkiyemhaber.com\/?p=5251"},"modified":"2026-08-22T13:57:20","modified_gmt":"2026-08-22T13:57:20","slug":"giresunda-helikopter-dustu-iddiasi-valilikten-aciklama","status":"publish","type":"post","link":"https:\/\/turkiyemhaber.com\/?p=5251","title":{"rendered":"Giresun\u2019da helikopter d\u00fc\u015ft\u00fc iddias\u0131! Valilikten a\u00e7\u0131klama"},"content":{"rendered":"\n<p class=\"wp-block-paragraph\">Giresun\u2019da helikopter d\u00fc\u015ft\u00fc iddias\u0131! Valilikten a\u00e7\u0131klama<\/p>\n\n\n\n<p class=\"wp-block-paragraph\">Giresun\u2019un Piraziz il\u00e7esinde, b\u00f6lgede tarama \u00e7al\u0131\u015fmas\u0131 yapan elektrik da\u011f\u0131t\u0131m \u015firketine ait helikopterin d\u00fc\u015ft\u00fc\u011f\u00fc y\u00f6n\u00fcnde ihbar yap\u0131ld\u0131. \u0130hbar\u0131n ard\u0131ndan b\u00f6lgeye ekipler sevk edilirken, ilk \u00e7al\u0131\u015fmalarda herhangi bir buluntuya veya ize rastlan\u0131lmad\u0131.<\/p>\n\n\n\n<figure class=\"wp-block-image size-full\"><img loading=\"lazy\" decoding=\"async\" width=\"640\" height=\"362\" src=\"https:\/\/turkiyemhaber.com\/wp-content\/uploads\/2026\/08\/giresunda-helikopter-dustu-idd-20167129-2028_1_m.webp\" alt=\"\" class=\"wp-image-5252\" srcset=\"https:\/\/turkiyemhaber.com\/wp-content\/uploads\/2026\/08\/giresunda-helikopter-dustu-idd-20167129-2028_1_m.webp 640w, https:\/\/turkiyemhaber.com\/wp-content\/uploads\/2026\/08\/giresunda-helikopter-dustu-idd-20167129-2028_1_m-300x170.webp 300w, https:\/\/turkiyemhaber.com\/wp-content\/uploads\/2026\/08\/giresunda-helikopter-dustu-idd-20167129-2028_1_m-18x10.webp 18w\" sizes=\"auto, (max-width: 640px) 100vw, 640px\" \/><\/figure>\n\n\n\n<p class=\"wp-block-paragraph\">Giresun Valili\u011fi\u2019nden yap\u0131lan a\u00e7\u0131klamada, bug\u00fcn saat 13.00 s\u0131ralar\u0131nda Piraziz il\u00e7esine ba\u011fl\u0131 Dereg\u00f6z\u00fc k\u00f6y\u00fc civar\u0131nda hava arac\u0131 oldu\u011fu de\u011ferlendirilen bir arac\u0131n d\u00fc\u015ft\u00fc\u011f\u00fc y\u00f6n\u00fcnde ihbar al\u0131nd\u0131\u011f\u0131 belirtildi.<\/p>\n\n\n\n<p class=\"wp-block-paragraph\">HERHANG\u0130 B\u0130R \u0130ZE RASTLANMADI<\/p>\n\n\n\n<figure class=\"wp-block-image size-full\"><img loading=\"lazy\" decoding=\"async\" width=\"640\" height=\"851\" src=\"https:\/\/turkiyemhaber.com\/wp-content\/uploads\/2026\/08\/giresunda-helikopter-dustu-idd-20167129-6937_1_m.webp\" alt=\"\" class=\"wp-image-5253\" srcset=\"https:\/\/turkiyemhaber.com\/wp-content\/uploads\/2026\/08\/giresunda-helikopter-dustu-idd-20167129-6937_1_m.webp 640w, https:\/\/turkiyemhaber.com\/wp-content\/uploads\/2026\/08\/giresunda-helikopter-dustu-idd-20167129-6937_1_m-226x300.webp 226w, https:\/\/turkiyemhaber.com\/wp-content\/uploads\/2026\/08\/giresunda-helikopter-dustu-idd-20167129-6937_1_m-9x12.webp 9w\" sizes=\"auto, (max-width: 640px) 100vw, 640px\" \/><\/figure>\n\n\n\n<p class=\"wp-block-paragraph\">Valilik a\u00e7\u0131klamas\u0131nda, \u201c\u0130hbar\u0131n al\u0131nmas\u0131n\u0131n ard\u0131ndan olay\u0131n teyit edilmesi ve gerekli kontrollerin sa\u011flanmas\u0131 amac\u0131yla b\u00f6lgeye ekipler sevk edilmi\u015ftir. Olay sa\u011fl\u0131k, jandarma, emniyet, AFAD ve itfaiye ekiplerimiz taraf\u0131ndan takip edilmektedir. \u015eu ana kadar yap\u0131lan \u00e7al\u0131\u015fmalarda herhangi bir buluntu veya ize rastlan\u0131lmam\u0131\u015ft\u0131r. \u0130hbar\u0131n teyidine y\u00f6nelik arama-tarama \u00e7al\u0131\u015fmalar\u0131 devam etmekte olup, geli\u015fmeler kamuoyuyla payla\u015f\u0131lacakt\u0131r\u201d ifadelerine yer verildi.<\/p>\n","protected":false},"excerpt":{"rendered":"<p>Giresun\u2019da helikopter d\u00fc\u015ft\u00fc iddias\u0131! Valilikten a\u00e7\u0131klama Giresun\u2019un Piraziz il\u00e7esinde, b\u00f6lgede tarama \u00e7al\u0131\u015fmas\u0131 yapan elektrik da\u011f\u0131t\u0131m<\/p>\n","protected":false},"author":1,"featured_media":5202,"comment_status":"open","ping_status":"open","sticky":false,"template":"","format":"standard","meta":{"_rtcl_gb_attr":"","footnotes":""},"categories":[43],"tags":[],"class_list":["post-5251","post","type-post","status-publish","format-standard","has-post-thumbnail","hentry","category-son-dakika"],"_links":{"self":[{"href":"https:\/\/turkiyemhaber.com\/index.php?rest_route=\/wp\/v2\/posts\/5251","targetHints":{"allow":["GET"]}}],"collection":[{"href":"https:\/\/turkiyemhaber.com\/index.php?rest_route=\/wp\/v2\/posts"}],"about":[{"href":"https:\/\/turkiyemhaber.com\/index.php?rest_route=\/wp\/v2\/types\/post"}],"author":[{"embeddable":true,"href":"https:\/\/turkiyemhaber.com\/index.php?rest_route=\/wp\/v2\/users\/1"}],"replies":[{"embeddable":true,"href":"https:\/\/turkiyemhaber.com\/index.php?rest_route=%2Fwp%2Fv2%2Fcomments&post=5251"}],"version-history":[{"count":1,"href":"https:\/\/turkiyemhaber.com\/index.php?rest_route=\/wp\/v2\/posts\/5251\/revisions"}],"predecessor-version":[{"id":5254,"href":"https:\/\/turkiyemhaber.com\/index.php?rest_route=\/wp\/v2\/posts\/5251\/revisions\/5254"}],"wp:featuredmedia":[{"embeddable":true,"href":"https:\/\/turkiyemhaber.com\/index.php?rest_route=\/wp\/v2\/media\/5202"}],"wp:attachment":[{"href":"https:\/\/turkiyemhaber.com\/index.php?rest_route=%2Fwp%2Fv2%2Fmedia&parent=5251"}],"wp:term":[{"taxonomy":"category","embeddable":true,"href":"https:\/\/turkiyemhaber.com\/index.php?rest_route=%2Fwp%2Fv2%2Fcategories&post=5251"},{"taxonomy":"post_tag","embeddable":true,"href":"https:\/\/turkiyemhaber.com\/index.php?rest_route=%2Fwp%2Fv2%2Ftags&post=5251"}],"curies":[{"name":"wp","href":"https:\/\/api.w.org\/{rel}","templated":true}]}}