{"id":5248,"date":"2026-08-22T12:30:10","date_gmt":"2026-08-22T12:30:10","guid":{"rendered":"https:\/\/turkiyemhaber.com\/?p=5248"},"modified":"2026-08-22T14:43:01","modified_gmt":"2026-08-22T14:43:01","slug":"suleymancilara-yonelik-ikinci-dalga-operasyon-12-supheli-gozaltinda","status":"publish","type":"post","link":"https:\/\/turkiyemhaber.com\/?p=5248","title":{"rendered":"S\u00fcleymanc\u0131lar&#8217;a Y\u00f6nelik \u0130kinci Dalga Operasyon: 12 \u015e\u00fcpheli G\u00f6zalt\u0131nda"},"content":{"rendered":"\n<p class=\"wp-block-paragraph\">Ankara Cumhuriyet Ba\u015fsavc\u0131l\u0131\u011f\u0131nca y\u00fcr\u00fct\u00fclen &#8220;Alihan Kuri\u015f Su\u00e7 \u00d6rg\u00fct\u00fc&#8221; soru\u015fturmas\u0131 kapsam\u0131nda \u0130stanbul, Konya, Mersin ve Mu\u011fla&#8217;da ikinci dalga operasyon d\u00fczenlendi. 13 \u015f\u00fcpheliden 12&#8217;si g\u00f6zalt\u0131na al\u0131nd\u0131.<\/p>\n\n\n\n<h3 class=\"wp-block-heading\">4 \u0130LDE E\u015e ZAMANLI BASKINLAR YAPILDI<\/h3>\n\n\n\n<p class=\"wp-block-paragraph\">Ankara Cumhuriyet Ba\u015fsavc\u0131l\u0131\u011f\u0131&#8217;n\u0131n talimat\u0131yla emniyet g\u00fc\u00e7leri, \u0130stanbul, Konya, Mersin ve Mu\u011fla&#8217;da belirlenen adreslere e\u015f zamanl\u0131 operasyon d\u00fczenledi.<\/p>\n\n\n\n<p class=\"wp-block-paragraph\">Operasyon kapsam\u0131nda hakk\u0131nda i\u015flem ba\u015flat\u0131lan 13 \u015f\u00fcpheliden 12&#8217;si yakalanarak g\u00f6zalt\u0131na al\u0131nd\u0131. 1 \u015f\u00fcphelinin yakalanmas\u0131na y\u00f6nelik \u00e7al\u0131\u015fmalar\u0131n s\u00fcrd\u00fc\u011f\u00fc bildirildi.<\/p>\n\n\n\n<h3 class=\"wp-block-heading\">BA\u015eSAVCILIKTAN A\u00c7IKLAMA: 1 F\u0130RAR\u0130 ARANIYOR<\/h3>\n\n\n\n<p class=\"wp-block-paragraph\">Ankara Cumhuriyet Ba\u015fsavc\u0131l\u0131\u011f\u0131 taraf\u0131ndan yap\u0131lan a\u00e7\u0131klamada, 13 A\u011fustos 2026 tarihinde ger\u00e7ekle\u015ftirilen birinci dalga operasyonun ard\u0131ndan soru\u015fturman\u0131n derinle\u015ftirilmesiyle yeni delil ve tespitlere ula\u015f\u0131ld\u0131\u011f\u0131 belirtildi.<\/p>\n\n\n\n<p class=\"wp-block-paragraph\">A\u00e7\u0131klamada, \u0130stanbul, Konya, Mersin ve Mu\u011fla&#8217;da y\u00fcr\u00fct\u00fclen \u00e7al\u0131\u015fmalar kapsam\u0131nda 13 \u015f\u00fcpheli hakk\u0131nda i\u015flem yap\u0131ld\u0131\u011f\u0131, 12 \u015f\u00fcphelinin yakaland\u0131\u011f\u0131 ve 1 \u015f\u00fcphelinin yakalanmas\u0131na y\u00f6nelik \u00e7al\u0131\u015fmalar\u0131n devam etti\u011fi bildirildi.<\/p>\n\n\n\n<h3 class=\"wp-block-heading\">ADRESTE 200 K\u0130LOGRAM ALTIN ELE GE\u00c7\u0130R\u0130LM\u0130\u015eT\u0130<\/h3>\n\n\n\n<p class=\"wp-block-paragraph\">Soru\u015fturma kapsam\u0131nda daha \u00f6nce bir adreste 200 kilogram alt\u0131n ele ge\u00e7irilmi\u015fti.<\/p>\n\n\n\n<h3 class=\"wp-block-heading\">KULLANDI\u011eI HATTIN SAH\u0130B\u0130 ENGELL\u0130<\/h3>\n\n\n\n<p class=\"wp-block-paragraph\">Soru\u015fturma kapsam\u0131nda Alihan Kuri\u015f&#8217;in kulland\u0131\u011f\u0131 GSM hatt\u0131n\u0131n yasal sahibinin, Mersin&#8217;de ikamet eden ve y\u00fczde 50 oran\u0131nda zihinsel engelli raporu bulunan Ali Kovan oldu\u011fu belirlendi.<\/p>\n\n\n\n<figure class=\"wp-block-image size-full\"><img loading=\"lazy\" decoding=\"async\" width=\"640\" height=\"426\" src=\"https:\/\/turkiyemhaber.com\/wp-content\/uploads\/2026\/08\/gsm-hatti-kullanmiyorum-demist-20166448-7699_1_m-1.webp\" alt=\"\" class=\"wp-image-5249\" srcset=\"https:\/\/turkiyemhaber.com\/wp-content\/uploads\/2026\/08\/gsm-hatti-kullanmiyorum-demist-20166448-7699_1_m-1.webp 640w, https:\/\/turkiyemhaber.com\/wp-content\/uploads\/2026\/08\/gsm-hatti-kullanmiyorum-demist-20166448-7699_1_m-1-18x12.webp 18w, https:\/\/turkiyemhaber.com\/wp-content\/uploads\/2026\/08\/gsm-hatti-kullanmiyorum-demist-20166448-7699_1_m-1-300x200.webp 300w\" sizes=\"auto, (max-width: 640px) 100vw, 640px\" \/><\/figure>\n\n\n\n<h3 class=\"wp-block-heading\">DAHA \u00d6NCE &#8220;GSM HATTI KULLANMIYORUM&#8221; DEM\u0130\u015eT\u0130<\/h3>\n\n\n\n<p class=\"wp-block-paragraph\">Alihan Kuri\u015f&#8217;in herhangi bir GSM hatt\u0131 kullanmad\u0131\u011f\u0131 y\u00f6n\u00fcndeki beyan\u0131n\u0131n aksine, Kovan ad\u0131na kay\u0131tl\u0131 GSM hatt\u0131n\u0131 kulland\u0131\u011f\u0131n\u0131n belirlendi\u011fi ifade edildi.<\/p>\n\n\n\n<p class=\"wp-block-paragraph\">Olayla ilgili Ankara Cumhuriyet Ba\u015fsavc\u0131l\u0131\u011f\u0131n\u0131n y\u00fcr\u00fctt\u00fc\u011f\u00fc soru\u015fturma devam ediyor.<\/p>\n","protected":false},"excerpt":{"rendered":"<p>Ankara Cumhuriyet Ba\u015fsavc\u0131l\u0131\u011f\u0131nca y\u00fcr\u00fct\u00fclen &#8220;Alihan Kuri\u015f Su\u00e7 \u00d6rg\u00fct\u00fc&#8221; soru\u015fturmas\u0131 kapsam\u0131nda \u0130stanbul, Konya, Mersin ve Mu\u011fla&#8217;da<\/p>\n","protected":false},"author":1,"featured_media":5314,"comment_status":"open","ping_status":"open","sticky":false,"template":"","format":"standard","meta":{"_rtcl_gb_attr":"","footnotes":""},"categories":[43],"tags":[],"class_list":["post-5248","post","type-post","status-publish","format-standard","has-post-thumbnail","hentry","category-son-dakika"],"_links":{"self":[{"href":"https:\/\/turkiyemhaber.com\/index.php?rest_route=\/wp\/v2\/posts\/5248","targetHints":{"allow":["GET"]}}],"collection":[{"href":"https:\/\/turkiyemhaber.com\/index.php?rest_route=\/wp\/v2\/posts"}],"about":[{"href":"https:\/\/turkiyemhaber.com\/index.php?rest_route=\/wp\/v2\/types\/post"}],"author":[{"embeddable":true,"href":"https:\/\/turkiyemhaber.com\/index.php?rest_route=\/wp\/v2\/users\/1"}],"replies":[{"embeddable":true,"href":"https:\/\/turkiyemhaber.com\/index.php?rest_route=%2Fwp%2Fv2%2Fcomments&post=5248"}],"version-history":[{"count":1,"href":"https:\/\/turkiyemhaber.com\/index.php?rest_route=\/wp\/v2\/posts\/5248\/revisions"}],"predecessor-version":[{"id":5250,"href":"https:\/\/turkiyemhaber.com\/index.php?rest_route=\/wp\/v2\/posts\/5248\/revisions\/5250"}],"wp:featuredmedia":[{"embeddable":true,"href":"https:\/\/turkiyemhaber.com\/index.php?rest_route=\/wp\/v2\/media\/5314"}],"wp:attachment":[{"href":"https:\/\/turkiyemhaber.com\/index.php?rest_route=%2Fwp%2Fv2%2Fmedia&parent=5248"}],"wp:term":[{"taxonomy":"category","embeddable":true,"href":"https:\/\/turkiyemhaber.com\/index.php?rest_route=%2Fwp%2Fv2%2Fcategories&post=5248"},{"taxonomy":"post_tag","embeddable":true,"href":"https:\/\/turkiyemhaber.com\/index.php?rest_route=%2Fwp%2Fv2%2Ftags&post=5248"}],"curies":[{"name":"wp","href":"https:\/\/api.w.org\/{rel}","templated":true}]}}