{"id":5245,"date":"2026-08-22T12:27:18","date_gmt":"2026-08-22T12:27:18","guid":{"rendered":"https:\/\/turkiyemhaber.com\/?p=5245"},"modified":"2026-08-22T12:27:24","modified_gmt":"2026-08-22T12:27:24","slug":"kemal-kilicdaroglu-yoruklerden-oy-istedi-verin-iktidari","status":"publish","type":"post","link":"https:\/\/turkiyemhaber.com\/?p=5245","title":{"rendered":"Kemal K\u0131l\u0131\u00e7daro\u011flu, Y\u00f6r\u00fcklerden Oy \u0130stedi: &#8220;Verin \u0130ktidar\u0131&#8230;&#8221;"},"content":{"rendered":"\n<p class=\"wp-block-paragraph\">CHP Genel Ba\u015fkan\u0131 Kemal K\u0131l\u0131\u00e7daro\u011flu, Mersin&#8217;de d\u00fczenlenen &#8220;2\u2019nci Karde\u015f G\u00f6\u00e7erler Y\u00f6r\u00fck Etkinli\u011fi&#8221;ne kat\u0131ld\u0131. K\u0131l\u0131\u00e7daro\u011flu&#8217;na T\u00fcrk bayra\u011f\u0131, kasket, Y\u00f6r\u00fck \u015fal\u0131, tesbih ve b\u00f6lgede yeti\u015fen demircik a\u011fac\u0131ndan \u00e7ak\u0131yla i\u015flenmi\u015f Y\u00f6r\u00fck sopas\u0131 hediye edildi.<\/p>\n\n\n\n<p class=\"wp-block-paragraph\">K\u0131l\u0131\u00e7daro\u011flu, etkinlikte yapt\u0131\u011f\u0131 konu\u015fmada Y\u00f6r\u00fck k\u00fclt\u00fcr\u00fcne ili\u015fkin de\u011ferlendirmelerde bulunarak CHP&#8217;ye oy istedi.<\/p>\n\n\n\n<h3 class=\"wp-block-heading\">&#8220;Y\u00d6R\u00dcK ALIN TER\u0130 DEMEKT\u0130R&#8221;<\/h3>\n\n\n\n<p class=\"wp-block-paragraph\">K\u0131l\u0131\u00e7daro\u011flu, konu\u015fmas\u0131na Karacao\u011flan&#8217;\u0131n bir d\u00f6rtl\u00fc\u011f\u00fcn\u00fc okuyarak ba\u015flad\u0131.<\/p>\n\n\n\n<p class=\"wp-block-paragraph\">K\u0131l\u0131\u00e7daro\u011flu, Y\u00f6r\u00fck k\u00fclt\u00fcr\u00fcn\u00fcn \u00f6zg\u00fcrl\u00fck, al\u0131n teri ve dayan\u0131\u015fma anlam\u0131na geldi\u011fini belirterek, Toroslar&#8217;da y\u00fczy\u0131llard\u0131r ya\u015fat\u0131lan Y\u00f6r\u00fckl\u00fc\u011f\u00fcn gelece\u011fe ta\u015f\u0131nmas\u0131 gereken \u00f6nemli bir de\u011fer oldu\u011funu s\u00f6yledi.<\/p>\n\n\n\n<p class=\"wp-block-paragraph\">Y\u00f6r\u00fcklerin payla\u015fma k\u00fclt\u00fcr\u00fcne dikkat \u00e7eken K\u0131l\u0131\u00e7daro\u011flu, sofrada ekme\u011fin payla\u015f\u0131lmas\u0131n\u0131n, \u00e7ad\u0131rda kom\u015fuya yer a\u00e7\u0131lmas\u0131n\u0131n ve s\u0131k\u0131nt\u0131lar\u0131n birlikte g\u00f6\u011f\u00fcslenmesinin Anadolu&#8217;daki karde\u015fli\u011fin temelini olu\u015fturdu\u011funu ifade etti.<\/p>\n\n\n\n<h3 class=\"wp-block-heading\">&#8220;CHP&#8217;YE OY \u0130ST\u0130YORUZ&#8221;<\/h3>\n\n\n\n<p class=\"wp-block-paragraph\">K\u0131l\u0131\u00e7daro\u011flu, Y\u00f6r\u00fcklerin sorunlar\u0131na ili\u015fkin de\u011ferlendirmelerde bulunarak hayvanc\u0131l\u0131kla u\u011fra\u015fan vatanda\u015flar\u0131n yem maliyetleri, yaylalar\u0131n ula\u015f\u0131m, su ve elektrik ihtiya\u00e7lar\u0131, \u00fcreticilerin pazar sorunlar\u0131 ve gen\u00e7lerin kendi memleketlerinde gelecek kurabilmeleri konular\u0131na de\u011findi.<\/p>\n\n\n\n<p class=\"wp-block-paragraph\">K\u0131l\u0131\u00e7daro\u011flu, T\u00fcrkiye&#8217;nin neresinde olursa olsun Y\u00f6r\u00fck \u00e7ad\u0131rlar\u0131na hizmet g\u00f6t\u00fcrmek istediklerini belirterek, &#8220;T\u00fcrkiye&#8217;nin neresinde olursa olsun e\u011fer bir Y\u00f6r\u00fck \u00e7ad\u0131r\u0131 varsa oraya hizmet g\u00f6t\u00fcrmeye, e\u011fitim hizmeti, elektrik hizmeti, okul hizmeti g\u00f6t\u00fcrmeye ant i\u00e7tik. Bunu yapaca\u011f\u0131z ama sizden destek istiyoruz. CHP&#8217;ye oy istiyoruz. Verin iktidar\u0131, g\u00f6receksiniz hizmet nas\u0131l olur, ahlaki de\u011ferler nas\u0131l korunur, bunlar\u0131n hepsini yapaca\u011f\u0131z.&#8221; dedi.<\/p>\n\n\n\n<h3 class=\"wp-block-heading\">&#8220;S\u0130Z\u0130N \u00c7ADIRLARINIZ HER VATANDA\u015eIN BA\u015e TACIDIR&#8221;<\/h3>\n\n\n\n<p class=\"wp-block-paragraph\">K\u0131l\u0131\u00e7daro\u011flu, siyaset anlay\u0131\u015flar\u0131n\u0131n yaln\u0131zca se\u00e7im d\u00f6nemlerinde vatanda\u015flar\u0131n kap\u0131s\u0131n\u0131 \u00e7almak olmad\u0131\u011f\u0131n\u0131 belirterek, insanlar\u0131n hayat\u0131na dokunarak sorunlar\u0131n \u00e7\u00f6z\u00fclmesi gerekti\u011fini s\u00f6yledi.<\/p>\n\n\n\n<p class=\"wp-block-paragraph\">Y\u00f6r\u00fcklerin hayvanc\u0131l\u0131k, ula\u015f\u0131m, pazar ve e\u011fitim sorunlar\u0131n\u0131n siyasetin g\u00fcndeminde olmas\u0131 gerekti\u011fini ifade eden K\u0131l\u0131\u00e7daro\u011flu, Y\u00f6r\u00fck \u00e7ad\u0131rlar\u0131n\u0131n Kurtulu\u015f Sava\u015f\u0131&#8217;n\u0131n, dayan\u0131\u015fman\u0131n ve al\u0131n terinin sembollerinden oldu\u011funu s\u00f6yledi.<\/p>\n\n\n\n<h3 class=\"wp-block-heading\">&#8220;TOROSLAR&#8217;IN SES\u0130N\u0130 ANKARA&#8217;YA DUYURACA\u011eIZ&#8221;<\/h3>\n\n\n\n<p class=\"wp-block-paragraph\">K\u0131l\u0131\u00e7daro\u011flu, Y\u00f6r\u00fck k\u00fclt\u00fcr\u00fcn\u00fcn yok olmas\u0131na izin vermeyeceklerini ve g\u00f6\u00e7erlerin sorunlar\u0131n\u0131 g\u00f6rmezden gelmeyeceklerini belirtti.<\/p>\n\n\n\n<p class=\"wp-block-paragraph\">Toroslar&#8217;\u0131n sesini Ankara&#8217;ya ve T\u00fcrkiye&#8217;nin her yerine duyuracaklar\u0131n\u0131 ifade eden K\u0131l\u0131\u00e7daro\u011flu, \u00fcretenin ve \u00e7al\u0131\u015fanlar\u0131n yan\u0131nda olacaklar\u0131n\u0131 s\u00f6yledi.<\/p>\n\n\n\n<p class=\"wp-block-paragraph\">K\u0131l\u0131\u00e7daro\u011flu, konu\u015fmas\u0131n\u0131n sonunda Karde\u015f G\u00f6\u00e7erler Y\u00f6r\u00fck Etkinli\u011fi&#8217;nin hay\u0131rl\u0131 olmas\u0131n\u0131 dileyerek eme\u011fi ge\u00e7enlere te\u015fekk\u00fcr etti.<\/p>\n","protected":false},"excerpt":{"rendered":"<p>CHP Genel Ba\u015fkan\u0131 Kemal K\u0131l\u0131\u00e7daro\u011flu, Mersin&#8217;de d\u00fczenlenen &#8220;2\u2019nci Karde\u015f G\u00f6\u00e7erler Y\u00f6r\u00fck Etkinli\u011fi&#8221;ne kat\u0131ld\u0131. K\u0131l\u0131\u00e7daro\u011flu&#8217;na T\u00fcrk<\/p>\n","protected":false},"author":1,"featured_media":5246,"comment_status":"open","ping_status":"open","sticky":false,"template":"","format":"standard","meta":{"_rtcl_gb_attr":"","footnotes":""},"categories":[44],"tags":[],"class_list":["post-5245","post","type-post","status-publish","format-standard","has-post-thumbnail","hentry","category-politika"],"_links":{"self":[{"href":"https:\/\/turkiyemhaber.com\/index.php?rest_route=\/wp\/v2\/posts\/5245","targetHints":{"allow":["GET"]}}],"collection":[{"href":"https:\/\/turkiyemhaber.com\/index.php?rest_route=\/wp\/v2\/posts"}],"about":[{"href":"https:\/\/turkiyemhaber.com\/index.php?rest_route=\/wp\/v2\/types\/post"}],"author":[{"embeddable":true,"href":"https:\/\/turkiyemhaber.com\/index.php?rest_route=\/wp\/v2\/users\/1"}],"replies":[{"embeddable":true,"href":"https:\/\/turkiyemhaber.com\/index.php?rest_route=%2Fwp%2Fv2%2Fcomments&post=5245"}],"version-history":[{"count":1,"href":"https:\/\/turkiyemhaber.com\/index.php?rest_route=\/wp\/v2\/posts\/5245\/revisions"}],"predecessor-version":[{"id":5247,"href":"https:\/\/turkiyemhaber.com\/index.php?rest_route=\/wp\/v2\/posts\/5245\/revisions\/5247"}],"wp:featuredmedia":[{"embeddable":true,"href":"https:\/\/turkiyemhaber.com\/index.php?rest_route=\/wp\/v2\/media\/5246"}],"wp:attachment":[{"href":"https:\/\/turkiyemhaber.com\/index.php?rest_route=%2Fwp%2Fv2%2Fmedia&parent=5245"}],"wp:term":[{"taxonomy":"category","embeddable":true,"href":"https:\/\/turkiyemhaber.com\/index.php?rest_route=%2Fwp%2Fv2%2Fcategories&post=5245"},{"taxonomy":"post_tag","embeddable":true,"href":"https:\/\/turkiyemhaber.com\/index.php?rest_route=%2Fwp%2Fv2%2Ftags&post=5245"}],"curies":[{"name":"wp","href":"https:\/\/api.w.org\/{rel}","templated":true}]}}