{"id":5242,"date":"2026-08-22T12:24:12","date_gmt":"2026-08-22T12:24:12","guid":{"rendered":"https:\/\/turkiyemhaber.com\/?p=5242"},"modified":"2026-08-22T12:24:18","modified_gmt":"2026-08-22T12:24:18","slug":"bakan-gurlek-duyurdu-ankaradaki-seri-cinayetlerin-faili-bulundu","status":"publish","type":"post","link":"https:\/\/turkiyemhaber.com\/?p=5242","title":{"rendered":"Bakan G\u00fcrlek Duyurdu! Ankara&#8217;daki Seri Cinayetlerin Faili Bulundu"},"content":{"rendered":"\n<p class=\"wp-block-paragraph\">Adalet Bakan\u0131 Ak\u0131n G\u00fcrlek, Ankara&#8217;da 2015 y\u0131l\u0131nda ayn\u0131 y\u00f6ntemle 3 ki\u015fiyi \u00f6ld\u00fcren ve 6 ki\u015fiyi \u00f6ld\u00fcrmeye te\u015febb\u00fcs eden \u015f\u00fcphelinin yakaland\u0131\u011f\u0131n\u0131 a\u00e7\u0131klad\u0131.<\/p>\n\n\n\n<p class=\"wp-block-paragraph\">\u00c7al\u0131\u015fmalar sonucunda, ba\u015fka bir cinayet su\u00e7undan cezaevinde bulunan M.\u00d6.&#8217;n\u00fcn Ankara&#8217;daki seri cinayetlerin de \u015f\u00fcphelisi oldu\u011fu tespit edildi. Yeniden ifadesi al\u0131nan M.\u00d6., 3 kez kasten \u00f6ld\u00fcrme ve 6 kez kasten \u00f6ld\u00fcrmeye te\u015febb\u00fcs su\u00e7undan tutukland\u0131.<\/p>\n\n\n\n<h3 class=\"wp-block-heading\">ANKARA&#8217;DAK\u0130 SER\u0130 C\u0130NAYETLER VE OSMAN\u0130YE&#8217;DEK\u0130 \u00c7\u0130FT C\u0130NAYET\u0130 AYDINLATILDI<\/h3>\n\n\n\n<p class=\"wp-block-paragraph\">Adalet Bakan\u0131 Ak\u0131n G\u00fcrlek, 24 Nisan 2026 tarihinde kurulan Faili Me\u00e7hul Su\u00e7lar\u0131 Ara\u015ft\u0131rma Daire Ba\u015fkanl\u0131\u011f\u0131n\u0131n \u00e7al\u0131\u015fmalar\u0131 kapsam\u0131nda bug\u00fcne kadar 36 dosyada, 41 maktul ve 7 yaral\u0131n\u0131n bulundu\u011fu faili me\u00e7hul olaylar\u0131n ayd\u0131nlat\u0131ld\u0131\u011f\u0131n\u0131 bildirdi.<\/p>\n\n\n\n<p class=\"wp-block-paragraph\">\u00c7al\u0131\u015fmalar sonucunda Ankara&#8217;da 2015 y\u0131l\u0131nda i\u015flenen seri cinayet zinciri ile Osmaniye&#8217;de 2019 y\u0131l\u0131nda ger\u00e7ekle\u015ftirilen \u00e7ift cinayetin faillerinin belirlendi\u011fini ve \u015f\u00fcphelilerin tutukland\u0131\u011f\u0131n\u0131 a\u00e7\u0131klad\u0131.<\/p>\n\n\n\n<h3 class=\"wp-block-heading\">&#8220;2 \u00d6NEML\u0130 DOSYADA KR\u0130T\u0130K SONU\u00c7LARA ULA\u015eTIK&#8221;<\/h3>\n\n\n\n<p class=\"wp-block-paragraph\">Ankara&#8217;da 2015 y\u0131l\u0131nda ayn\u0131 y\u00f6ntemle ger\u00e7ekle\u015ftirilen 3 kasten \u00f6ld\u00fcrme ve 6 kasten \u00f6ld\u00fcrmeye te\u015febb\u00fcs olay\u0131 yeniden incelendi.<\/p>\n\n\n\n<p class=\"wp-block-paragraph\">Hasan Sayg\u0131n, Muhsin Demirdirek ve Mustafa \u00c7a\u011fmao\u011flu&#8217;nun \u00f6ld\u00fcr\u00fcld\u00fc\u011f\u00fc, 6 ki\u015finin ise \u00f6ld\u00fcr\u00fclmeye te\u015febb\u00fcs edildi\u011fi olaylar aras\u0131ndaki benzerlikler de\u011ferlendirildi.<\/p>\n\n\n\n<p class=\"wp-block-paragraph\">Beyanlar, HTS ve baz kay\u0131tlar\u0131, \u015f\u00fcphelinin olaylar\u0131n ya\u015fand\u0131\u011f\u0131 d\u00f6nemdeki hareketleri ile Antalya&#8217;da i\u015flenen benzer nitelikteki bir cinayet birlikte incelendi.<\/p>\n\n\n\n<h3 class=\"wp-block-heading\">SER\u0130 C\u0130NAYETLER\u0130N \u015e\u00dcPHEL\u0130S\u0130 BA\u015eKA B\u0130R C\u0130NAYETTEN CEZAEV\u0130NDEYM\u0130\u015e<\/h3>\n\n\n\n<p class=\"wp-block-paragraph\">M.\u00d6.&#8217;n\u00fcn 2015 y\u0131l\u0131 sonunda Ankara&#8217;dan ayr\u0131lmas\u0131n\u0131n ard\u0131ndan benzer sald\u0131r\u0131lar\u0131n sona ermesi de dosyadaki \u00f6nemli bulgulardan biri oldu.<\/p>\n\n\n\n<p class=\"wp-block-paragraph\">H\u00e2len ba\u015fka bir cinayet su\u00e7undan cezaevinde bulunan M.\u00d6.&#8217;n\u00fcn, Ankara&#8217;daki 3 cinayet ve 6 \u00f6ld\u00fcrmeye te\u015febb\u00fcs olay\u0131n\u0131n \u015f\u00fcphelisi oldu\u011fu tespit edildi.<\/p>\n\n\n\n<p class=\"wp-block-paragraph\">7 A\u011fustos 2026 tarihinde yeniden ifadesi al\u0131nan M.\u00d6., 3 kez kasten \u00f6ld\u00fcrme ve 6 kez kasten \u00f6ld\u00fcrmeye te\u015febb\u00fcs su\u00e7undan tutukland\u0131.<\/p>\n\n\n\n<h3 class=\"wp-block-heading\">OSMAN\u0130YE&#8217;DEK\u0130 \u00c7\u0130FT C\u0130NAYET\u0130N\u0130N \u015e\u00dcPHEL\u0130S\u0130 DE TUTUKLANDI<\/h3>\n\n\n\n<p class=\"wp-block-paragraph\">Osmaniye&#8217;de 13 \u015eubat 2019 tarihinde evlerinde \u00f6ld\u00fcr\u00fclen Mustafa ve H\u00fcsna Ala \u00e7iftinin dosyas\u0131 da yeniden ele al\u0131nd\u0131.<\/p>\n\n\n\n<p class=\"wp-block-paragraph\">Olay yeri foto\u011fraflar\u0131, kay\u0131p senet, tan\u0131k anlat\u0131mlar\u0131, HTS ve daralt\u0131lm\u0131\u015f baz kay\u0131tlar\u0131 ile PTS verileri yeniden de\u011ferlendirildi.<\/p>\n\n\n\n<p class=\"wp-block-paragraph\">\u015e\u00fcpheli Y.K.&#8217;n\u0131n maktulle irtibat\u0131, olay b\u00f6lgesindeki baz kay\u0131tlar\u0131 ve arac\u0131na ait giri\u015f-\u00e7\u0131k\u0131\u015f kay\u0131tlar\u0131 tespit edildi.<\/p>\n\n\n\n<p class=\"wp-block-paragraph\">21 A\u011fustos&#8217;ta g\u00f6zalt\u0131na al\u0131nan \u015f\u00fcpheli, \u00e7\u0131kar\u0131ld\u0131\u011f\u0131 Sulh Ceza H\u00e2kimli\u011fince tutukland\u0131.<\/p>\n\n\n\n<p class=\"wp-block-paragraph\">Adalet Bakan\u0131 Ak\u0131n G\u00fcrlek, aradan ka\u00e7 y\u0131l ge\u00e7erse ge\u00e7sin su\u00e7un ve su\u00e7lunun pe\u015finin b\u0131rak\u0131lmayaca\u011f\u0131n\u0131, faili me\u00e7hul olaylar\u0131n ayd\u0131nlat\u0131lmaya devam edilece\u011fini bildirdi.<\/p>\n","protected":false},"excerpt":{"rendered":"<p>Adalet Bakan\u0131 Ak\u0131n G\u00fcrlek, Ankara&#8217;da 2015 y\u0131l\u0131nda ayn\u0131 y\u00f6ntemle 3 ki\u015fiyi \u00f6ld\u00fcren ve 6 ki\u015fiyi<\/p>\n","protected":false},"author":1,"featured_media":5243,"comment_status":"open","ping_status":"open","sticky":false,"template":"","format":"standard","meta":{"_rtcl_gb_attr":"","footnotes":""},"categories":[43],"tags":[],"class_list":["post-5242","post","type-post","status-publish","format-standard","has-post-thumbnail","hentry","category-son-dakika"],"_links":{"self":[{"href":"https:\/\/turkiyemhaber.com\/index.php?rest_route=\/wp\/v2\/posts\/5242","targetHints":{"allow":["GET"]}}],"collection":[{"href":"https:\/\/turkiyemhaber.com\/index.php?rest_route=\/wp\/v2\/posts"}],"about":[{"href":"https:\/\/turkiyemhaber.com\/index.php?rest_route=\/wp\/v2\/types\/post"}],"author":[{"embeddable":true,"href":"https:\/\/turkiyemhaber.com\/index.php?rest_route=\/wp\/v2\/users\/1"}],"replies":[{"embeddable":true,"href":"https:\/\/turkiyemhaber.com\/index.php?rest_route=%2Fwp%2Fv2%2Fcomments&post=5242"}],"version-history":[{"count":1,"href":"https:\/\/turkiyemhaber.com\/index.php?rest_route=\/wp\/v2\/posts\/5242\/revisions"}],"predecessor-version":[{"id":5244,"href":"https:\/\/turkiyemhaber.com\/index.php?rest_route=\/wp\/v2\/posts\/5242\/revisions\/5244"}],"wp:featuredmedia":[{"embeddable":true,"href":"https:\/\/turkiyemhaber.com\/index.php?rest_route=\/wp\/v2\/media\/5243"}],"wp:attachment":[{"href":"https:\/\/turkiyemhaber.com\/index.php?rest_route=%2Fwp%2Fv2%2Fmedia&parent=5242"}],"wp:term":[{"taxonomy":"category","embeddable":true,"href":"https:\/\/turkiyemhaber.com\/index.php?rest_route=%2Fwp%2Fv2%2Fcategories&post=5242"},{"taxonomy":"post_tag","embeddable":true,"href":"https:\/\/turkiyemhaber.com\/index.php?rest_route=%2Fwp%2Fv2%2Ftags&post=5242"}],"curies":[{"name":"wp","href":"https:\/\/api.w.org\/{rel}","templated":true}]}}