{"id":5238,"date":"2026-08-22T12:20:59","date_gmt":"2026-08-22T12:20:59","guid":{"rendered":"https:\/\/turkiyemhaber.com\/?p=5238"},"modified":"2026-08-22T12:21:04","modified_gmt":"2026-08-22T12:21:04","slug":"gsm-hatti-kullanmiyorum-demisti-kurisin-hattinin-sahibi-ortaya-cikti","status":"publish","type":"post","link":"https:\/\/turkiyemhaber.com\/?p=5238","title":{"rendered":"&#8220;GSM Hatt\u0131 Kullanm\u0131yorum&#8221; Demi\u015fti! Kuri\u015f&#8217;in Hatt\u0131n\u0131n Sahibi Ortaya \u00c7\u0131kt\u0131"},"content":{"rendered":"\n<p class=\"wp-block-paragraph\">Ankara Cumhuriyet Ba\u015fsavc\u0131l\u0131\u011f\u0131&#8217;n\u0131n y\u00fcr\u00fctt\u00fc\u011f\u00fc &#8220;Alihan Kuri\u015f Su\u00e7 \u00d6rg\u00fct\u00fc&#8221; soru\u015fturmas\u0131 kapsam\u0131nda Alihan Kuri\u015f&#8217;in kulland\u0131\u011f\u0131 GSM hatt\u0131n\u0131n yasal sahibinin, Mersin&#8217;de ya\u015fayan ve y\u00fczde 50 oran\u0131nda zihinsel engelli raporu bulunan Ali Kovan oldu\u011fu belirlendi.<\/p>\n\n\n\n<h3 class=\"wp-block-heading\">\u00d6RG\u00dcT Y\u00d6NET\u0130C\u0130S\u0130N\u0130N YANINDA \u00c7ALI\u015eIYOR<\/h3>\n\n\n\n<p class=\"wp-block-paragraph\">Soru\u015fturma kapsam\u0131nda yap\u0131lan incelemelerde, herhangi bir GSM hatt\u0131 kullanmad\u0131\u011f\u0131n\u0131 s\u00f6yleyen Alihan Kuri\u015f&#8217;in, \u00f6rg\u00fct y\u00f6neticilerinden Osman Aslanali&#8217;nin y\u00f6netti\u011fi G\u00f6knur G\u0131da&#8217;da \u00e7al\u0131\u015fan Ali Kovan ad\u0131na kay\u0131tl\u0131 GSM hatt\u0131n\u0131 kulland\u0131\u011f\u0131 tespit edildi.<\/p>\n\n\n\n<figure class=\"wp-block-image size-full\"><img loading=\"lazy\" decoding=\"async\" width=\"640\" height=\"426\" src=\"https:\/\/turkiyemhaber.com\/wp-content\/uploads\/2026\/08\/gsm-hatti-kullanmiyorum-demist-20166448-7699_1_m.webp\" alt=\"\" class=\"wp-image-5240\" srcset=\"https:\/\/turkiyemhaber.com\/wp-content\/uploads\/2026\/08\/gsm-hatti-kullanmiyorum-demist-20166448-7699_1_m.webp 640w, https:\/\/turkiyemhaber.com\/wp-content\/uploads\/2026\/08\/gsm-hatti-kullanmiyorum-demist-20166448-7699_1_m-300x200.webp 300w, https:\/\/turkiyemhaber.com\/wp-content\/uploads\/2026\/08\/gsm-hatti-kullanmiyorum-demist-20166448-7699_1_m-18x12.webp 18w\" sizes=\"auto, (max-width: 640px) 100vw, 640px\" \/><\/figure>\n\n\n\n<p class=\"wp-block-paragraph\">Alihan Kuri\u015f&#8217;in kulland\u0131\u011f\u0131 GSM hatt\u0131n\u0131n yasal sahibi Ali Kovan&#8217;\u0131n Mersin&#8217;de ikamet etti\u011fi ve y\u00fczde 50 oran\u0131nda zihinsel engellilik raporunun bulundu\u011fu belirlendi. Kovan&#8217;\u0131n ayr\u0131ca &#8220;S\u00fcrekli Engelli Kimlik Kart\u0131&#8221; sahibi oldu\u011fu tespit edildi.<\/p>\n\n\n\n<h3 class=\"wp-block-heading\">DAHA \u00d6NCE &#8220;GSM HATTI KULLANMIYORUM&#8221; DEM\u0130\u015eT\u0130<\/h3>\n\n\n\n<p class=\"wp-block-paragraph\">Soru\u015fturma kapsam\u0131nda yap\u0131lan incelemelerde, Alihan Kuri\u015f&#8217;in herhangi bir GSM hatt\u0131 kullanmad\u0131\u011f\u0131 y\u00f6n\u00fcndeki beyan\u0131n\u0131n aksine, Kovan ad\u0131na kay\u0131tl\u0131 GSM hatt\u0131n\u0131 kulland\u0131\u011f\u0131n\u0131n belirlendi\u011fi ifade edildi.<\/p>\n\n\n\n<p class=\"wp-block-paragraph\">Olayla ilgili Ankara Cumhuriyet Ba\u015fsavc\u0131l\u0131\u011f\u0131&#8217;n\u0131n y\u00fcr\u00fctt\u00fc\u011f\u00fc soru\u015fturma devam ediyor.<\/p>\n","protected":false},"excerpt":{"rendered":"<p>Ankara Cumhuriyet Ba\u015fsavc\u0131l\u0131\u011f\u0131&#8217;n\u0131n y\u00fcr\u00fctt\u00fc\u011f\u00fc &#8220;Alihan Kuri\u015f Su\u00e7 \u00d6rg\u00fct\u00fc&#8221; soru\u015fturmas\u0131 kapsam\u0131nda Alihan Kuri\u015f&#8217;in kulland\u0131\u011f\u0131 GSM hatt\u0131n\u0131n<\/p>\n","protected":false},"author":1,"featured_media":5239,"comment_status":"open","ping_status":"open","sticky":false,"template":"","format":"standard","meta":{"_rtcl_gb_attr":"","footnotes":""},"categories":[1],"tags":[],"class_list":["post-5238","post","type-post","status-publish","format-standard","has-post-thumbnail","hentry","category-http-turkiyemhaber-com-wp-content-uploads-2026-03-saray-59-haber-13-mart-pdf"],"_links":{"self":[{"href":"https:\/\/turkiyemhaber.com\/index.php?rest_route=\/wp\/v2\/posts\/5238","targetHints":{"allow":["GET"]}}],"collection":[{"href":"https:\/\/turkiyemhaber.com\/index.php?rest_route=\/wp\/v2\/posts"}],"about":[{"href":"https:\/\/turkiyemhaber.com\/index.php?rest_route=\/wp\/v2\/types\/post"}],"author":[{"embeddable":true,"href":"https:\/\/turkiyemhaber.com\/index.php?rest_route=\/wp\/v2\/users\/1"}],"replies":[{"embeddable":true,"href":"https:\/\/turkiyemhaber.com\/index.php?rest_route=%2Fwp%2Fv2%2Fcomments&post=5238"}],"version-history":[{"count":1,"href":"https:\/\/turkiyemhaber.com\/index.php?rest_route=\/wp\/v2\/posts\/5238\/revisions"}],"predecessor-version":[{"id":5241,"href":"https:\/\/turkiyemhaber.com\/index.php?rest_route=\/wp\/v2\/posts\/5238\/revisions\/5241"}],"wp:featuredmedia":[{"embeddable":true,"href":"https:\/\/turkiyemhaber.com\/index.php?rest_route=\/wp\/v2\/media\/5239"}],"wp:attachment":[{"href":"https:\/\/turkiyemhaber.com\/index.php?rest_route=%2Fwp%2Fv2%2Fmedia&parent=5238"}],"wp:term":[{"taxonomy":"category","embeddable":true,"href":"https:\/\/turkiyemhaber.com\/index.php?rest_route=%2Fwp%2Fv2%2Fcategories&post=5238"},{"taxonomy":"post_tag","embeddable":true,"href":"https:\/\/turkiyemhaber.com\/index.php?rest_route=%2Fwp%2Fv2%2Ftags&post=5238"}],"curies":[{"name":"wp","href":"https:\/\/api.w.org\/{rel}","templated":true}]}}