{"id":5235,"date":"2026-08-22T12:17:03","date_gmt":"2026-08-22T12:17:03","guid":{"rendered":"https:\/\/turkiyemhaber.com\/?p=5235"},"modified":"2026-08-22T12:17:09","modified_gmt":"2026-08-22T12:17:09","slug":"marmaradaki-depremler-firtina-degil","status":"publish","type":"post","link":"https:\/\/turkiyemhaber.com\/?p=5235","title":{"rendered":"Marmara&#8217;daki Depremler &#8216;F\u0131rt\u0131na&#8217; De\u011fil"},"content":{"rendered":"\n<p class=\"wp-block-paragraph\">Marmara Denizi&#8217;nde \u00f6zellikle Adalar ve \u00c7\u0131narc\u0131k a\u00e7\u0131klar\u0131nda son g\u00fcnlerde pe\u015f pe\u015fe meydana gelen k\u00fc\u00e7\u00fck ve orta b\u00fcy\u00fckl\u00fckteki depremler dikkat \u00e7ekerken, TMMOB Jeoloji M\u00fchendisleri Odas\u0131 Yalova \u0130l Temsilcisi Ozan Burak Cangir&#8217;den sismik hareketlili\u011fe ili\u015fkin a\u00e7\u0131klama geldi. Cangir, art arda meydana gelen depremlerin tek ba\u015f\u0131na b\u00fcy\u00fck bir depremin habercisi olarak de\u011ferlendirilemeyece\u011fini belirtti.<\/p>\n\n\n\n<p class=\"wp-block-paragraph\">Marmara Denizi&#8217;nde 18 A\u011fustos&#8217;tan itibaren \u00f6zellikle \u0130stanbul&#8217;un Adalar il\u00e7esi a\u00e7\u0131klar\u0131nda hareketlilik ya\u015fan\u0131rken, 20 A\u011fustos&#8217;ta da b\u00f6lgede \u00e7ok say\u0131da k\u00fc\u00e7\u00fck sars\u0131nt\u0131 kaydedildi. Adalar a\u00e7\u0131klar\u0131nda meydana gelen depremler aras\u0131nda 3,2 b\u00fcy\u00fckl\u00fc\u011f\u00fcndeki sars\u0131nt\u0131 da yer ald\u0131. \u00c7\u0131narc\u0131k a\u00e7\u0131klar\u0131nda da farkl\u0131 b\u00fcy\u00fckl\u00fcklerde depremler meydana geldi.<\/p>\n\n\n\n<h3 class=\"wp-block-heading\">SON 24 SAATTE 32 SARSINTI H\u0130SSED\u0130LD\u0130<\/h3>\n\n\n\n<p class=\"wp-block-paragraph\">Marmara Denizi a\u00e7\u0131klar\u0131nda 20 A\u011fustos&#8217;ta 24 saat i\u00e7erisinde b\u00fcy\u00fckl\u00fckleri 1,1 ile 3,2 aras\u0131nda de\u011fi\u015fen toplam 32 sars\u0131nt\u0131 kaydedildi. \u00c7\u0131narc\u0131k a\u00e7\u0131klar\u0131nda da g\u00fcn boyunca farkl\u0131 b\u00fcy\u00fckl\u00fcklerde \u00e7ok say\u0131da sars\u0131nt\u0131 kaydedildi.<\/p>\n\n\n\n<p class=\"wp-block-paragraph\">19 A\u011fustos saat 17.20&#8217;de \u00c7\u0131narc\u0131k&#8217;ta 1,6 b\u00fcy\u00fckl\u00fc\u011f\u00fcnde deprem meydana geldi. Marmara&#8217;daki hareketlilik 22 A\u011fustos&#8217;ta da devam etti. 22 A\u011fustos saat 01.26&#8217;da Marmara Denizi&#8217;nde, \u00c7\u0131narc\u0131k&#8217;a yakla\u015f\u0131k 12 kilometre mesafede 1,5 b\u00fcy\u00fckl\u00fc\u011f\u00fcnde deprem meydana geldi.<\/p>\n\n\n\n<h3 class=\"wp-block-heading\">&#8220;DEPREM FIRTINASI&#8221; OLARAK B\u0130L\u0130N\u0130YOR<\/h3>\n\n\n\n<p class=\"wp-block-paragraph\">Marmara B\u00f6lgesi&#8217;nin ba\u015fta Kuzey Anadolu Fay Zonu olmak \u00fczere \u00e7ok say\u0131da aktif ve ikincil fay\u0131n bulundu\u011fu hareketli bir tektonik sistem oldu\u011funa dikkat \u00e7eken TMMOB Jeoloji M\u00fchendisleri Odas\u0131 Yalova \u0130l Temsilcisi Ozan Burak Cangir, son d\u00f6nemde meydana gelen k\u00fc\u00e7\u00fck ve orta b\u00fcy\u00fckl\u00fckteki depremlerin ana fay zonunun \u00e7evresindeki ikincil fay par\u00e7alar\u0131nda olu\u015fan gerilim de\u011fi\u015fimleri ve k\u0131r\u0131lmalarla ili\u015fkili olabilece\u011fini belirtti.<\/p>\n\n\n\n<p class=\"wp-block-paragraph\">Cangir, k\u0131sa s\u00fcre i\u00e7erisinde \u00e7ok say\u0131da k\u00fc\u00e7\u00fck depremin meydana gelmesinin kamuoyunda &#8220;deprem f\u0131rt\u0131nas\u0131&#8221; olarak adland\u0131r\u0131ld\u0131\u011f\u0131n\u0131 ancak bunun tek ba\u015f\u0131na b\u00fcy\u00fck bir depremin ba\u015flad\u0131\u011f\u0131 veya yakla\u015ft\u0131\u011f\u0131 anlam\u0131na gelmedi\u011fini ifade etti.<\/p>\n\n\n\n<h3 class=\"wp-block-heading\">&#8220;\u00d6NC\u00dc DEPREM DEMEK M\u00dcMK\u00dcN DE\u011e\u0130L&#8221;<\/h3>\n\n\n\n<p class=\"wp-block-paragraph\">Bir depremin \u00f6nc\u00fc olup olmad\u0131\u011f\u0131n\u0131n ancak kendisinden sonra daha b\u00fcy\u00fck bir deprem meydana gelmesi halinde geriye d\u00f6n\u00fck olarak anla\u015f\u0131labilece\u011fini belirten Cangir, &#8220;Bu depremler b\u00fcy\u00fck depremin \u00f6nc\u00fcs\u00fcd\u00fcr&#8221; demenin de &#8220;kesinlikle b\u00fcy\u00fck bir depremle ili\u015fkili de\u011fildir&#8221; demenin de bug\u00fcn i\u00e7in bilimsel a\u00e7\u0131dan do\u011fru olmad\u0131\u011f\u0131n\u0131 s\u00f6yledi.<\/p>\n\n\n\n<p class=\"wp-block-paragraph\">Cangir, g\u00fcn\u00fcm\u00fcz bilimsel imkanlar\u0131yla bir depremin g\u00fcn\u00fcn\u00fcn, saatinin ve b\u00fcy\u00fckl\u00fc\u011f\u00fcn\u00fcn \u00f6nceden kesin olarak belirlenmesinin m\u00fcmk\u00fcn olmad\u0131\u011f\u0131n\u0131 vurgulayarak, sosyal medyada yer alan &#8220;b\u00fcy\u00fck deprem geliyor&#8221;, &#8220;fay harekete ge\u00e7ti&#8221; ve &#8220;bunlar kesin \u00f6nc\u00fc&#8221; \u015feklindeki a\u00e7\u0131klamalara kar\u015f\u0131 vatanda\u015flar\u0131 uyard\u0131.<\/p>\n\n\n\n<p class=\"wp-block-paragraph\">Marmara&#8217;daki k\u00fc\u00e7\u00fck depremlerin Yalova&#8217;n\u0131n deprem tehlikesini ortadan kald\u0131rmad\u0131\u011f\u0131n\u0131 belirten Cangir, kentin 17 A\u011fustos 1999 Marmara Depremi&#8217;nde a\u011f\u0131r sonu\u00e7lar ya\u015fad\u0131\u011f\u0131n\u0131 hat\u0131rlatt\u0131. Yalova&#8217;n\u0131n aktif faylara yak\u0131nl\u0131\u011f\u0131na, \u00f6zellikle k\u0131y\u0131 kesimlerindeki kal\u0131n al\u00fcvyal zeminlere, baz\u0131 b\u00f6lgelerdeki heyelan ve zemin problemlerine dikkat \u00e7eken Cangir, yap\u0131 g\u00fcvenli\u011fi kadar zemin \u015fartlar\u0131n\u0131n do\u011fru belirlenmesinin de hayati \u00f6nem ta\u015f\u0131d\u0131\u011f\u0131n\u0131 s\u00f6yledi.<\/p>\n\n\n\n<p class=\"wp-block-paragraph\">Cangir, &#8220;Bu nedenle as\u0131l tart\u0131\u015fmam\u0131z gereken konu, her k\u00fc\u00e7\u00fck deprem sonras\u0131nda &#8216;B\u00fcy\u00fck deprem geliyor mu?&#8217; sorusuna cevap aramak de\u011fil; &#8216;B\u00fcy\u00fck deprem meydana geldi\u011finde biz ne kadar haz\u0131r\u0131z?&#8217; sorusu olmal\u0131d\u0131r&#8221; dedi.<\/p>\n","protected":false},"excerpt":{"rendered":"<p>Marmara Denizi&#8217;nde \u00f6zellikle Adalar ve \u00c7\u0131narc\u0131k a\u00e7\u0131klar\u0131nda son g\u00fcnlerde pe\u015f pe\u015fe meydana gelen k\u00fc\u00e7\u00fck ve<\/p>\n","protected":false},"author":1,"featured_media":5236,"comment_status":"open","ping_status":"open","sticky":false,"template":"","format":"standard","meta":{"_rtcl_gb_attr":"","footnotes":""},"categories":[1],"tags":[],"class_list":["post-5235","post","type-post","status-publish","format-standard","has-post-thumbnail","hentry","category-http-turkiyemhaber-com-wp-content-uploads-2026-03-saray-59-haber-13-mart-pdf"],"_links":{"self":[{"href":"https:\/\/turkiyemhaber.com\/index.php?rest_route=\/wp\/v2\/posts\/5235","targetHints":{"allow":["GET"]}}],"collection":[{"href":"https:\/\/turkiyemhaber.com\/index.php?rest_route=\/wp\/v2\/posts"}],"about":[{"href":"https:\/\/turkiyemhaber.com\/index.php?rest_route=\/wp\/v2\/types\/post"}],"author":[{"embeddable":true,"href":"https:\/\/turkiyemhaber.com\/index.php?rest_route=\/wp\/v2\/users\/1"}],"replies":[{"embeddable":true,"href":"https:\/\/turkiyemhaber.com\/index.php?rest_route=%2Fwp%2Fv2%2Fcomments&post=5235"}],"version-history":[{"count":1,"href":"https:\/\/turkiyemhaber.com\/index.php?rest_route=\/wp\/v2\/posts\/5235\/revisions"}],"predecessor-version":[{"id":5237,"href":"https:\/\/turkiyemhaber.com\/index.php?rest_route=\/wp\/v2\/posts\/5235\/revisions\/5237"}],"wp:featuredmedia":[{"embeddable":true,"href":"https:\/\/turkiyemhaber.com\/index.php?rest_route=\/wp\/v2\/media\/5236"}],"wp:attachment":[{"href":"https:\/\/turkiyemhaber.com\/index.php?rest_route=%2Fwp%2Fv2%2Fmedia&parent=5235"}],"wp:term":[{"taxonomy":"category","embeddable":true,"href":"https:\/\/turkiyemhaber.com\/index.php?rest_route=%2Fwp%2Fv2%2Fcategories&post=5235"},{"taxonomy":"post_tag","embeddable":true,"href":"https:\/\/turkiyemhaber.com\/index.php?rest_route=%2Fwp%2Fv2%2Ftags&post=5235"}],"curies":[{"name":"wp","href":"https:\/\/api.w.org\/{rel}","templated":true}]}}