{"id":5233,"date":"2026-08-22T12:09:44","date_gmt":"2026-08-22T12:09:44","guid":{"rendered":"https:\/\/turkiyemhaber.com\/?p=5233"},"modified":"2026-08-22T12:09:53","modified_gmt":"2026-08-22T12:09:53","slug":"giresunda-helikopter-dustu","status":"publish","type":"post","link":"https:\/\/turkiyemhaber.com\/?p=5233","title":{"rendered":"Giresun&#8217;da Helikopter D\u00fc\u015ft\u00fc"},"content":{"rendered":"\n<p class=\"wp-block-paragraph\"><strong>Giresun\u2019un Piraziz il\u00e7esinde, b\u00f6lgede tarama yapan elektrik da\u011f\u0131t\u0131m \u015firketine ait helikopter d\u00fc\u015ft\u00fc. B\u00f6lgeye ekipler sevk edildi.<\/strong><\/p>\n\n\n\n<p class=\"wp-block-paragraph\">Giresun&#8217;da y\u00fcksek gerilim hatlar\u0131yla ilgili \u00e7al\u0131\u015fma yapan helikopter hen\u00fcz bilinemeyen bir nedenle d\u00fc\u015ft\u00fc.<\/p>\n\n\n\n<p class=\"wp-block-paragraph\">Piraziz il\u00e7esine ba\u011fl\u0131 Dereg\u00f6z\u00fc k\u00f6y\u00fcnde d\u00fc\u015fen helikopterin neden d\u00fc\u015ft\u00fc\u011f\u00fc ve i\u00e7erisinde ka\u00e7 ki\u015finin oldu\u011fu bilinmezken, Giresun Valisi Mustafa Ko\u00e7&#8217;un b\u00f6lgeye hareket etti\u011fi belirtildi.<\/p>\n\n\n\n<p class=\"wp-block-paragraph\">Ayr\u0131nt\u0131lar geliyor&#8230;<\/p>\n","protected":false},"excerpt":{"rendered":"<p>Giresun\u2019un Piraziz il\u00e7esinde, b\u00f6lgede tarama yapan elektrik da\u011f\u0131t\u0131m \u015firketine ait helikopter d\u00fc\u015ft\u00fc. B\u00f6lgeye ekipler sevk<\/p>\n","protected":false},"author":1,"featured_media":5202,"comment_status":"open","ping_status":"open","sticky":false,"template":"","format":"standard","meta":{"_rtcl_gb_attr":"","footnotes":""},"categories":[43],"tags":[],"class_list":["post-5233","post","type-post","status-publish","format-standard","has-post-thumbnail","hentry","category-son-dakika"],"_links":{"self":[{"href":"https:\/\/turkiyemhaber.com\/index.php?rest_route=\/wp\/v2\/posts\/5233","targetHints":{"allow":["GET"]}}],"collection":[{"href":"https:\/\/turkiyemhaber.com\/index.php?rest_route=\/wp\/v2\/posts"}],"about":[{"href":"https:\/\/turkiyemhaber.com\/index.php?rest_route=\/wp\/v2\/types\/post"}],"author":[{"embeddable":true,"href":"https:\/\/turkiyemhaber.com\/index.php?rest_route=\/wp\/v2\/users\/1"}],"replies":[{"embeddable":true,"href":"https:\/\/turkiyemhaber.com\/index.php?rest_route=%2Fwp%2Fv2%2Fcomments&post=5233"}],"version-history":[{"count":1,"href":"https:\/\/turkiyemhaber.com\/index.php?rest_route=\/wp\/v2\/posts\/5233\/revisions"}],"predecessor-version":[{"id":5234,"href":"https:\/\/turkiyemhaber.com\/index.php?rest_route=\/wp\/v2\/posts\/5233\/revisions\/5234"}],"wp:featuredmedia":[{"embeddable":true,"href":"https:\/\/turkiyemhaber.com\/index.php?rest_route=\/wp\/v2\/media\/5202"}],"wp:attachment":[{"href":"https:\/\/turkiyemhaber.com\/index.php?rest_route=%2Fwp%2Fv2%2Fmedia&parent=5233"}],"wp:term":[{"taxonomy":"category","embeddable":true,"href":"https:\/\/turkiyemhaber.com\/index.php?rest_route=%2Fwp%2Fv2%2Fcategories&post=5233"},{"taxonomy":"post_tag","embeddable":true,"href":"https:\/\/turkiyemhaber.com\/index.php?rest_route=%2Fwp%2Fv2%2Ftags&post=5233"}],"curies":[{"name":"wp","href":"https:\/\/api.w.org\/{rel}","templated":true}]}}