{"id":5205,"date":"2026-08-21T17:11:15","date_gmt":"2026-08-21T17:11:15","guid":{"rendered":"https:\/\/turkiyemhaber.com\/?p=5205"},"modified":"2026-08-21T17:11:21","modified_gmt":"2026-08-21T17:11:21","slug":"kurisin-yakalandigi-arac-uzerine-tahsisli-cikan-eski-bakan-idris-naim-sahinden-ilk-aciklama","status":"publish","type":"post","link":"https:\/\/turkiyemhaber.com\/?p=5205","title":{"rendered":"Kuri\u015f\u2019in Yakaland\u0131\u011f\u0131 Ara\u00e7 \u00dczerine Tahsisli \u00c7\u0131kan Eski Bakan \u0130dris Naim \u015eahin\u2019den \u0130lk A\u00e7\u0131klama"},"content":{"rendered":"\n<p class=\"wp-block-paragraph\">S\u00fcleymanc\u0131lar olarak bilinen yap\u0131lanmaya y\u00f6nelik soru\u015fturma kapsam\u0131nda firari Hilmi Tuna Kuri\u015f ile Erhan Y\u0131lmaz\u2019\u0131n yakaland\u0131\u011f\u0131 arac\u0131n eski \u0130\u00e7i\u015fleri Bakan\u0131 \u0130dris Naim \u015eahin ad\u0131na kay\u0131tl\u0131 oldu\u011funun ortaya \u00e7\u0131kmas\u0131n\u0131n ard\u0131ndan \u015eahin\u2019den ilk a\u00e7\u0131klama geldi.<\/p>\n\n\n\n<p class=\"wp-block-paragraph\">Arac\u0131n kendi ad\u0131na kiraland\u0131\u011f\u0131n\u0131 do\u011frulayan \u015eahin, iki \u015f\u00fcphelinin arac\u0131 kullanmas\u0131ndan haberdar olmad\u0131\u011f\u0131n\u0131 belirterek, \u201cBenim bilgim ve iznim d\u0131\u015f\u0131nda kulland\u0131r\u0131lm\u0131\u015f\u201d dedi. \u015eahin ayr\u0131ca ara\u00e7 kiralama \u015firketinin sahibi Mehmet \u00d6zmen hakk\u0131nda su\u00e7 duyurusunda bulundu\u011funu a\u00e7\u0131klad\u0131.<\/p>\n\n\n\n<h3 class=\"wp-block-heading\">\u201cH\u0130\u00c7B\u0130R\u0130N\u0130 TANIMIYORUM\u201d<\/h3>\n\n\n\n<p class=\"wp-block-paragraph\">Hilmi Tuna Kuri\u015f ve Erhan Y\u0131lmaz\u2019\u0131n yurt d\u0131\u015f\u0131na ka\u00e7maya \u00e7al\u0131\u015f\u0131rken yakalanmas\u0131n\u0131n ard\u0131ndan kullan\u0131lan arac\u0131n \u0130dris Naim \u015eahin ad\u0131na kiraland\u0131\u011f\u0131n\u0131n belirlenmesi \u00fczerine g\u00f6zler eski bakana \u00e7evrildi.<\/p>\n\n\n\n<p class=\"wp-block-paragraph\">Halk TV\u2019ye konu\u015fan \u015eahin, Alihan Kuri\u015f, Hilmi Tuna Kuri\u015f ve Erhan Y\u0131lmaz\u2019\u0131 tan\u0131mad\u0131\u011f\u0131n\u0131 s\u00f6yledi.<\/p>\n\n\n\n<p class=\"wp-block-paragraph\">\u015eahin, \u201cAlihan Bey\u2019i de, Hilmi Tuna Kuri\u015f ve Erhan Y\u0131lmaz\u2019\u0131 da hi\u00e7 tan\u0131mam. Hayat\u0131mda kar\u015f\u0131la\u015fmad\u0131m. Sadece ekranlardan dinleyenlerin vak\u0131f oldu\u011fu kadar biliyorum\u201d ifadelerini kulland\u0131.<\/p>\n\n\n\n<h3 class=\"wp-block-heading\">\u201cB\u0130LG\u0130M VE \u0130ZN\u0130M DI\u015eINDA KULLANDIRILMI\u015e\u201d<\/h3>\n\n\n\n<p class=\"wp-block-paragraph\">\u015eahin, ara\u00e7 kiralama \u015firketinin sahibi Mehmet \u00d6zmen\u2019i yakla\u015f\u0131k 10-15 y\u0131ld\u0131r tan\u0131d\u0131\u011f\u0131n\u0131 belirtti.<\/p>\n\n\n\n<p class=\"wp-block-paragraph\">Genellikle Ankara\u2019da ya\u015fad\u0131\u011f\u0131n\u0131 s\u00f6yleyen \u015eahin, s\u00f6z konusu arac\u0131 \u0130stanbul\u2019a gitti\u011finde kulland\u0131\u011f\u0131n\u0131 ve zaman zaman misafirlerinin de arac\u0131 kullanabildi\u011fini ifade etti.<\/p>\n\n\n\n<p class=\"wp-block-paragraph\">\u015eahin, firari \u015f\u00fcphelilerin arac\u0131 kullanmas\u0131n\u0131 haberlerden \u00f6\u011frendi\u011fini belirterek, \u201cHilmi Tuna Kuri\u015f\u2019i tan\u0131mam ama Mehmet \u00d6zmen\u2019i 10-15 y\u0131ld\u0131r tan\u0131r\u0131m. De\u011fi\u015fik toplant\u0131larda kar\u015f\u0131la\u015ft\u0131\u011f\u0131m birisi. Ara\u00e7 kiralama \u015firketinin sahibidir. Ben Ankara\u2019da ya\u015f\u0131yorum genellikle. \u0130stanbul\u2019da kulland\u0131\u011f\u0131m ara\u00e7 veya misafirim oldu\u011funda kulland\u0131rd\u0131\u011f\u0131m bir ara\u00e7. Haberlerden \u00f6\u011frendi\u011fim kadar\u0131yla, benim bilgim ve iznim d\u0131\u015f\u0131nda kulland\u0131r\u0131lm\u0131\u015f\u201d dedi.<\/p>\n\n\n\n<h3 class=\"wp-block-heading\">K\u0130RALAMA \u015e\u0130RKET\u0130 SAH\u0130B\u0130 HAKKINDA SU\u00c7 DUYURUSU<\/h3>\n\n\n\n<p class=\"wp-block-paragraph\">\u0130dris Naim \u015eahin, arac\u0131n kendi bilgisi ve izni d\u0131\u015f\u0131nda kulland\u0131r\u0131ld\u0131\u011f\u0131n\u0131 belirterek ara\u00e7 kiralama \u015firketinin sahibi Mehmet \u00d6zmen hakk\u0131nda su\u00e7 duyurusunda bulundu\u011funu a\u00e7\u0131klad\u0131.<\/p>\n\n\n\n<p class=\"wp-block-paragraph\">\u015eahin\u2019in a\u00e7\u0131klamas\u0131, firari \u015f\u00fcphelilerin yakaland\u0131\u011f\u0131 arac\u0131n neden kendi ad\u0131na kiraland\u0131\u011f\u0131na ili\u015fkin ilk de\u011ferlendirme oldu.<\/p>\n\n\n\n<h3 class=\"wp-block-heading\">MU\u011eLA\u2019DA YAKALANDILAR<\/h3>\n\n\n\n<p class=\"wp-block-paragraph\">Hilmi Tuna Kuri\u015f ve Erhan Y\u0131lmaz, Mu\u011fla\u2019n\u0131n Marmaris il\u00e7esine ba\u011fl\u0131 Bozburun b\u00f6lgesinde d\u00fczenlenen operasyonla yakaland\u0131.<\/p>\n\n\n\n<p class=\"wp-block-paragraph\">\u015e\u00fcphelilerin i\u00e7inde bulundu\u011fu 34 SL 313 plakal\u0131 arac\u0131n, eski \u0130\u00e7i\u015fleri Bakan\u0131 \u0130dris Naim \u015eahin ad\u0131na 2030 y\u0131l\u0131na kadar resmi olarak tahsis edildi\u011fi belirlendi.<\/p>\n\n\n\n<h3 class=\"wp-block-heading\">AKARYAKIT \u0130STASYONUNDA TEDB\u0130RL\u0130 MOLA<\/h3>\n\n\n\n<p class=\"wp-block-paragraph\">Soru\u015fturma kapsam\u0131nda yap\u0131lan incelemelerde, s\u00f6z konusu arac\u0131n 16 A\u011fustos 2026 tarihinde \u0130zmir\u2019in Sel\u00e7uk il\u00e7esindeki Kozp\u0131nar mevkiinde bulunan bir akaryak\u0131t istasyonundan yak\u0131t ald\u0131\u011f\u0131 tespit edildi.<\/p>\n\n\n\n<p class=\"wp-block-paragraph\">Plaka Tan\u0131ma Sistemi ve g\u00fcvenlik kameras\u0131 g\u00f6r\u00fcnt\u00fclerini inceleyen ekiplerin, arac\u0131 Mehmet \u00d6zmen\u2019in kulland\u0131\u011f\u0131n\u0131 belirledi\u011fi aktar\u0131ld\u0131.<\/p>\n\n\n\n<p class=\"wp-block-paragraph\">G\u00f6r\u00fcnt\u00fclerde \u00d6zmen\u2019in yak\u0131t almak i\u00e7in ara\u00e7tan indi\u011fi, arka koltukta bulunan firari \u015f\u00fcphelilerin ise ara\u00e7tan \u00e7\u0131kmad\u0131\u011f\u0131 belirtildi. \u00d6zmen\u2019in \u015f\u00fcphelileri Mu\u011fla\u2019ya b\u0131rakt\u0131ktan sonra ayn\u0131 ara\u00e7la \u0130stanbul\u2019a d\u00f6nd\u00fc\u011f\u00fc tespit edildi.<\/p>\n\n\n\n<h3 class=\"wp-block-heading\">TELEFON HATTINI KAPATTI\u011eI TESP\u0130T ED\u0130LD\u0130<\/h3>\n\n\n\n<p class=\"wp-block-paragraph\">Soru\u015fturma kapsam\u0131nda yap\u0131lan incelemelerde Mehmet \u00d6zmen\u2019in kulland\u0131\u011f\u0131 GSM hatt\u0131n\u0131 16 A\u011fustos g\u00fcn\u00fc saat 12.31 s\u0131ralar\u0131nda kapatt\u0131\u011f\u0131 ve g\u00fczerg\u00e2h boyunca telefonunu kapal\u0131 tuttu\u011fu \u00f6ne s\u00fcr\u00fcld\u00fc.<\/p>\n\n\n\n<p class=\"wp-block-paragraph\">Arac\u0131n ayn\u0131 g\u00fcn saat 15.05\u2019te ViaPort Plaka Tan\u0131ma Sistemi kay\u0131tlar\u0131na girmesinin ard\u0131ndan telefon hatt\u0131n\u0131n 17 A\u011fustos saat 11.05\u2019te yeniden aktif hale getirildi\u011fi tespit edildi.<\/p>\n\n\n\n<h3 class=\"wp-block-heading\">TAHS\u0130SL\u0130 ARA\u00c7 SORU\u015eTURMANIN ODA\u011eINDA<\/h3>\n\n\n\n<p class=\"wp-block-paragraph\">\u0130dris Naim \u015eahin ad\u0131na 2030 y\u0131l\u0131na kadar tahsis edilen VIP arac\u0131n firari \u015f\u00fcpheliler taraf\u0131ndan nas\u0131l kullan\u0131ld\u0131\u011f\u0131 ve araca kimler taraf\u0131ndan eri\u015fim sa\u011fland\u0131\u011f\u0131 soru\u015fturman\u0131n \u00f6nemli ba\u015fl\u0131klar\u0131 aras\u0131nda yer al\u0131yor.<\/p>\n\n\n\n<p class=\"wp-block-paragraph\">\u015eahin\u2019in bilgisi ve izni d\u0131\u015f\u0131nda kullan\u0131ld\u0131\u011f\u0131n\u0131 belirtti\u011fi ara\u00e7la ilgili incelemenin s\u00fcrd\u00fc\u011f\u00fc bildirildi.<\/p>\n","protected":false},"excerpt":{"rendered":"<p>S\u00fcleymanc\u0131lar olarak bilinen yap\u0131lanmaya y\u00f6nelik soru\u015fturma kapsam\u0131nda firari Hilmi Tuna Kuri\u015f ile Erhan Y\u0131lmaz\u2019\u0131n yakaland\u0131\u011f\u0131<\/p>\n","protected":false},"author":1,"featured_media":5206,"comment_status":"open","ping_status":"open","sticky":false,"template":"","format":"standard","meta":{"_rtcl_gb_attr":"","footnotes":""},"categories":[1],"tags":[],"class_list":["post-5205","post","type-post","status-publish","format-standard","has-post-thumbnail","hentry","category-http-turkiyemhaber-com-wp-content-uploads-2026-03-saray-59-haber-13-mart-pdf"],"_links":{"self":[{"href":"https:\/\/turkiyemhaber.com\/index.php?rest_route=\/wp\/v2\/posts\/5205","targetHints":{"allow":["GET"]}}],"collection":[{"href":"https:\/\/turkiyemhaber.com\/index.php?rest_route=\/wp\/v2\/posts"}],"about":[{"href":"https:\/\/turkiyemhaber.com\/index.php?rest_route=\/wp\/v2\/types\/post"}],"author":[{"embeddable":true,"href":"https:\/\/turkiyemhaber.com\/index.php?rest_route=\/wp\/v2\/users\/1"}],"replies":[{"embeddable":true,"href":"https:\/\/turkiyemhaber.com\/index.php?rest_route=%2Fwp%2Fv2%2Fcomments&post=5205"}],"version-history":[{"count":1,"href":"https:\/\/turkiyemhaber.com\/index.php?rest_route=\/wp\/v2\/posts\/5205\/revisions"}],"predecessor-version":[{"id":5207,"href":"https:\/\/turkiyemhaber.com\/index.php?rest_route=\/wp\/v2\/posts\/5205\/revisions\/5207"}],"wp:featuredmedia":[{"embeddable":true,"href":"https:\/\/turkiyemhaber.com\/index.php?rest_route=\/wp\/v2\/media\/5206"}],"wp:attachment":[{"href":"https:\/\/turkiyemhaber.com\/index.php?rest_route=%2Fwp%2Fv2%2Fmedia&parent=5205"}],"wp:term":[{"taxonomy":"category","embeddable":true,"href":"https:\/\/turkiyemhaber.com\/index.php?rest_route=%2Fwp%2Fv2%2Fcategories&post=5205"},{"taxonomy":"post_tag","embeddable":true,"href":"https:\/\/turkiyemhaber.com\/index.php?rest_route=%2Fwp%2Fv2%2Ftags&post=5205"}],"curies":[{"name":"wp","href":"https:\/\/api.w.org\/{rel}","templated":true}]}}