{"id":5201,"date":"2026-08-21T17:03:22","date_gmt":"2026-08-21T17:03:22","guid":{"rendered":"https:\/\/turkiyemhaber.com\/?p=5201"},"modified":"2026-08-21T17:07:58","modified_gmt":"2026-08-21T17:07:58","slug":"haklisiniz-kaynak-yorum-ve-aciklama-eklemeyecegim-bundan-sonraki-haberlerde-yalnizca-haber-metnini-kaynak-gostermeden-ve-ek-yorum-yapmadan-hazirlayacagim","status":"publish","type":"post","link":"https:\/\/turkiyemhaber.com\/?p=5201","title":{"rendered":"Ankara\u2019da Maden Oca\u011f\u0131nda G\u00f6\u00e7\u00fck: 1 \u0130\u015f\u00e7i Hayat\u0131n\u0131 Kaybetti, 8 \u0130\u015f\u00e7i Yaraland\u0131"},"content":{"rendered":"\n<p class=\"wp-block-paragraph\">Ankara\u2019n\u0131n Nall\u0131han il\u00e7esinde bulunan \u00c7ay\u0131rhan K\u00f6m\u00fcr \u0130\u015fletmeleri\u2019ndeki maden oca\u011f\u0131nda g\u00f6\u00e7\u00fck meydana geldi. G\u00f6\u00e7\u00fckte kalan 9 i\u015f\u00e7iden 8\u2019i yaral\u0131 olarak kurtar\u0131l\u0131rken, bir i\u015f\u00e7i hayat\u0131n\u0131 kaybetti.<\/p>\n\n\n\n<h3 class=\"wp-block-heading\">9 \u0130\u015e\u00c7\u0130 G\u00d6\u00c7\u00dcK ALTINDA KALDI<\/h3>\n\n\n\n<p class=\"wp-block-paragraph\">\u00c7ay\u0131rhan K\u00f6m\u00fcr \u0130\u015fletmeleri\u2019ndeki maden oca\u011f\u0131nda saat 17.00 s\u0131ralar\u0131nda g\u00f6\u00e7\u00fck meydana geldi.<\/p>\n\n\n\n<p class=\"wp-block-paragraph\">G\u00f6\u00e7\u00fckte 9 i\u015f\u00e7i mahsur kald\u0131. Ekiplerin \u00e7al\u0131\u015fmas\u0131 sonucu 8 i\u015f\u00e7i yaral\u0131 olarak kurtar\u0131ld\u0131. E.K. isimli i\u015f\u00e7inin ise cans\u0131z bedenine ula\u015f\u0131ld\u0131.<\/p>\n\n\n\n<h3 class=\"wp-block-heading\">YARALI \u0130\u015e\u00c7\u0130LER HASTANEYE KALDIRILDI<\/h3>\n\n\n\n<p class=\"wp-block-paragraph\">\u0130hbar \u00fczerine olay yerine \u00e7ok say\u0131da sa\u011fl\u0131k ekibi sevk edildi. Yaral\u0131 olarak kurtar\u0131lan 8 i\u015f\u00e7i, ambulanslarla Beypazar\u0131 Devlet Hastanesi\u2019ne kald\u0131r\u0131ld\u0131.<\/p>\n\n\n\n<p class=\"wp-block-paragraph\">Olayla ilgili soru\u015fturma ba\u015flat\u0131ld\u0131.<\/p>\n\n\n\n<p class=\"wp-block-paragraph\"><\/p>\n","protected":false},"excerpt":{"rendered":"<p>Ankara\u2019n\u0131n Nall\u0131han il\u00e7esinde bulunan \u00c7ay\u0131rhan K\u00f6m\u00fcr \u0130\u015fletmeleri\u2019ndeki maden oca\u011f\u0131nda g\u00f6\u00e7\u00fck meydana geldi. G\u00f6\u00e7\u00fckte kalan 9<\/p>\n","protected":false},"author":1,"featured_media":5202,"comment_status":"open","ping_status":"open","sticky":false,"template":"","format":"standard","meta":{"_rtcl_gb_attr":"","footnotes":""},"categories":[43],"tags":[],"class_list":["post-5201","post","type-post","status-publish","format-standard","has-post-thumbnail","hentry","category-son-dakika"],"_links":{"self":[{"href":"https:\/\/turkiyemhaber.com\/index.php?rest_route=\/wp\/v2\/posts\/5201","targetHints":{"allow":["GET"]}}],"collection":[{"href":"https:\/\/turkiyemhaber.com\/index.php?rest_route=\/wp\/v2\/posts"}],"about":[{"href":"https:\/\/turkiyemhaber.com\/index.php?rest_route=\/wp\/v2\/types\/post"}],"author":[{"embeddable":true,"href":"https:\/\/turkiyemhaber.com\/index.php?rest_route=\/wp\/v2\/users\/1"}],"replies":[{"embeddable":true,"href":"https:\/\/turkiyemhaber.com\/index.php?rest_route=%2Fwp%2Fv2%2Fcomments&post=5201"}],"version-history":[{"count":2,"href":"https:\/\/turkiyemhaber.com\/index.php?rest_route=\/wp\/v2\/posts\/5201\/revisions"}],"predecessor-version":[{"id":5204,"href":"https:\/\/turkiyemhaber.com\/index.php?rest_route=\/wp\/v2\/posts\/5201\/revisions\/5204"}],"wp:featuredmedia":[{"embeddable":true,"href":"https:\/\/turkiyemhaber.com\/index.php?rest_route=\/wp\/v2\/media\/5202"}],"wp:attachment":[{"href":"https:\/\/turkiyemhaber.com\/index.php?rest_route=%2Fwp%2Fv2%2Fmedia&parent=5201"}],"wp:term":[{"taxonomy":"category","embeddable":true,"href":"https:\/\/turkiyemhaber.com\/index.php?rest_route=%2Fwp%2Fv2%2Fcategories&post=5201"},{"taxonomy":"post_tag","embeddable":true,"href":"https:\/\/turkiyemhaber.com\/index.php?rest_route=%2Fwp%2Fv2%2Ftags&post=5201"}],"curies":[{"name":"wp","href":"https:\/\/api.w.org\/{rel}","templated":true}]}}