{"id":520,"date":"2026-05-01T09:56:35","date_gmt":"2026-05-01T09:56:35","guid":{"rendered":"https:\/\/turkiyemhaber.com\/?p=520"},"modified":"2026-05-01T09:56:39","modified_gmt":"2026-05-01T09:56:39","slug":"feci-kaza-yolcu-otobusu-devrildi-3-olu-30-yarali","status":"publish","type":"post","link":"https:\/\/turkiyemhaber.com\/?p=520","title":{"rendered":"FEC\u0130 KAZA: Yolcu otob\u00fcs\u00fc devrildi! 3 \u00f6l\u00fc, 30 yaral\u0131"},"content":{"rendered":"\n<blockquote class=\"wp-block-quote is-layout-flow wp-block-quote-is-layout-flow\">\n<p>Bal\u0131kesir Band\u0131rma\u2019da yolcu otob\u00fcs\u00fc devrildi. Kazada 3 ki\u015fi hayat\u0131n\u0131 kaybederken 30 ki\u015fi yaraland\u0131. Yaral\u0131lar hastanelere kald\u0131r\u0131ld\u0131, s\u00fcr\u00fcc\u00fc g\u00f6zalt\u0131na al\u0131nd\u0131.<\/p>\n<\/blockquote>\n\n\n\n<p>Bal\u0131kesir&#8217;in Band\u0131rma il\u00e7esinde, Tekirda\u011f&#8217;dan Mu\u011fla istikametine giden bir yolcu otob\u00fcs\u00fc \u015fof\u00f6r\u00fcn\u00fcn direksiyon hakimiyetini kaybetmesi \u00fczerine devrilerek ref\u00fcje \u00e7arpt\u0131. Kazada 3 ki\u015fi hayat\u0131n\u0131 kaybederken 30 ki\u015fi de yaraland\u0131 Bal\u0131kesirin Band\u0131rma il\u00e7esinde devrilen yolcu otob\u00fcs\u00fcndeki 3 ki\u015fi \u00f6ld\u00fc, 30 ki\u015fi yaraland\u0131.<\/p>\n","protected":false},"excerpt":{"rendered":"<p>Bal\u0131kesir Band\u0131rma\u2019da yolcu otob\u00fcs\u00fc devrildi. Kazada 3 ki\u015fi hayat\u0131n\u0131 kaybederken 30 ki\u015fi yaraland\u0131. Yaral\u0131lar hastanelere kald\u0131r\u0131ld\u0131, s\u00fcr\u00fcc\u00fc g\u00f6zalt\u0131na al\u0131nd\u0131. Bal\u0131kesir&#8217;in Band\u0131rma il\u00e7esinde, Tekirda\u011f&#8217;dan Mu\u011fla istikametine giden bir yolcu otob\u00fcs\u00fc \u015fof\u00f6r\u00fcn\u00fcn direksiyon hakimiyetini kaybetmesi \u00fczerine devrilerek ref\u00fcje \u00e7arpt\u0131. Kazada 3 ki\u015fi hayat\u0131n\u0131 kaybederken 30 ki\u015fi de yaraland\u0131 Bal\u0131kesirin Band\u0131rma il\u00e7esinde devrilen yolcu otob\u00fcs\u00fcndeki 3 ki\u015fi \u00f6ld\u00fc,<\/p>\n","protected":false},"author":1,"featured_media":521,"comment_status":"open","ping_status":"open","sticky":false,"template":"","format":"standard","meta":{"_rtcl_gb_attr":"","footnotes":""},"categories":[7],"tags":[],"class_list":["post-520","post","type-post","status-publish","format-standard","has-post-thumbnail","hentry","category-gundem"],"_links":{"self":[{"href":"https:\/\/turkiyemhaber.com\/index.php?rest_route=\/wp\/v2\/posts\/520","targetHints":{"allow":["GET"]}}],"collection":[{"href":"https:\/\/turkiyemhaber.com\/index.php?rest_route=\/wp\/v2\/posts"}],"about":[{"href":"https:\/\/turkiyemhaber.com\/index.php?rest_route=\/wp\/v2\/types\/post"}],"author":[{"embeddable":true,"href":"https:\/\/turkiyemhaber.com\/index.php?rest_route=\/wp\/v2\/users\/1"}],"replies":[{"embeddable":true,"href":"https:\/\/turkiyemhaber.com\/index.php?rest_route=%2Fwp%2Fv2%2Fcomments&post=520"}],"version-history":[{"count":1,"href":"https:\/\/turkiyemhaber.com\/index.php?rest_route=\/wp\/v2\/posts\/520\/revisions"}],"predecessor-version":[{"id":522,"href":"https:\/\/turkiyemhaber.com\/index.php?rest_route=\/wp\/v2\/posts\/520\/revisions\/522"}],"wp:featuredmedia":[{"embeddable":true,"href":"https:\/\/turkiyemhaber.com\/index.php?rest_route=\/wp\/v2\/media\/521"}],"wp:attachment":[{"href":"https:\/\/turkiyemhaber.com\/index.php?rest_route=%2Fwp%2Fv2%2Fmedia&parent=520"}],"wp:term":[{"taxonomy":"category","embeddable":true,"href":"https:\/\/turkiyemhaber.com\/index.php?rest_route=%2Fwp%2Fv2%2Fcategories&post=520"},{"taxonomy":"post_tag","embeddable":true,"href":"https:\/\/turkiyemhaber.com\/index.php?rest_route=%2Fwp%2Fv2%2Ftags&post=520"}],"curies":[{"name":"wp","href":"https:\/\/api.w.org\/{rel}","templated":true}]}}