{"id":5195,"date":"2026-08-21T16:40:08","date_gmt":"2026-08-21T16:40:08","guid":{"rendered":"https:\/\/turkiyemhaber.com\/?p=5195"},"modified":"2026-08-21T16:41:55","modified_gmt":"2026-08-21T16:41:55","slug":"eski-bakan-adina-tahsisli-kardes-kurisin-yakalandigi-aractan-58-bin-avro-cikti","status":"publish","type":"post","link":"https:\/\/turkiyemhaber.com\/?p=5195","title":{"rendered":"Eski Bakan Ad\u0131na Tahsisli! Karde\u015f Kuri\u015f\u2019in Yakaland\u0131\u011f\u0131 Ara\u00e7tan 58 Bin Avro \u00c7\u0131kt\u0131"},"content":{"rendered":"\n<p class=\"wp-block-paragraph\">Ankara\u2019da y\u00fcr\u00fct\u00fclen Alihan Kuri\u015f su\u00e7 \u00f6rg\u00fct\u00fc soru\u015fturmas\u0131 kapsam\u0131nda firari olarak aranan Hilmi Tuna Kuri\u015f, Mu\u011fla\u2019n\u0131n Mente\u015fe il\u00e7esindeki Marmaris Kav\u015fa\u011f\u0131\u2019nda yakaland\u0131. Kuri\u015f\u2019in i\u00e7inde bulundu\u011fu arac\u0131n eski \u0130\u00e7i\u015fleri Bakan\u0131 \u0130dris Naim \u015eahin ad\u0131na tahsisli oldu\u011fu belirlenirken, ara\u00e7tan 58 bin avro nakit para ele ge\u00e7irildi.<\/p>\n\n\n\n<figure class=\"wp-block-image size-full\"><img loading=\"lazy\" decoding=\"async\" width=\"640\" height=\"346\" src=\"https:\/\/turkiyemhaber.com\/wp-content\/uploads\/2026\/08\/eski-bakan-adina-tahsisli-iste-20164795-9595_1_m.webp\" alt=\"\" class=\"wp-image-5197\" srcset=\"https:\/\/turkiyemhaber.com\/wp-content\/uploads\/2026\/08\/eski-bakan-adina-tahsisli-iste-20164795-9595_1_m.webp 640w, https:\/\/turkiyemhaber.com\/wp-content\/uploads\/2026\/08\/eski-bakan-adina-tahsisli-iste-20164795-9595_1_m-300x162.webp 300w, https:\/\/turkiyemhaber.com\/wp-content\/uploads\/2026\/08\/eski-bakan-adina-tahsisli-iste-20164795-9595_1_m-18x10.webp 18w\" sizes=\"auto, (max-width: 640px) 100vw, 640px\" \/><\/figure>\n\n\n\n<h3 class=\"wp-block-heading\">V\u0130P ARA\u00c7TA 58 B\u0130N AVRO ELE GE\u00c7\u0130R\u0130LD\u0130<\/h3>\n\n\n\n<p class=\"wp-block-paragraph\">Mu\u011fla \u0130l Emniyet M\u00fcd\u00fcrl\u00fc\u011f\u00fc \u0130stihbarat ve KOM \u015eube M\u00fcd\u00fcrl\u00fcklerinin ortak operasyonunda yakalanan Hilmi Tuna Kuri\u015f\u2019in de aralar\u0131nda bulundu\u011fu 3 ki\u015finin bulundu\u011fu 34 plakal\u0131, 2024 model Volvo S90 marka ara\u00e7ta arama yap\u0131ld\u0131.<\/p>\n\n\n\n<p class=\"wp-block-paragraph\">Arac\u0131n San Sistem Lojistik ad\u0131na kay\u0131tl\u0131 oldu\u011fu belirlendi. Yap\u0131lan incelemede arac\u0131n eski \u0130\u00e7i\u015fleri Bakan\u0131 \u0130dris Naim \u015eahin ad\u0131na 2030 y\u0131l\u0131na kadar ge\u00e7i\u015f \u00fcst\u00fcnl\u00fc\u011f\u00fcne sahip ara\u00e7 olarak resmi \u015fekilde tahsis edildi\u011fi tespit edildi.<\/p>\n\n\n\n<p class=\"wp-block-paragraph\">Ara\u00e7ta ger\u00e7ekle\u015ftirilen aramada 58 bin avro nakit para ele ge\u00e7irildi.<\/p>\n\n\n\n<h3 class=\"wp-block-heading\">ARA\u00c7 1 AY TRAF\u0130KTEN MEN ED\u0130LD\u0130<\/h3>\n\n\n\n<p class=\"wp-block-paragraph\">Emniyet ekiplerinin incelemesinde, arac\u0131n \u00f6n ve arka camlar\u0131n\u0131n i\u00e7erisine \u0131\u015f\u0131kl\u0131 ve sesli uyar\u0131 sistemlerinin mevzuata ayk\u0131r\u0131 \u015fekilde yerle\u015ftirildi\u011fi belirlendi.<\/p>\n\n\n\n<p class=\"wp-block-paragraph\">Trafik ekipleri taraf\u0131ndan uygulanan i\u015flemlerin ard\u0131ndan ara\u00e7, 1 ay s\u00fcreyle trafikten menedildi.<\/p>\n\n\n\n<p class=\"wp-block-paragraph\">Soru\u015fturma kapsam\u0131nda \u015f\u00fcphelilerle ilgili adli i\u015flemlerin s\u00fcrd\u00fc\u011f\u00fc bildirildi.<\/p>\n\n\n\n<figure class=\"wp-block-image size-full\"><img loading=\"lazy\" decoding=\"async\" width=\"640\" height=\"196\" src=\"https:\/\/turkiyemhaber.com\/wp-content\/uploads\/2026\/08\/eski-bakan-adina-tahsisli-iste-20164795-4687_1_m.webp\" alt=\"\" class=\"wp-image-5199\" srcset=\"https:\/\/turkiyemhaber.com\/wp-content\/uploads\/2026\/08\/eski-bakan-adina-tahsisli-iste-20164795-4687_1_m.webp 640w, https:\/\/turkiyemhaber.com\/wp-content\/uploads\/2026\/08\/eski-bakan-adina-tahsisli-iste-20164795-4687_1_m-18x6.webp 18w, https:\/\/turkiyemhaber.com\/wp-content\/uploads\/2026\/08\/eski-bakan-adina-tahsisli-iste-20164795-4687_1_m-300x92.webp 300w\" sizes=\"auto, (max-width: 640px) 100vw, 640px\" \/><\/figure>\n\n\n\n<h3 class=\"wp-block-heading\">200 K\u0130LOGRAM K\u00dcL\u00c7E ALTIN BULUNMU\u015eTU<\/h3>\n\n\n\n<p class=\"wp-block-paragraph\">Alihan Kuri\u015f \u00e7\u0131kar ama\u00e7l\u0131 su\u00e7 \u00f6rg\u00fct\u00fcne y\u00f6nelik soru\u015fturma kapsam\u0131nda daha \u00f6nce d\u00fczenlenen operasyonda 38 \u015f\u00fcpheli g\u00f6zalt\u0131na al\u0131nm\u0131\u015f, bunlardan 32\u2019si tutuklanm\u0131\u015ft\u0131.<\/p>\n\n\n\n<p class=\"wp-block-paragraph\">Soru\u015fturma kapsam\u0131nda Hilmi Tuna Kuri\u015f\u2019e y\u00f6nelik yap\u0131lan aramalarda ise bir adreste kayna\u011f\u0131 belirsiz 200 kilogram k\u00fcl\u00e7e alt\u0131n ele ge\u00e7irilmi\u015fti.<\/p>\n","protected":false},"excerpt":{"rendered":"<p>Ankara\u2019da y\u00fcr\u00fct\u00fclen Alihan Kuri\u015f su\u00e7 \u00f6rg\u00fct\u00fc soru\u015fturmas\u0131 kapsam\u0131nda firari olarak aranan Hilmi Tuna Kuri\u015f, Mu\u011fla\u2019n\u0131n<\/p>\n","protected":false},"author":1,"featured_media":5196,"comment_status":"open","ping_status":"open","sticky":false,"template":"","format":"standard","meta":{"_rtcl_gb_attr":"","footnotes":""},"categories":[1],"tags":[],"class_list":["post-5195","post","type-post","status-publish","format-standard","has-post-thumbnail","hentry","category-http-turkiyemhaber-com-wp-content-uploads-2026-03-saray-59-haber-13-mart-pdf"],"_links":{"self":[{"href":"https:\/\/turkiyemhaber.com\/index.php?rest_route=\/wp\/v2\/posts\/5195","targetHints":{"allow":["GET"]}}],"collection":[{"href":"https:\/\/turkiyemhaber.com\/index.php?rest_route=\/wp\/v2\/posts"}],"about":[{"href":"https:\/\/turkiyemhaber.com\/index.php?rest_route=\/wp\/v2\/types\/post"}],"author":[{"embeddable":true,"href":"https:\/\/turkiyemhaber.com\/index.php?rest_route=\/wp\/v2\/users\/1"}],"replies":[{"embeddable":true,"href":"https:\/\/turkiyemhaber.com\/index.php?rest_route=%2Fwp%2Fv2%2Fcomments&post=5195"}],"version-history":[{"count":2,"href":"https:\/\/turkiyemhaber.com\/index.php?rest_route=\/wp\/v2\/posts\/5195\/revisions"}],"predecessor-version":[{"id":5200,"href":"https:\/\/turkiyemhaber.com\/index.php?rest_route=\/wp\/v2\/posts\/5195\/revisions\/5200"}],"wp:featuredmedia":[{"embeddable":true,"href":"https:\/\/turkiyemhaber.com\/index.php?rest_route=\/wp\/v2\/media\/5196"}],"wp:attachment":[{"href":"https:\/\/turkiyemhaber.com\/index.php?rest_route=%2Fwp%2Fv2%2Fmedia&parent=5195"}],"wp:term":[{"taxonomy":"category","embeddable":true,"href":"https:\/\/turkiyemhaber.com\/index.php?rest_route=%2Fwp%2Fv2%2Fcategories&post=5195"},{"taxonomy":"post_tag","embeddable":true,"href":"https:\/\/turkiyemhaber.com\/index.php?rest_route=%2Fwp%2Fv2%2Ftags&post=5195"}],"curies":[{"name":"wp","href":"https:\/\/api.w.org\/{rel}","templated":true}]}}