{"id":5192,"date":"2026-08-21T16:38:28","date_gmt":"2026-08-21T16:38:28","guid":{"rendered":"https:\/\/turkiyemhaber.com\/?p=5192"},"modified":"2026-08-21T16:38:34","modified_gmt":"2026-08-21T16:38:34","slug":"manifest-grubu-ve-menajer-tolga-akis-hakkinda-sok-iddialar-paylasilan-video-kaldirildi","status":"publish","type":"post","link":"https:\/\/turkiyemhaber.com\/?p=5192","title":{"rendered":"Manifest Grubu ve Menajer Tolga Ak\u0131\u015f Hakk\u0131nda \u015eok \u0130ddialar! Payla\u015f\u0131lan Video Kald\u0131r\u0131ld\u0131"},"content":{"rendered":"\n<p class=\"wp-block-paragraph\">Bir d\u00f6nem Manifest grubuyla \u00e7al\u0131\u015fan foto\u011fraf\u00e7\u0131 Mesut Adlin, grup ve y\u00f6netimi hakk\u0131nda dikkat \u00e7eken iddialarda bulundu. Adlin, YouTube\u2019da yay\u0131nlad\u0131\u011f\u0131 videoda grup \u00fcyelerinin 10 y\u0131ll\u0131k s\u00f6zle\u015fme imzalad\u0131\u011f\u0131n\u0131, gelir payla\u015f\u0131m\u0131nda \u00e7e\u015fitli \u015fartlar bulundu\u011funu ve baz\u0131 \u00fcyelerin \u00f6zel hayatlar\u0131na m\u00fcdahale edildi\u011fini \u00f6ne s\u00fcrd\u00fc.<\/p>\n\n\n\n<p class=\"wp-block-paragraph\">Mesut Adlin, iddialar\u0131n\u0131 destekledi\u011fini belirtti\u011fi baz\u0131 mesaj, ekran g\u00f6r\u00fcnt\u00fcs\u00fc ve kay\u0131tlar\u0131 da payla\u015farak ya\u015fad\u0131klar\u0131n\u0131 anlatt\u0131.<\/p>\n\n\n\n<h3 class=\"wp-block-heading\">\u201c10 YILLIK S\u00d6ZLE\u015eME\u201d \u0130DD\u0130ASI<\/h3>\n\n\n\n<p class=\"wp-block-paragraph\">Adlin, Manifest \u00fcyeleriyle 10 y\u0131ll\u0131k s\u00f6zle\u015fme imzaland\u0131\u011f\u0131n\u0131 iddia etti.<\/p>\n\n\n\n<p class=\"wp-block-paragraph\">Spotify ve YouTube gelirlerinin tamam\u0131n\u0131n Tolga Ak\u0131\u015f taraf\u0131na b\u0131rak\u0131ld\u0131\u011f\u0131n\u0131 \u00f6ne s\u00fcren Adlin, konser gelirlerinde ise her grup \u00fcyesine y\u00fczde 10 pay verildi\u011fini savundu.<\/p>\n\n\n\n<p class=\"wp-block-paragraph\">Marka i\u015f birliklerinden elde edilen gelirlerde \u00fcyelere yap\u0131lacak \u00f6demenin de y\u00f6netim taraf\u0131ndan belirlendi\u011fini iddia eden Adlin, s\u00f6zle\u015fmedeki gelir payla\u015f\u0131m\u0131 \u015fartlar\u0131n\u0131n dikkat \u00e7ekici oldu\u011funu \u00f6ne s\u00fcrd\u00fc.<\/p>\n\n\n\n<h3 class=\"wp-block-heading\">\u201c\u00d6ZEL HAYATLARINA M\u00dcDAHALE ED\u0130LD\u0130\u201d \u0130DD\u0130ASI<\/h3>\n\n\n\n<p class=\"wp-block-paragraph\">Mesut Adlin\u2019in g\u00fcndeme getirdi\u011fi bir di\u011fer konu ise grup \u00fcyelerinin \u00f6zel hayatlar\u0131 oldu.<\/p>\n\n\n\n<p class=\"wp-block-paragraph\">Adlin, Sueda Uluca ile Berkcan G\u00fcven aras\u0131ndaki ili\u015fkinin y\u00f6netim taraf\u0131ndan grubun imaj\u0131na uygun bulunmad\u0131\u011f\u0131n\u0131 iddia etti. Berkcan G\u00fcven\u2019e ili\u015fkinin Manifest\u2019e zarar verdi\u011finin iletildi\u011fini ve ili\u015fkinin s\u00fcrmesi halinde Sueda Uluca\u2019n\u0131n gruptan \u00e7\u0131kar\u0131lmas\u0131n\u0131n g\u00fcndeme getirildi\u011fini \u00f6ne s\u00fcrd\u00fc.<\/p>\n\n\n\n<p class=\"wp-block-paragraph\">Adlin ayr\u0131ca Hilal Yelek\u00e7i ile Agah Uz aras\u0131ndaki ili\u015fki konusunda da benzer bir durum ya\u015fand\u0131\u011f\u0131n\u0131 iddia etti. Tolga Ak\u0131\u015f\u2019\u0131n di\u011fer grup \u00fcyelerine, Hilal Yelek\u00e7i\u2019nin ili\u015fkiyi bitirmemesi halinde Manifest\u2019i da\u011f\u0131taca\u011f\u0131n\u0131 s\u00f6yledi\u011fini \u00f6ne s\u00fcrd\u00fc.<\/p>\n\n\n\n<h3 class=\"wp-block-heading\">YAYINLADI\u011eI V\u0130DEO KALDIRILDI<\/h3>\n\n\n\n<p class=\"wp-block-paragraph\">Mesut Adlin\u2019in YouTube\u2019da yay\u0131nlad\u0131\u011f\u0131 video daha sonra platformdan kald\u0131r\u0131ld\u0131. Adlin, videoyu yeniden y\u00fckledi.<\/p>\n\n\n\n<p class=\"wp-block-paragraph\">Foto\u011fraf\u00e7\u0131 ayr\u0131ca Instagram hik\u00e2yesinde yapt\u0131\u011f\u0131 payla\u015f\u0131mda, kendisiyle ileti\u015fime ge\u00e7ildi\u011fini belirterek elinde telefon konu\u015fmalar\u0131, kay\u0131tlar ve ekran g\u00f6r\u00fcnt\u00fcleri bulundu\u011funu ve bunlar\u0131 ba\u015fka bir videoda payla\u015faca\u011f\u0131n\u0131 ifade etti.<\/p>\n\n\n\n<p class=\"wp-block-paragraph\">Adlin\u2019in a\u00e7\u0131klamalar\u0131 sosyal medyada k\u0131sa s\u00fcrede g\u00fcndem olurken, 10 y\u0131ll\u0131k s\u00f6zle\u015fme, gelir payla\u015f\u0131m\u0131 ve grup \u00fcyelerinin \u00f6zel hayatlar\u0131na m\u00fcdahale edildi\u011fi y\u00f6n\u00fcndeki iddialar tart\u0131\u015fma yaratt\u0131.<\/p>\n","protected":false},"excerpt":{"rendered":"<p>Bir d\u00f6nem Manifest grubuyla \u00e7al\u0131\u015fan foto\u011fraf\u00e7\u0131 Mesut Adlin, grup ve y\u00f6netimi hakk\u0131nda dikkat \u00e7eken iddialarda<\/p>\n","protected":false},"author":1,"featured_media":5193,"comment_status":"open","ping_status":"open","sticky":false,"template":"","format":"standard","meta":{"_rtcl_gb_attr":"","footnotes":""},"categories":[41],"tags":[],"class_list":["post-5192","post","type-post","status-publish","format-standard","has-post-thumbnail","hentry","category-magazin"],"_links":{"self":[{"href":"https:\/\/turkiyemhaber.com\/index.php?rest_route=\/wp\/v2\/posts\/5192","targetHints":{"allow":["GET"]}}],"collection":[{"href":"https:\/\/turkiyemhaber.com\/index.php?rest_route=\/wp\/v2\/posts"}],"about":[{"href":"https:\/\/turkiyemhaber.com\/index.php?rest_route=\/wp\/v2\/types\/post"}],"author":[{"embeddable":true,"href":"https:\/\/turkiyemhaber.com\/index.php?rest_route=\/wp\/v2\/users\/1"}],"replies":[{"embeddable":true,"href":"https:\/\/turkiyemhaber.com\/index.php?rest_route=%2Fwp%2Fv2%2Fcomments&post=5192"}],"version-history":[{"count":1,"href":"https:\/\/turkiyemhaber.com\/index.php?rest_route=\/wp\/v2\/posts\/5192\/revisions"}],"predecessor-version":[{"id":5194,"href":"https:\/\/turkiyemhaber.com\/index.php?rest_route=\/wp\/v2\/posts\/5192\/revisions\/5194"}],"wp:featuredmedia":[{"embeddable":true,"href":"https:\/\/turkiyemhaber.com\/index.php?rest_route=\/wp\/v2\/media\/5193"}],"wp:attachment":[{"href":"https:\/\/turkiyemhaber.com\/index.php?rest_route=%2Fwp%2Fv2%2Fmedia&parent=5192"}],"wp:term":[{"taxonomy":"category","embeddable":true,"href":"https:\/\/turkiyemhaber.com\/index.php?rest_route=%2Fwp%2Fv2%2Fcategories&post=5192"},{"taxonomy":"post_tag","embeddable":true,"href":"https:\/\/turkiyemhaber.com\/index.php?rest_route=%2Fwp%2Fv2%2Ftags&post=5192"}],"curies":[{"name":"wp","href":"https:\/\/api.w.org\/{rel}","templated":true}]}}