{"id":5189,"date":"2026-08-21T16:35:04","date_gmt":"2026-08-21T16:35:04","guid":{"rendered":"https:\/\/turkiyemhaber.com\/?p=5189"},"modified":"2026-08-21T16:35:09","modified_gmt":"2026-08-21T16:35:09","slug":"ozgur-ozel-iktidarla-ugrasmaya-artik-niyetimiz-yok","status":"publish","type":"post","link":"https:\/\/turkiyemhaber.com\/?p=5189","title":{"rendered":"\u00d6zg\u00fcr \u00d6zel: \u201c\u0130ktidarla U\u011fra\u015fmaya Art\u0131k Niyetimiz Yok\u201d"},"content":{"rendered":"\n<p class=\"wp-block-paragraph\">Yeni Parti Genel Ba\u015fkan\u0131 \u00d6zg\u00fcr \u00d6zel, Trabzon\u2019da ger\u00e7ekle\u015ftirdi\u011fi ziyaretler s\u0131ras\u0131nda yapt\u0131\u011f\u0131 a\u00e7\u0131klamalarla dikkat \u00e7ekti. \u00d6zel, Yeni Parti\u2019nin art\u0131k muhalefet partisi olmad\u0131\u011f\u0131n\u0131 belirterek hedeflerinin iktidar olmak oldu\u011funu s\u00f6yledi.<\/p>\n\n\n\n<p class=\"wp-block-paragraph\">Trabzon\u2019da partililer taraf\u0131ndan kar\u015f\u0131lanan \u00d6zel, Karadeniz b\u00f6lgesinden g\u00fc\u00e7l\u00fc bir ba\u015flang\u0131\u00e7 yapmak istediklerini ifade etti.<\/p>\n\n\n\n<h3 class=\"wp-block-heading\">\u201cMUHAFAZAKARLARIN, K\u00dcRTLER\u0130N, LAZLARIN PART\u0130S\u0130Y\u0130Z\u201d<\/h3>\n\n\n\n<p class=\"wp-block-paragraph\">Yeni Parti\u2019nin farkl\u0131 toplumsal kesimlere hitap etti\u011fini belirten \u00d6zel, Trabzon, Rize, Artvin ve Giresun\u2019dan yo\u011fun \u015fekilde davet ald\u0131klar\u0131n\u0131 s\u00f6yledi.<\/p>\n\n\n\n<p class=\"wp-block-paragraph\">\u00d6zel, \u201c\u0130ktidarla u\u011fra\u015fmaya, didi\u015fmeye niyetimiz yok art\u0131k. Yeni Parti, muhafazakarlar\u0131n yeni partisi, Lazlar\u0131n da yeni partisi, K\u00fcrtlerin de yeni partisi, b\u00fct\u00fcn T\u00fcrkiye\u2019nin yeni partisi yola \u00e7\u0131kt\u0131\u201d ifadelerini kulland\u0131.<\/p>\n\n\n\n<h3 class=\"wp-block-heading\">\u201cYEN\u0130 PART\u0130 MUHALEFET PART\u0130S\u0130 DE\u011e\u0130L\u201d<\/h3>\n\n\n\n<p class=\"wp-block-paragraph\">Yeni Parti\u2019nin kurulu\u015f amac\u0131n\u0131n iktidar olmak oldu\u011funu belirten \u00d6zel, \u201cArt\u0131k Yeni Parti bir muhalefet partisi de\u011fil, bunu herkes bilsin. Yeni Parti\u2019yi bir partimiz olsun diye de\u011fil, iktidar olsun diye kurduk\u201d dedi.<\/p>\n\n\n\n<p class=\"wp-block-paragraph\">\u00d6zel, iktidar\u0131n de\u011fi\u015fece\u011fini ve sonraki d\u00f6nemde T\u00fcrkiye Cumhuriyeti\u2019nin yeni iktidar\u0131n\u0131n Yeni Parti taraf\u0131ndan kurulaca\u011f\u0131n\u0131 savundu.<\/p>\n\n\n\n<h3 class=\"wp-block-heading\">EMEKL\u0130 MAA\u015eI VAAD\u0130<\/h3>\n\n\n\n<p class=\"wp-block-paragraph\">\u00d6zg\u00fcr \u00d6zel, emekli maa\u015flar\u0131na ili\u015fkin de dikkat \u00e7eken bir vaatte bulundu. \u00d6zel, iktidara gelmeleri halinde en d\u00fc\u015f\u00fck emekli maa\u015f\u0131n\u0131n 3 ay i\u00e7erisinde \u00f6nce bir asgari \u00fccret seviyesine, daha sonra ise 1,5 asgari \u00fccret seviyesine \u00e7\u0131kar\u0131laca\u011f\u0131n\u0131 s\u00f6yledi.<\/p>\n\n\n\n<p class=\"wp-block-paragraph\">Yeni Parti\u2019nin ge\u00e7mi\u015f d\u00f6nemde haz\u0131rlad\u0131\u011f\u0131 \u00e7al\u0131\u015fmalar ve vaatlerin de yeni parti yap\u0131lanmas\u0131na ta\u015f\u0131nd\u0131\u011f\u0131n\u0131 belirten \u00d6zel, sosyal demokratlar\u0131n yan\u0131 s\u0131ra muhafazakar demokratlar ve milliyet\u00e7i demokratlar\u0131 da parti kadrolar\u0131na davet etti.<\/p>\n\n\n\n<p class=\"wp-block-paragraph\">\u00d6zel, \u201cYeni Parti eskisi olmayan bir partidir. Yeni Parti kap\u0131lar\u0131 herkese a\u00e7\u0131k olan bir partidir\u201d ifadelerini kulland\u0131.<\/p>\n","protected":false},"excerpt":{"rendered":"<p>Yeni Parti Genel Ba\u015fkan\u0131 \u00d6zg\u00fcr \u00d6zel, Trabzon\u2019da ger\u00e7ekle\u015ftirdi\u011fi ziyaretler s\u0131ras\u0131nda yapt\u0131\u011f\u0131 a\u00e7\u0131klamalarla dikkat \u00e7ekti. \u00d6zel,<\/p>\n","protected":false},"author":1,"featured_media":5190,"comment_status":"open","ping_status":"open","sticky":false,"template":"","format":"standard","meta":{"_rtcl_gb_attr":"","footnotes":""},"categories":[44],"tags":[],"class_list":["post-5189","post","type-post","status-publish","format-standard","has-post-thumbnail","hentry","category-politika"],"_links":{"self":[{"href":"https:\/\/turkiyemhaber.com\/index.php?rest_route=\/wp\/v2\/posts\/5189","targetHints":{"allow":["GET"]}}],"collection":[{"href":"https:\/\/turkiyemhaber.com\/index.php?rest_route=\/wp\/v2\/posts"}],"about":[{"href":"https:\/\/turkiyemhaber.com\/index.php?rest_route=\/wp\/v2\/types\/post"}],"author":[{"embeddable":true,"href":"https:\/\/turkiyemhaber.com\/index.php?rest_route=\/wp\/v2\/users\/1"}],"replies":[{"embeddable":true,"href":"https:\/\/turkiyemhaber.com\/index.php?rest_route=%2Fwp%2Fv2%2Fcomments&post=5189"}],"version-history":[{"count":1,"href":"https:\/\/turkiyemhaber.com\/index.php?rest_route=\/wp\/v2\/posts\/5189\/revisions"}],"predecessor-version":[{"id":5191,"href":"https:\/\/turkiyemhaber.com\/index.php?rest_route=\/wp\/v2\/posts\/5189\/revisions\/5191"}],"wp:featuredmedia":[{"embeddable":true,"href":"https:\/\/turkiyemhaber.com\/index.php?rest_route=\/wp\/v2\/media\/5190"}],"wp:attachment":[{"href":"https:\/\/turkiyemhaber.com\/index.php?rest_route=%2Fwp%2Fv2%2Fmedia&parent=5189"}],"wp:term":[{"taxonomy":"category","embeddable":true,"href":"https:\/\/turkiyemhaber.com\/index.php?rest_route=%2Fwp%2Fv2%2Fcategories&post=5189"},{"taxonomy":"post_tag","embeddable":true,"href":"https:\/\/turkiyemhaber.com\/index.php?rest_route=%2Fwp%2Fv2%2Ftags&post=5189"}],"curies":[{"name":"wp","href":"https:\/\/api.w.org\/{rel}","templated":true}]}}