{"id":5180,"date":"2026-08-21T16:23:25","date_gmt":"2026-08-21T16:23:25","guid":{"rendered":"https:\/\/turkiyemhaber.com\/?p=5180"},"modified":"2026-08-21T16:23:31","modified_gmt":"2026-08-21T16:23:31","slug":"tekirdagda-yoksullukla-mucadele-masaya-yatirildi","status":"publish","type":"post","link":"https:\/\/turkiyemhaber.com\/?p=5180","title":{"rendered":"Tekirda\u011f\u2019da Yoksullukla M\u00fccadele Masaya Yat\u0131r\u0131ld\u0131"},"content":{"rendered":"\n<p class=\"wp-block-paragraph\">Tekirda\u011f B\u00fcy\u00fck\u015fehir Belediyesi, yoksullukla m\u00fccadele ve sosyal politikalar\u0131n geli\u015ftirilmesi amac\u0131yla sosyal yard\u0131m ve sosyal hizmet uygulamalar\u0131n\u0131n de\u011ferlendirildi\u011fi bir toplant\u0131 d\u00fczenledi.<\/p>\n\n\n\n<p class=\"wp-block-paragraph\">Sa\u011fl\u0131k ve Sosyal Hizmetler Dairesi Ba\u015fkanl\u0131\u011f\u0131 ile Tekirda\u011f Planlama Ajans\u0131 (TEKPA) taraf\u0131ndan d\u00fczenlenen toplant\u0131da, yoksullukla m\u00fccadelede izlenebilecek y\u00f6ntemler ve sosyal destek mekanizmalar\u0131n\u0131n geli\u015ftirilmesine y\u00f6nelik \u00e7al\u0131\u015fmalar ele al\u0131nd\u0131.<\/p>\n\n\n\n<p class=\"wp-block-paragraph\">Toplant\u0131ya gazeteci, yazar ve insan haklar\u0131 aktivisti Hacer Foggo, Tekirda\u011f Nam\u0131k Kemal \u00dcniversitesi \u00d6\u011fretim \u00dcyesi Do\u00e7. Dr. Davuthan G\u00fcnayd\u0131n, Sa\u011fl\u0131k ve Sosyal Hizmetler Dairesi Ba\u015fkan\u0131 Sultan Ate\u015fo\u011flu, Sosyal Yard\u0131mlar \u015eube M\u00fcd\u00fcr\u00fc Zeliha T\u00fcmer, TEKPA Genel M\u00fcd\u00fcr\u00fc Mehmet Aky\u00fcrek, TEKPA Genel Koordinat\u00f6r\u00fc Dr. \u00d6mer Selvi ve ilgili uzman personel kat\u0131ld\u0131.<\/p>\n\n\n\n<h3 class=\"wp-block-heading\">SOSYAL POL\u0130T\u0130KALAR \u0130\u00c7\u0130N ORTAK AKIL<\/h3>\n\n\n\n<p class=\"wp-block-paragraph\">B\u00fcy\u00fck\u015fehir Belediyesi ev sahipli\u011finde ger\u00e7ekle\u015ftirilen toplant\u0131da, yoksullukla m\u00fccadelede uygulanabilecek y\u00f6ntemler, sosyal yard\u0131m ve sosyal hizmet \u00e7al\u0131\u015fmalar\u0131 ile ihtiya\u00e7lar\u0131n do\u011fru \u015fekilde tespit edilmesi konular\u0131 g\u00f6r\u00fc\u015f\u00fcld\u00fc.<\/p>\n\n\n\n<p class=\"wp-block-paragraph\">Toplant\u0131da mevcut sosyal yard\u0131m uygulamalar\u0131n\u0131n geli\u015ftirilmesi ve sosyal politika alan\u0131nda hayata ge\u00e7irilebilecek yeni \u00e7al\u0131\u015fmalar hakk\u0131nda g\u00f6r\u00fc\u015f al\u0131\u015fveri\u015finde bulunuldu.<\/p>\n\n\n\n<h3 class=\"wp-block-heading\">TEK\u0130RDA\u011e\u2019A \u00d6ZEL \u00c7ALI\u015eMALAR DE\u011eERLEND\u0130R\u0130LD\u0130<\/h3>\n\n\n\n<p class=\"wp-block-paragraph\">Yoksullukla m\u00fccadelede ihtiya\u00e7lar\u0131n do\u011fru belirlenmesi ve sosyal destek mekanizmalar\u0131n\u0131n daha etkin hale getirilmesi amac\u0131yla ger\u00e7ekle\u015ftirilen toplant\u0131da, Tekirda\u011f \u00f6zelinde y\u00fcr\u00fct\u00fclebilecek \u00e7al\u0131\u015fmalar da ele al\u0131nd\u0131.<\/p>\n\n\n\n<p class=\"wp-block-paragraph\">Kat\u0131l\u0131mc\u0131lar, kentte sosyal politika uygulamalar\u0131n\u0131n geli\u015ftirilmesi ve ihtiya\u00e7 sahiplerine y\u00f6nelik desteklerin daha etkin \u015fekilde ula\u015ft\u0131r\u0131lmas\u0131 konusunda de\u011ferlendirmelerde bulundu.<\/p>\n","protected":false},"excerpt":{"rendered":"<p>Tekirda\u011f B\u00fcy\u00fck\u015fehir Belediyesi, yoksullukla m\u00fccadele ve sosyal politikalar\u0131n geli\u015ftirilmesi amac\u0131yla sosyal yard\u0131m ve sosyal hizmet<\/p>\n","protected":false},"author":1,"featured_media":5181,"comment_status":"open","ping_status":"open","sticky":false,"template":"","format":"standard","meta":{"_rtcl_gb_attr":"","footnotes":""},"categories":[74],"tags":[],"class_list":["post-5180","post","type-post","status-publish","format-standard","has-post-thumbnail","hentry","category-yerel-haberler"],"_links":{"self":[{"href":"https:\/\/turkiyemhaber.com\/index.php?rest_route=\/wp\/v2\/posts\/5180","targetHints":{"allow":["GET"]}}],"collection":[{"href":"https:\/\/turkiyemhaber.com\/index.php?rest_route=\/wp\/v2\/posts"}],"about":[{"href":"https:\/\/turkiyemhaber.com\/index.php?rest_route=\/wp\/v2\/types\/post"}],"author":[{"embeddable":true,"href":"https:\/\/turkiyemhaber.com\/index.php?rest_route=\/wp\/v2\/users\/1"}],"replies":[{"embeddable":true,"href":"https:\/\/turkiyemhaber.com\/index.php?rest_route=%2Fwp%2Fv2%2Fcomments&post=5180"}],"version-history":[{"count":1,"href":"https:\/\/turkiyemhaber.com\/index.php?rest_route=\/wp\/v2\/posts\/5180\/revisions"}],"predecessor-version":[{"id":5182,"href":"https:\/\/turkiyemhaber.com\/index.php?rest_route=\/wp\/v2\/posts\/5180\/revisions\/5182"}],"wp:featuredmedia":[{"embeddable":true,"href":"https:\/\/turkiyemhaber.com\/index.php?rest_route=\/wp\/v2\/media\/5181"}],"wp:attachment":[{"href":"https:\/\/turkiyemhaber.com\/index.php?rest_route=%2Fwp%2Fv2%2Fmedia&parent=5180"}],"wp:term":[{"taxonomy":"category","embeddable":true,"href":"https:\/\/turkiyemhaber.com\/index.php?rest_route=%2Fwp%2Fv2%2Fcategories&post=5180"},{"taxonomy":"post_tag","embeddable":true,"href":"https:\/\/turkiyemhaber.com\/index.php?rest_route=%2Fwp%2Fv2%2Ftags&post=5180"}],"curies":[{"name":"wp","href":"https:\/\/api.w.org\/{rel}","templated":true}]}}