{"id":5177,"date":"2026-08-21T16:21:57","date_gmt":"2026-08-21T16:21:57","guid":{"rendered":"https:\/\/turkiyemhaber.com\/?p=5177"},"modified":"2026-08-21T16:22:04","modified_gmt":"2026-08-21T16:22:04","slug":"yunuslar-tekneye-eslik-etti","status":"publish","type":"post","link":"https:\/\/turkiyemhaber.com\/?p=5177","title":{"rendered":"Yunuslar Tekneye E\u015flik Etti"},"content":{"rendered":"\n<p class=\"wp-block-paragraph\">Marmara Denizi\u2019nde Tekirda\u011f a\u00e7\u0131klar\u0131nda tekneyle denize a\u00e7\u0131lan vatanda\u015flar, yunuslar\u0131n tekneye e\u015flik etti\u011fi anlar\u0131 cep telefonu kameras\u0131yla kaydetti.<\/p>\n\n\n\n<p class=\"wp-block-paragraph\">Denizde ilerleyen teknenin \u00e7evresinde ortaya \u00e7\u0131kan yunuslar, bir s\u00fcre tekneyle birlikte y\u00fczd\u00fc. Teknenin \u00f6n\u00fcnde ve yan\u0131nda ilerleyen yunuslar, zaman zaman su y\u00fczeyine \u00e7\u0131karak yeniden dal\u0131\u015f yapt\u0131.<\/p>\n\n\n\n<p class=\"wp-block-paragraph\">Yunuslar\u0131n tekneye e\u015flik etti\u011fi anlar vatanda\u015flardan biri taraf\u0131ndan cep telefonu kameras\u0131yla g\u00f6r\u00fcnt\u00fclendi. G\u00f6r\u00fcnt\u00fclerde yunuslar\u0131n teknenin \u00f6n\u00fcnde ve \u00e7evresinde y\u00fczerek ilerledi\u011fi g\u00f6r\u00fcld\u00fc.<\/p>\n\n\n\n<p class=\"wp-block-paragraph\">Bir s\u00fcre tekneyle birlikte hareket eden yunuslar, daha sonra uzakla\u015farak g\u00f6zden kayboldu.<\/p>\n","protected":false},"excerpt":{"rendered":"<p>Marmara Denizi\u2019nde Tekirda\u011f a\u00e7\u0131klar\u0131nda tekneyle denize a\u00e7\u0131lan vatanda\u015flar, yunuslar\u0131n tekneye e\u015flik etti\u011fi anlar\u0131 cep telefonu<\/p>\n","protected":false},"author":1,"featured_media":5178,"comment_status":"open","ping_status":"open","sticky":false,"template":"","format":"standard","meta":{"_rtcl_gb_attr":"","footnotes":""},"categories":[74],"tags":[],"class_list":["post-5177","post","type-post","status-publish","format-standard","has-post-thumbnail","hentry","category-yerel-haberler"],"_links":{"self":[{"href":"https:\/\/turkiyemhaber.com\/index.php?rest_route=\/wp\/v2\/posts\/5177","targetHints":{"allow":["GET"]}}],"collection":[{"href":"https:\/\/turkiyemhaber.com\/index.php?rest_route=\/wp\/v2\/posts"}],"about":[{"href":"https:\/\/turkiyemhaber.com\/index.php?rest_route=\/wp\/v2\/types\/post"}],"author":[{"embeddable":true,"href":"https:\/\/turkiyemhaber.com\/index.php?rest_route=\/wp\/v2\/users\/1"}],"replies":[{"embeddable":true,"href":"https:\/\/turkiyemhaber.com\/index.php?rest_route=%2Fwp%2Fv2%2Fcomments&post=5177"}],"version-history":[{"count":1,"href":"https:\/\/turkiyemhaber.com\/index.php?rest_route=\/wp\/v2\/posts\/5177\/revisions"}],"predecessor-version":[{"id":5179,"href":"https:\/\/turkiyemhaber.com\/index.php?rest_route=\/wp\/v2\/posts\/5177\/revisions\/5179"}],"wp:featuredmedia":[{"embeddable":true,"href":"https:\/\/turkiyemhaber.com\/index.php?rest_route=\/wp\/v2\/media\/5178"}],"wp:attachment":[{"href":"https:\/\/turkiyemhaber.com\/index.php?rest_route=%2Fwp%2Fv2%2Fmedia&parent=5177"}],"wp:term":[{"taxonomy":"category","embeddable":true,"href":"https:\/\/turkiyemhaber.com\/index.php?rest_route=%2Fwp%2Fv2%2Fcategories&post=5177"},{"taxonomy":"post_tag","embeddable":true,"href":"https:\/\/turkiyemhaber.com\/index.php?rest_route=%2Fwp%2Fv2%2Ftags&post=5177"}],"curies":[{"name":"wp","href":"https:\/\/api.w.org\/{rel}","templated":true}]}}