{"id":5174,"date":"2026-08-21T16:18:43","date_gmt":"2026-08-21T16:18:43","guid":{"rendered":"https:\/\/turkiyemhaber.com\/?p=5174"},"modified":"2026-08-21T16:18:55","modified_gmt":"2026-08-21T16:18:55","slug":"motosiklet-kazasi-surucu-hayatini-kaybetti","status":"publish","type":"post","link":"https:\/\/turkiyemhaber.com\/?p=5174","title":{"rendered":"Motosiklet Kazas\u0131: S\u00fcr\u00fcc\u00fc Hayat\u0131n\u0131 Kaybetti"},"content":{"rendered":"\n<p class=\"wp-block-paragraph\">Tekirda\u011f\u2019\u0131n Hayrabolu il\u00e7esinde motosikletin devrilmesi sonucu meydana gelen kazada 49 ya\u015f\u0131ndaki s\u00fcr\u00fcc\u00fc Arif A. hayat\u0131n\u0131 kaybetti.<\/p>\n\n\n\n<p class=\"wp-block-paragraph\">Kaza, Hayrabolu-Malkara kara yolunda meydana geldi. Arif A.\u2019n\u0131n kulland\u0131\u011f\u0131 motosiklet, s\u00fcr\u00fcc\u00fcs\u00fcn\u00fcn kontrol\u00fcnden \u00e7\u0131karak devrildi.<\/p>\n\n\n\n<p class=\"wp-block-paragraph\">Kazay\u0131 g\u00f6renlerin ihbar\u0131 \u00fczerine olay yerine sa\u011fl\u0131k ve jandarma ekipleri sevk edildi.<\/p>\n\n\n\n<p class=\"wp-block-paragraph\">Sa\u011fl\u0131k ekiplerinin yapt\u0131\u011f\u0131 kontrolde Arif A.\u2019n\u0131n ya\u015fam\u0131n\u0131 yitirdi\u011fi belirlendi.<\/p>\n\n\n\n<p class=\"wp-block-paragraph\">Hayat\u0131n\u0131 kaybeden s\u00fcr\u00fcc\u00fcn\u00fcn cenazesi, Hayrabolu Devlet Hastanesi morguna kald\u0131r\u0131ld\u0131.<\/p>\n","protected":false},"excerpt":{"rendered":"<p>Tekirda\u011f\u2019\u0131n Hayrabolu il\u00e7esinde motosikletin devrilmesi sonucu meydana gelen kazada 49 ya\u015f\u0131ndaki s\u00fcr\u00fcc\u00fc Arif A. hayat\u0131n\u0131<\/p>\n","protected":false},"author":1,"featured_media":5175,"comment_status":"open","ping_status":"open","sticky":false,"template":"","format":"standard","meta":{"_rtcl_gb_attr":"","footnotes":""},"categories":[1],"tags":[],"class_list":["post-5174","post","type-post","status-publish","format-standard","has-post-thumbnail","hentry","category-http-turkiyemhaber-com-wp-content-uploads-2026-03-saray-59-haber-13-mart-pdf"],"_links":{"self":[{"href":"https:\/\/turkiyemhaber.com\/index.php?rest_route=\/wp\/v2\/posts\/5174","targetHints":{"allow":["GET"]}}],"collection":[{"href":"https:\/\/turkiyemhaber.com\/index.php?rest_route=\/wp\/v2\/posts"}],"about":[{"href":"https:\/\/turkiyemhaber.com\/index.php?rest_route=\/wp\/v2\/types\/post"}],"author":[{"embeddable":true,"href":"https:\/\/turkiyemhaber.com\/index.php?rest_route=\/wp\/v2\/users\/1"}],"replies":[{"embeddable":true,"href":"https:\/\/turkiyemhaber.com\/index.php?rest_route=%2Fwp%2Fv2%2Fcomments&post=5174"}],"version-history":[{"count":1,"href":"https:\/\/turkiyemhaber.com\/index.php?rest_route=\/wp\/v2\/posts\/5174\/revisions"}],"predecessor-version":[{"id":5176,"href":"https:\/\/turkiyemhaber.com\/index.php?rest_route=\/wp\/v2\/posts\/5174\/revisions\/5176"}],"wp:featuredmedia":[{"embeddable":true,"href":"https:\/\/turkiyemhaber.com\/index.php?rest_route=\/wp\/v2\/media\/5175"}],"wp:attachment":[{"href":"https:\/\/turkiyemhaber.com\/index.php?rest_route=%2Fwp%2Fv2%2Fmedia&parent=5174"}],"wp:term":[{"taxonomy":"category","embeddable":true,"href":"https:\/\/turkiyemhaber.com\/index.php?rest_route=%2Fwp%2Fv2%2Fcategories&post=5174"},{"taxonomy":"post_tag","embeddable":true,"href":"https:\/\/turkiyemhaber.com\/index.php?rest_route=%2Fwp%2Fv2%2Ftags&post=5174"}],"curies":[{"name":"wp","href":"https:\/\/api.w.org\/{rel}","templated":true}]}}