{"id":5171,"date":"2026-08-21T16:14:43","date_gmt":"2026-08-21T16:14:43","guid":{"rendered":"https:\/\/turkiyemhaber.com\/?p=5171"},"modified":"2026-08-21T16:14:49","modified_gmt":"2026-08-21T16:14:49","slug":"karadeniz-gazinda-6-yil-rezerv-785-milyar-metrekupe-uretim-67-milyar-metrekupe-ulasti","status":"publish","type":"post","link":"https:\/\/turkiyemhaber.com\/?p=5171","title":{"rendered":"Karadeniz Gaz\u0131nda 6 Y\u0131l: Rezerv 785 Milyar Metrek\u00fcpe, \u00dcretim 6,7 Milyar Metrek\u00fcpe Ula\u015ft\u0131"},"content":{"rendered":"\n<p class=\"wp-block-paragraph\">T\u00fcrkiye\u2019nin Karadeniz\u2019de ger\u00e7ekle\u015ftirdi\u011fi Cumhuriyet tarihinin en b\u00fcy\u00fck do\u011fal gaz ke\u015ffinin \u00fczerinden 6 y\u0131l ge\u00e7ti. Karadeniz\u2019de yap\u0131lan yeni ke\u015fiflerle toplam do\u011fal gaz rezervi 785 milyar metrek\u00fcpe ula\u015f\u0131rken, Sakarya Gaz Sahas\u0131\u2019nda 2023\u2019ten bu yana 6,7 milyar metrek\u00fcp \u00fcretim ger\u00e7ekle\u015ftirildi.<\/p>\n\n\n\n<h3 class=\"wp-block-heading\">\u0130LK KE\u015e\u0130F TUNA-1\u2019DE YAPILDI<\/h3>\n\n\n\n<p class=\"wp-block-paragraph\">Cumhurba\u015fkan\u0131 Recep Tayyip Erdo\u011fan, 21 A\u011fustos 2020\u2019de Karadeniz\u2019deki do\u011fal gaz ke\u015ffini kamuoyuna a\u00e7\u0131klad\u0131.<\/p>\n\n\n\n<p class=\"wp-block-paragraph\">Fatih Sondaj Gemisi\u2019nin Tuna-1 kuyusunda ger\u00e7ekle\u015ftirdi\u011fi \u00e7al\u0131\u015fmalar sonucunda 320 milyar metrek\u00fcpl\u00fck do\u011fal gaz ke\u015ffedildi. Daha sonra yap\u0131lan de\u011ferlendirmelerle Tuna-1 kuyusundaki rezerv 405 milyar metrek\u00fcp olarak g\u00fcncellendi.<\/p>\n\n\n\n<p class=\"wp-block-paragraph\">Karadeniz\u2019deki arama faaliyetleri sonraki y\u0131llarda da devam etti. Haziran 2021\u2019de Amasra-1, Aral\u0131k 2022\u2019de \u00c7aycuma-1 ve May\u0131s 2025\u2019te G\u00f6ktepe-3 kuyular\u0131ndaki ke\u015fiflerle toplam do\u011fal gaz rezervi 785 milyar metrek\u00fcpe y\u00fckseldi.<\/p>\n\n\n\n<h3 class=\"wp-block-heading\">KARADEN\u0130Z GAZI 2023\u2019TE \u015eEBEKEYE VER\u0130LD\u0130<\/h3>\n\n\n\n<p class=\"wp-block-paragraph\">Sakarya Gaz Sahas\u0131\u2019n\u0131n geli\u015ftirilmesi kapsam\u0131nda Filyos\u2019un yakla\u015f\u0131k 170 kilometre kuzeyinde ve 2 bin 200 metre deniz derinli\u011finde Deniz Taban\u0131 \u00dcretim Tesisi kuruldu.<\/p>\n\n\n\n<p class=\"wp-block-paragraph\">Deniz Taban\u0131 \u00dcretim Tesisi ile Filyos Do\u011fal Gaz \u0130\u015fleme Tesisi aras\u0131nda 170 kilometrelik boru hatt\u0131 in\u015fa edildi.<\/p>\n\n\n\n<p class=\"wp-block-paragraph\">Karadeniz gaz\u0131, 20 Nisan 2023\u2019te d\u00fczenlenen t\u00f6renle karaya ula\u015ft\u0131r\u0131ld\u0131. Yerli do\u011fal gaz, i\u015fleme s\u00fcre\u00e7lerinin ard\u0131ndan 30 A\u011fustos 2023\u2019te BOTA\u015e\u2019\u0131n ulusal do\u011fal gaz iletim \u015febekesine aktar\u0131ld\u0131.<\/p>\n\n\n\n<h3 class=\"wp-block-heading\">6,7 M\u0130LYAR METREK\u00dcP \u00dcRET\u0130M GER\u00c7EKLE\u015eT\u0130R\u0130LD\u0130<\/h3>\n\n\n\n<p class=\"wp-block-paragraph\">Sakarya Gaz Sahas\u0131\u2019nda \u00fcretimin ba\u015flamas\u0131n\u0131n ard\u0131ndan kuyu say\u0131s\u0131 12\u2019ye ula\u015ft\u0131.<\/p>\n\n\n\n<p class=\"wp-block-paragraph\">2023 y\u0131l\u0131ndan bu yana sahadan toplam 6,7 milyar metrek\u00fcp do\u011fal gaz \u00fcretildi. May\u0131s 2026 verilerine g\u00f6re T\u00fcrkiye\u2019nin toplam do\u011fal gaz \u00fcretiminin y\u00fczde 92\u2019si Sakarya Gaz Sahas\u0131\u2019ndan kar\u015f\u0131land\u0131.<\/p>\n\n\n\n<p class=\"wp-block-paragraph\">G\u00fcnl\u00fck \u00fcretim ise 9,5 milyon metrek\u00fcp seviyesine ula\u015ft\u0131.<\/p>\n\n\n\n<h3 class=\"wp-block-heading\">HEDEF G\u00dcNL\u00dcK 45 M\u0130LYON METREK\u00dcP<\/h3>\n\n\n\n<p class=\"wp-block-paragraph\">Sakarya Gaz Sahas\u0131\u2019nda yeni fazlar\u0131n devreye al\u0131nmas\u0131yla \u00fcretimin kademeli olarak art\u0131r\u0131lmas\u0131 planlan\u0131yor.<\/p>\n\n\n\n<p class=\"wp-block-paragraph\">Faz-2 kapsam\u0131nda Osman Gazi Y\u00fczer \u00dcretim Platformu\u2019nun y\u0131l\u0131n son \u00e7eyre\u011finde devreye al\u0131nmas\u0131yla g\u00fcnl\u00fck \u00fcretimin 20 milyon metrek\u00fcpe \u00e7\u0131kar\u0131lmas\u0131 hedefleniyor.<\/p>\n\n\n\n<p class=\"wp-block-paragraph\">Faz-3 kapsam\u0131nda in\u015fa edilen ikinci y\u00fczer \u00fcretim platformunun 2028\u2019de sisteme dahil olmas\u0131yla g\u00fcnl\u00fck \u00fcretimin 45 milyon metrek\u00fcpe ula\u015fmas\u0131 planlan\u0131yor.<\/p>\n\n\n\n<p class=\"wp-block-paragraph\">Proje kapsam\u0131nda toplam 54 kuyuya ula\u015f\u0131lmas\u0131 hedefleniyor.<\/p>\n\n\n\n<h3 class=\"wp-block-heading\">T\u00dcRK\u0130YE\u2019N\u0130N SONDAJ F\u0130LOSU KARADEN\u0130Z\u2019DE<\/h3>\n\n\n\n<p class=\"wp-block-paragraph\">T\u00fcrkiye, derin deniz sondaj filosuyla yurt i\u00e7i ve yurt d\u0131\u015f\u0131nda hidrokarbon arama \u00e7al\u0131\u015fmalar\u0131n\u0131 s\u00fcrd\u00fcr\u00fcyor.<\/p>\n\n\n\n<p class=\"wp-block-paragraph\">Abd\u00fclhamid Han, Fatih, Kanuni, Yavuz ve Y\u0131ld\u0131r\u0131m sondaj gemileri Karadeniz\u2019de g\u00f6rev yap\u0131yor. Abd\u00fclhamid Han ve Fatih sondaj faaliyetlerini y\u00fcr\u00fct\u00fcrken, Kanuni, Yavuz ve Y\u0131ld\u0131r\u0131m kuyu tamamlama operasyonlar\u0131nda kullan\u0131l\u0131yor.<\/p>\n\n\n\n<p class=\"wp-block-paragraph\">\u00c7a\u011fr\u0131 Bey Sondaj Gemisi ise Somali\u2019deki hidrokarbon arama \u00e7al\u0131\u015fmalar\u0131nda g\u00f6rev yap\u0131yor.<\/p>\n\n\n\n<h3 class=\"wp-block-heading\">\u201cHEDEF\u0130M\u0130Z DAHA B\u00dcY\u00dcK\u201d<\/h3>\n\n\n\n<p class=\"wp-block-paragraph\">Enerji ve Tabii Kaynaklar Bakan\u0131 Alparslan Bayraktar, 2020\u2019de ba\u015flayan s\u00fcrecin T\u00fcrkiye\u2019nin enerji alan\u0131ndaki hedefleri a\u00e7\u0131s\u0131ndan yeni bir d\u00f6nemin ba\u015flang\u0131c\u0131 oldu\u011funu belirtti.<\/p>\n\n\n\n<p class=\"wp-block-paragraph\">Bayraktar, Sakarya Gaz Sahas\u0131\u2019nda g\u00fcnl\u00fck \u00fcretimin 20 milyon metrek\u00fcpe, 2028\u2019de ise 45 milyon metrek\u00fcpe \u00e7\u0131kar\u0131lmas\u0131n\u0131n hedeflendi\u011fini ifade etti.<\/p>\n\n\n\n<p class=\"wp-block-paragraph\">T\u00fcrkiye\u2019nin Karadeniz\u2019deki do\u011fal gaz arama ve \u00fcretim \u00e7al\u0131\u015fmalar\u0131nda yeni ke\u015fif ve \u00fcretim hedefleri do\u011frultusunda faaliyetlerini s\u00fcrd\u00fcrd\u00fc\u011f\u00fc bildirildi.<\/p>\n","protected":false},"excerpt":{"rendered":"<p>T\u00fcrkiye\u2019nin Karadeniz\u2019de ger\u00e7ekle\u015ftirdi\u011fi Cumhuriyet tarihinin en b\u00fcy\u00fck do\u011fal gaz ke\u015ffinin \u00fczerinden 6 y\u0131l ge\u00e7ti. Karadeniz\u2019de<\/p>\n","protected":false},"author":1,"featured_media":5172,"comment_status":"open","ping_status":"open","sticky":false,"template":"","format":"standard","meta":{"_rtcl_gb_attr":"","footnotes":""},"categories":[14],"tags":[],"class_list":["post-5171","post","type-post","status-publish","format-standard","has-post-thumbnail","hentry","category-ekonomi"],"_links":{"self":[{"href":"https:\/\/turkiyemhaber.com\/index.php?rest_route=\/wp\/v2\/posts\/5171","targetHints":{"allow":["GET"]}}],"collection":[{"href":"https:\/\/turkiyemhaber.com\/index.php?rest_route=\/wp\/v2\/posts"}],"about":[{"href":"https:\/\/turkiyemhaber.com\/index.php?rest_route=\/wp\/v2\/types\/post"}],"author":[{"embeddable":true,"href":"https:\/\/turkiyemhaber.com\/index.php?rest_route=\/wp\/v2\/users\/1"}],"replies":[{"embeddable":true,"href":"https:\/\/turkiyemhaber.com\/index.php?rest_route=%2Fwp%2Fv2%2Fcomments&post=5171"}],"version-history":[{"count":1,"href":"https:\/\/turkiyemhaber.com\/index.php?rest_route=\/wp\/v2\/posts\/5171\/revisions"}],"predecessor-version":[{"id":5173,"href":"https:\/\/turkiyemhaber.com\/index.php?rest_route=\/wp\/v2\/posts\/5171\/revisions\/5173"}],"wp:featuredmedia":[{"embeddable":true,"href":"https:\/\/turkiyemhaber.com\/index.php?rest_route=\/wp\/v2\/media\/5172"}],"wp:attachment":[{"href":"https:\/\/turkiyemhaber.com\/index.php?rest_route=%2Fwp%2Fv2%2Fmedia&parent=5171"}],"wp:term":[{"taxonomy":"category","embeddable":true,"href":"https:\/\/turkiyemhaber.com\/index.php?rest_route=%2Fwp%2Fv2%2Fcategories&post=5171"},{"taxonomy":"post_tag","embeddable":true,"href":"https:\/\/turkiyemhaber.com\/index.php?rest_route=%2Fwp%2Fv2%2Ftags&post=5171"}],"curies":[{"name":"wp","href":"https:\/\/api.w.org\/{rel}","templated":true}]}}