{"id":5167,"date":"2026-08-21T15:44:50","date_gmt":"2026-08-21T15:44:50","guid":{"rendered":"https:\/\/turkiyemhaber.com\/?p=5167"},"modified":"2026-08-21T15:44:57","modified_gmt":"2026-08-21T15:44:57","slug":"ak-parti-cephesinden-idris-naim-sahine-ilk-salvo-kapisi-calinir","status":"publish","type":"post","link":"https:\/\/turkiyemhaber.com\/?p=5167","title":{"rendered":"AK Parti Cephesinden \u0130dris Naim \u015eahin\u2019e \u0130lk Salvo: \u201cKap\u0131s\u0131 \u00c7al\u0131n\u0131r\u201d"},"content":{"rendered":"\n<p class=\"wp-block-paragraph\">S\u00fcleymanc\u0131lar grubunun lideri Alihan Kuri\u015f\u2019e y\u00f6nelik y\u00fcr\u00fct\u00fclen soru\u015fturma kapsam\u0131nda aranan Hilmi Tuna Kuri\u015f ile Erhan Y\u0131lmaz, Marmaris\u2019ten yurt d\u0131\u015f\u0131na ka\u00e7maya \u00e7al\u0131\u015f\u0131rken yakaland\u0131. Firar giri\u015fiminde kullan\u0131lan \u00e7akarl\u0131 VIP arac\u0131n eski \u0130\u00e7i\u015fleri Bakan\u0131 \u0130dris Naim \u015eahin\u2019e tahsisli oldu\u011fu ortaya \u00e7\u0131kt\u0131.<\/p>\n\n\n\n<p class=\"wp-block-paragraph\">Geli\u015fme, eski AK Parti Milletvekili \u015eamil Tayyar\u2019\u0131n a\u00e7\u0131klamas\u0131yla yeniden g\u00fcndeme geldi. Tayyar, \u0130dris Naim \u015eahin\u2019in \u0130\u00e7i\u015fleri Bakanl\u0131\u011f\u0131 d\u00f6nemine ili\u015fkin 7 \u015eubat M\u0130T krizini hat\u0131rlatarak dikkat \u00e7eken ifadeler kulland\u0131.<\/p>\n\n\n\n<h3 class=\"wp-block-heading\">7 \u015eUBAT M\u0130T KR\u0130Z\u0130N\u0130 HATIRLATTI<\/h3>\n\n\n\n<p class=\"wp-block-paragraph\">\u015eamil Tayyar, \u0130dris Naim \u015eahin\u2019in FET\u00d6\u2019n\u00fcn Hakan Fidan\u2019\u0131 g\u00f6zalt\u0131na alma giri\u015fiminin ya\u015fand\u0131\u011f\u0131 7 \u015eubat M\u0130T krizi d\u00f6neminde \u0130\u00e7i\u015fleri Bakan\u0131 oldu\u011funu belirtti.<\/p>\n\n\n\n<p class=\"wp-block-paragraph\">Tayyar, Cumhurba\u015fkan\u0131 Recep Tayyip Erdo\u011fan\u2019\u0131n o d\u00f6nem ya\u015fanan geli\u015fmelere b\u00fcy\u00fck tepki g\u00f6sterdi\u011fini ifade ederek, \u015eahin d\u00f6neminde emniyetteki FET\u00d6 yap\u0131lanmas\u0131na y\u00f6nelik tasfiye talimat\u0131 verildi\u011fini s\u00f6yledi.<\/p>\n\n\n\n<h3 class=\"wp-block-heading\">\u201cGE\u00c7EN ZAMAN HAKLILI\u011eIMIZI TEY\u0130T ETT\u0130\u201d<\/h3>\n\n\n\n<p class=\"wp-block-paragraph\">\u0130dris Naim \u015eahin\u2019in g\u00f6revden al\u0131nmas\u0131n\u0131n isabetli bir karar oldu\u011funu savunan Tayyar, aradan ge\u00e7en s\u00fcrecin bu g\u00f6r\u00fc\u015f\u00fcn\u00fc do\u011frulad\u0131\u011f\u0131n\u0131 ileri s\u00fcrd\u00fc.<\/p>\n\n\n\n<p class=\"wp-block-paragraph\">Tayyar, payla\u015f\u0131m\u0131nda \u015eahin\u2019in yeniden bir skandalla g\u00fcndeme geldi\u011fini belirterek, ara\u00e7 tahsisine ili\u015fkin geli\u015fmeye dikkat \u00e7ekti.<\/p>\n\n\n\n<figure class=\"wp-block-image size-full\"><img loading=\"lazy\" decoding=\"async\" width=\"640\" height=\"951\" src=\"https:\/\/turkiyemhaber.com\/wp-content\/uploads\/2026\/08\/20260821_e635ad02b7b34719b2794398ffc3be5a.webp\" alt=\"\" class=\"wp-image-5169\" srcset=\"https:\/\/turkiyemhaber.com\/wp-content\/uploads\/2026\/08\/20260821_e635ad02b7b34719b2794398ffc3be5a.webp 640w, https:\/\/turkiyemhaber.com\/wp-content\/uploads\/2026\/08\/20260821_e635ad02b7b34719b2794398ffc3be5a-8x12.webp 8w, https:\/\/turkiyemhaber.com\/wp-content\/uploads\/2026\/08\/20260821_e635ad02b7b34719b2794398ffc3be5a-202x300.webp 202w\" sizes=\"auto, (max-width: 640px) 100vw, 640px\" \/><\/figure>\n\n\n\n<h3 class=\"wp-block-heading\">\u201cHERHALDE KAPISI \u00c7ALINIR\u201d<\/h3>\n\n\n\n<p class=\"wp-block-paragraph\">Hilmi Tuna Kuri\u015f ve Erhan Y\u0131lmaz\u2019\u0131n yurt d\u0131\u015f\u0131na ka\u00e7maya \u00e7al\u0131\u015f\u0131rken kulland\u0131klar\u0131 belirtilen 34 SL 313 plakal\u0131 arac\u0131n \u0130dris Naim \u015eahin\u2019e tahsisli koruma arac\u0131 oldu\u011fu belirtildi.<\/p>\n\n\n\n<p class=\"wp-block-paragraph\">Arac\u0131n San Sistem Lojistik ad\u0131na kay\u0131tl\u0131 oldu\u011fu, 17 Aral\u0131k 2025 tarihinde ise 5 y\u0131l s\u00fcreyle \u015eahin ad\u0131na koruma arac\u0131 olarak tahsis edildi\u011fi aktar\u0131ld\u0131. \u00c7akarl\u0131 ara\u00e7la \u015f\u00fcphelilerin 14 A\u011fustos\u2019ta \u0130stanbul\u2019dan Marmaris\u2019e hareket etti\u011fi belirtildi.<\/p>\n\n\n\n<p class=\"wp-block-paragraph\">\u015eamil Tayyar, geli\u015fmeye ili\u015fkin de\u011ferlendirmesinde, \u201cTam bir skandal. Herhalde \u015eahin\u2019in de kap\u0131s\u0131 \u00e7al\u0131n\u0131r, skandal sorulur\u201d ifadelerini kulland\u0131.<\/p>\n\n\n\n<p class=\"wp-block-paragraph\"><\/p>\n","protected":false},"excerpt":{"rendered":"<p>S\u00fcleymanc\u0131lar grubunun lideri Alihan Kuri\u015f\u2019e y\u00f6nelik y\u00fcr\u00fct\u00fclen soru\u015fturma kapsam\u0131nda aranan Hilmi Tuna Kuri\u015f ile Erhan<\/p>\n","protected":false},"author":1,"featured_media":5168,"comment_status":"open","ping_status":"open","sticky":false,"template":"","format":"standard","meta":{"_rtcl_gb_attr":"","footnotes":""},"categories":[1],"tags":[],"class_list":["post-5167","post","type-post","status-publish","format-standard","has-post-thumbnail","hentry","category-http-turkiyemhaber-com-wp-content-uploads-2026-03-saray-59-haber-13-mart-pdf"],"_links":{"self":[{"href":"https:\/\/turkiyemhaber.com\/index.php?rest_route=\/wp\/v2\/posts\/5167","targetHints":{"allow":["GET"]}}],"collection":[{"href":"https:\/\/turkiyemhaber.com\/index.php?rest_route=\/wp\/v2\/posts"}],"about":[{"href":"https:\/\/turkiyemhaber.com\/index.php?rest_route=\/wp\/v2\/types\/post"}],"author":[{"embeddable":true,"href":"https:\/\/turkiyemhaber.com\/index.php?rest_route=\/wp\/v2\/users\/1"}],"replies":[{"embeddable":true,"href":"https:\/\/turkiyemhaber.com\/index.php?rest_route=%2Fwp%2Fv2%2Fcomments&post=5167"}],"version-history":[{"count":1,"href":"https:\/\/turkiyemhaber.com\/index.php?rest_route=\/wp\/v2\/posts\/5167\/revisions"}],"predecessor-version":[{"id":5170,"href":"https:\/\/turkiyemhaber.com\/index.php?rest_route=\/wp\/v2\/posts\/5167\/revisions\/5170"}],"wp:featuredmedia":[{"embeddable":true,"href":"https:\/\/turkiyemhaber.com\/index.php?rest_route=\/wp\/v2\/media\/5168"}],"wp:attachment":[{"href":"https:\/\/turkiyemhaber.com\/index.php?rest_route=%2Fwp%2Fv2%2Fmedia&parent=5167"}],"wp:term":[{"taxonomy":"category","embeddable":true,"href":"https:\/\/turkiyemhaber.com\/index.php?rest_route=%2Fwp%2Fv2%2Fcategories&post=5167"},{"taxonomy":"post_tag","embeddable":true,"href":"https:\/\/turkiyemhaber.com\/index.php?rest_route=%2Fwp%2Fv2%2Ftags&post=5167"}],"curies":[{"name":"wp","href":"https:\/\/api.w.org\/{rel}","templated":true}]}}