{"id":5123,"date":"2026-08-21T13:00:11","date_gmt":"2026-08-21T13:00:11","guid":{"rendered":"https:\/\/turkiyemhaber.com\/?p=5123"},"modified":"2026-08-21T13:00:11","modified_gmt":"2026-08-21T13:00:11","slug":"balikcilar-denize-acilmak-icin-gun-sayiyor","status":"publish","type":"post","link":"https:\/\/turkiyemhaber.com\/?p=5123","title":{"rendered":"Bal\u0131k\u00e7\u0131lar denize a\u00e7\u0131lmak i\u00e7in g\u00fcn say\u0131yor"},"content":{"rendered":"<p>Genel av yasa\u011f\u0131n\u0131n sona ermesine say\u0131l\u0131 g\u00fcnler kala, Karadeniz, Marmara, Ege ve Akdenizde yakla\u015f\u0131k 1500 g\u0131rg\u0131r ve trol teknesi yeni sezonda &#8220;Vira bismillah&#8221; diyerek denize a\u00e7\u0131lmak i\u00e7in haz\u0131rl\u0131klar\u0131n\u0131 tamamlad\u0131.<\/p>\n","protected":false},"excerpt":{"rendered":"<p>Genel av yasa\u011f\u0131n\u0131n sona ermesine say\u0131l\u0131 g\u00fcnler kala, Karadeniz, Marmara, Ege ve Akdenizde yakla\u015f\u0131k 1500<\/p>\n","protected":false},"author":0,"featured_media":5124,"comment_status":"open","ping_status":"open","sticky":false,"template":"","format":"standard","meta":{"_rtcl_gb_attr":"","footnotes":""},"categories":[1],"tags":[],"class_list":["post-5123","post","type-post","status-publish","format-standard","has-post-thumbnail","hentry","category-http-turkiyemhaber-com-wp-content-uploads-2026-03-saray-59-haber-13-mart-pdf"],"_links":{"self":[{"href":"https:\/\/turkiyemhaber.com\/index.php?rest_route=\/wp\/v2\/posts\/5123","targetHints":{"allow":["GET"]}}],"collection":[{"href":"https:\/\/turkiyemhaber.com\/index.php?rest_route=\/wp\/v2\/posts"}],"about":[{"href":"https:\/\/turkiyemhaber.com\/index.php?rest_route=\/wp\/v2\/types\/post"}],"replies":[{"embeddable":true,"href":"https:\/\/turkiyemhaber.com\/index.php?rest_route=%2Fwp%2Fv2%2Fcomments&post=5123"}],"version-history":[{"count":0,"href":"https:\/\/turkiyemhaber.com\/index.php?rest_route=\/wp\/v2\/posts\/5123\/revisions"}],"wp:featuredmedia":[{"embeddable":true,"href":"https:\/\/turkiyemhaber.com\/index.php?rest_route=\/wp\/v2\/media\/5124"}],"wp:attachment":[{"href":"https:\/\/turkiyemhaber.com\/index.php?rest_route=%2Fwp%2Fv2%2Fmedia&parent=5123"}],"wp:term":[{"taxonomy":"category","embeddable":true,"href":"https:\/\/turkiyemhaber.com\/index.php?rest_route=%2Fwp%2Fv2%2Fcategories&post=5123"},{"taxonomy":"post_tag","embeddable":true,"href":"https:\/\/turkiyemhaber.com\/index.php?rest_route=%2Fwp%2Fv2%2Ftags&post=5123"}],"curies":[{"name":"wp","href":"https:\/\/api.w.org\/{rel}","templated":true}]}}