{"id":5102,"date":"2026-08-18T18:23:32","date_gmt":"2026-08-18T18:23:32","guid":{"rendered":"https:\/\/turkiyemhaber.com\/?p=5102"},"modified":"2026-08-18T18:23:32","modified_gmt":"2026-08-18T18:23:32","slug":"bakan-kurum-sosyal-konutlarina-yerlesen-basar-ciftinin-goruntulerini-paylasti","status":"publish","type":"post","link":"https:\/\/turkiyemhaber.com\/?p=5102","title":{"rendered":"Bakan Kurum sosyal konutlar\u0131na yerle\u015fen Ba\u015far \u00e7iftinin g\u00f6r\u00fcnt\u00fclerini payla\u015ft\u0131"},"content":{"rendered":"<p>\u00c7evre, \u015eehircilik ve \u0130klim De\u011fi\u015fikli\u011fi Bakan\u0131 Murat Kurum, \u0130lk Evim  250 Bin Sosyal Konut Projesi kapsam\u0131nda Malatya \u0130kizcedeki sosyal konutlar\u0131na yerle\u015fen Ba\u015far \u00e7iftinin g\u00f6r\u00fcnt\u00fclerini payla\u015ft\u0131.<\/p>\n","protected":false},"excerpt":{"rendered":"<p>\u00c7evre, \u015eehircilik ve \u0130klim De\u011fi\u015fikli\u011fi Bakan\u0131 Murat Kurum, \u0130lk Evim 250 Bin Sosyal Konut Projesi<\/p>\n","protected":false},"author":0,"featured_media":5103,"comment_status":"open","ping_status":"open","sticky":false,"template":"","format":"standard","meta":{"_rtcl_gb_attr":"","footnotes":""},"categories":[1],"tags":[],"class_list":["post-5102","post","type-post","status-publish","format-standard","has-post-thumbnail","hentry","category-http-turkiyemhaber-com-wp-content-uploads-2026-03-saray-59-haber-13-mart-pdf"],"_links":{"self":[{"href":"https:\/\/turkiyemhaber.com\/index.php?rest_route=\/wp\/v2\/posts\/5102","targetHints":{"allow":["GET"]}}],"collection":[{"href":"https:\/\/turkiyemhaber.com\/index.php?rest_route=\/wp\/v2\/posts"}],"about":[{"href":"https:\/\/turkiyemhaber.com\/index.php?rest_route=\/wp\/v2\/types\/post"}],"replies":[{"embeddable":true,"href":"https:\/\/turkiyemhaber.com\/index.php?rest_route=%2Fwp%2Fv2%2Fcomments&post=5102"}],"version-history":[{"count":0,"href":"https:\/\/turkiyemhaber.com\/index.php?rest_route=\/wp\/v2\/posts\/5102\/revisions"}],"wp:featuredmedia":[{"embeddable":true,"href":"https:\/\/turkiyemhaber.com\/index.php?rest_route=\/wp\/v2\/media\/5103"}],"wp:attachment":[{"href":"https:\/\/turkiyemhaber.com\/index.php?rest_route=%2Fwp%2Fv2%2Fmedia&parent=5102"}],"wp:term":[{"taxonomy":"category","embeddable":true,"href":"https:\/\/turkiyemhaber.com\/index.php?rest_route=%2Fwp%2Fv2%2Fcategories&post=5102"},{"taxonomy":"post_tag","embeddable":true,"href":"https:\/\/turkiyemhaber.com\/index.php?rest_route=%2Fwp%2Fv2%2Ftags&post=5102"}],"curies":[{"name":"wp","href":"https:\/\/api.w.org\/{rel}","templated":true}]}}