{"id":5098,"date":"2026-08-18T09:58:22","date_gmt":"2026-08-18T09:58:22","guid":{"rendered":"https:\/\/turkiyemhaber.com\/?p=5098"},"modified":"2026-08-18T09:58:22","modified_gmt":"2026-08-18T09:58:22","slug":"son-dakika-haberler-abd-israil-hattindaki-4-saatlik-gorusme-sizdi-netanyahuya-sert-uyari-engel-olusturma","status":"publish","type":"post","link":"https:\/\/turkiyemhaber.com\/?p=5098","title":{"rendered":"SON DAK\u0130KA HABERLER: ABD-\u0130srail hatt\u0131ndaki 4 saatlik g\u00f6r\u00fc\u015fme s\u0131zd\u0131! Netanyahu&#039;ya sert uyar\u0131: &#039;Engel olu\u015fturma&#039;"},"content":{"rendered":"<p><img decoding=\"async\" src=\"https:\/\/image.milimaj.com\/i\/milliyet\/75\/460x340\/6a842530bb03c16404fcd65b.jpg\" \/><\/p>\n<p>CNN&#8217;e konu\u015fan kaynaklar, Gazze&#8217;de ate\u015fkesin ikinci a\u015famas\u0131n\u0131n uygulanmas\u0131na y\u00f6nelik 15 maddelik plan\u0131 reddedenNetanyahu&#8217;nun d\u00fcn Kushner ile 4 saat s\u00fcren g\u00f6r\u00fc\u015fmesinin ayr\u0131nt\u0131lar\u0131na ili\u015fkin yeni iddialarda bulundu.<\/p>\n<p><strong>&#8216;ENGEL OLU\u015eTURMA&#8217;<\/strong><\/p>\n<p>Buna g\u00f6re, Kushner,Netanyahu&#8217;yu, anla\u015fman\u0131n ikinci a\u015famas\u0131n\u0131n uygulanmas\u0131nda &#8220;engel olu\u015fturmamas\u0131&#8221; y\u00f6n\u00fcnde uyard\u0131.<\/p>\n<p>\u00d6te yandan Kushner, Fox News kanal\u0131na yapt\u0131\u011f\u0131 a\u00e7\u0131klamada, Hamas&#8217;\u0131n silahs\u0131zlanma konusundaki taahh\u00fcd\u00fcn\u00fc yerine getirmemesi durumunda \u0130srail&#8217;in &#8220;i\u015fi uygun \u015fekilde bitirmek&#8221; i\u00e7in ABD ve di\u011fer m\u00fcttefiklerinden &#8220;\u00e7ok daha fazla destek alaca\u011f\u0131n\u0131&#8221; ifade etti.<\/p>\n<p>&#8220;Silahs\u0131zlanma sa\u011flanana kadar Gazze&#8217;nin yeniden in\u015fas\u0131na izin vermeyece\u011fiz&#8221; diyen Kushner, herhangi bir tehditle kar\u015f\u0131la\u015fmas\u0131 durumunda &#8220;\u0130srail&#8217;in me\u015fru m\u00fcdafaa hakk\u0131n\u0131&#8221; k\u0131s\u0131tlamayacaklar\u0131n\u0131 savundu.<\/p>\n<p>\u0130srail bas\u0131n\u0131,Netanyahuve Kushner&#8217;in d\u00fcn yapt\u0131klar\u0131 g\u00f6r\u00fc\u015fmede taraflar aras\u0131nda bir\u00e7ok ba\u015fl\u0131kta anla\u015fma sa\u011flanamad\u0131\u011f\u0131n\u0131, \u0130srail&#8217;in Gazze&#8217;de &#8220;sald\u0131r\u0131lar\u0131 s\u00fcrd\u00fcrmekte \u0131srar etti\u011fini&#8221; aktarm\u0131\u015ft\u0131.<\/p>\n<p><img decoding=\"async\" src=\"https:\/\/image.milimaj.com\/i\/milliyet\/75\/770x0\/6a8425a0bb03c16404fcd665.jpg\" width=\"100%\" \/><\/p>\n<p><strong>NE OLMU\u015eTU?<\/strong><\/p>\n<p>Gazze \u015eeridi&#8217;nde ate\u015fkes anla\u015fmas\u0131n\u0131n ilk a\u015famas\u0131 10 Ekim 2025&#8217;te y\u00fcr\u00fcrl\u00fc\u011fe girmi\u015fti. Ate\u015fkes, esir takas\u0131 ve insani yard\u0131mlar\u0131n art\u0131r\u0131lmas\u0131n\u0131 \u00f6ng\u00f6ren anla\u015fmaya ra\u011fmen \u0130srail&#8217;in sald\u0131r\u0131lar\u0131 ve yard\u0131m giri\u015fine y\u00f6nelik k\u0131s\u0131tlamalar\u0131 s\u00fcrm\u00fc\u015ft\u00fc.<\/p>\n<p>Gazze Bar\u0131\u015f Kurulu Y\u00fcksek Temsilcisi Nikolay Mladenov, Hamas&#8217;\u0131n ate\u015fkes anla\u015fmas\u0131n\u0131n ikinci a\u015famas\u0131n\u0131n uygulanmas\u0131na y\u00f6nelik ayr\u0131nt\u0131l\u0131 bir yol haritas\u0131n\u0131 kabul etti\u011fini a\u00e7\u0131klam\u0131\u015ft\u0131.<\/p>\n<p>Netanyahuise Bar\u0131\u015f Kurulu&#8217;nun Gazze&#8217;de ate\u015fkesin ikinci a\u015famas\u0131n\u0131n uygulanmas\u0131na ili\u015fkin a\u00e7\u0131klad\u0131\u011f\u0131 15 maddelik plan\u0131 reddettiklerini duyurmu\u015ftu.<\/p>\n<p>Kushner ve Mladenov, 16 A\u011fustos&#8217;ta M\u0131s\u0131r&#8217;\u0131n ba\u015fkenti Kahire&#8217;de M\u0131s\u0131r Cumhurba\u015fkan\u0131 Abdulfettah es-Sisi ve Hamas heyetiyle g\u00f6r\u00fc\u015fm\u00fc\u015ft\u00fc. Buradan \u0130srail&#8217;e ge\u00e7en Kushner, anla\u015fman\u0131n ikinci a\u015famas\u0131na ge\u00e7i\u015f konusunu g\u00f6r\u00fc\u015fmek \u00fczereNetanyahuile bir araya gelmi\u015fti.<\/p>\n<section class=\"insert insert-contents mceNonEditable\" data-contents=\"%5B%7B%22_Id%22%3A%226a83e1c7bb03c16404fcd377%22%2C%22Title%22%3A%22%u0130srail%20bas%u0131n%u0131ndan%20fla%u015F%20iddia%21%20D%F6rd%FCnc%FC%20%FClkeye%20i%u015Faret%20ettiler%3A%20%27T%FCrkiye%20b%FCy%FCk%20anla%u015Fma%20yolunda%2C%2015%20milyar%20dolarl%u0131k%20hedef%27%22%2C%22Description%22%3A%22%u0130srail%20bas%u0131n%u0131%20T%FCrkiye%27nin%20%27b%FCy%FCk%20bir%20anla%u015Fma%27%20yolunda%20oldu%u011Funa%20iddia%20ederken%20%27d%F6rd%FCnc%FC%20%FClkeye%27%20ve%20%2715%20milyar%20dolarl%u0131k%20hedefe%27%20dikkat%20%E7ekti.%20%u0130%u015Fte%20detaylar...%22%2C%22Url%22%3A%22\/dunya\/son-dakika-israil-basinindan-flas-iddia-dorduncu-ulkeye-isaret-ettiler-turkiye-buyuk-anlasma-yolunda-15-milyar-dolarlik-hedef-7643238%22%2C%22ContentType%22%3A%22Article%22%2C%22ModifiedDate%22%3A%222026-08-18T05%3A15%3A13.562Z%22%2C%22FileIds%22%3A%5B%226a83e39bbb03c16404fcd387%22%5D%7D%5D\" data-files=\"%5B%7B%22FileName%22%3A%2222.jpg%22%2C%22ContentType%22%3A%22image\/jpeg%22%2C%22ModifiedDate%22%3A%222026-08-18T04%3A46%3A19.19Z%22%2C%22CreatedBy%22%3A%22pcennet%22%2C%22Length%22%3A0%2C%22ChunkSize%22%3A0%2C%22Metadata%22%3A%7B%22Title%22%3A%22%22%2C%22Description%22%3A%22%22%2C%22EmbedCode%22%3A%22%22%2C%22Tags%22%3A%5B%5D%2C%22ContentTags%22%3A%5B%5D%2C%22Sources%22%3A%5B%5D%2C%22Credit%22%3A%22%22%2C%22FileShowRelatedNews%22%3Afalse%2C%22Grade%22%3A%22%22%2C%22SponsorLogo%22%3A%22%22%2C%22SponsorText%22%3A%22%22%2C%22BtnText%22%3A%22%22%2C%22BtnRedirectUrl%22%3A%22%22%7D%2C%22_Id%22%3A%226a83e39bbb03c16404fcd387%22%2C%22id%22%3A%226a83e39bbb03c16404fcd387%22%2C%22Application%22%3A%22com.milliyet%22%7D%5D\" data-properties=\"%7B%22Type%22%3A%22RecommendedNewsHorizontalCard%22%2C%22Theme%22%3A%22blue%22%2C%22BoxTitle%22%3A%22%22%2C%22ButtonText%22%3A%22%22%2C%22SelectTarget%22%3A%22%22%7D\" data-type=\"Content\">\u0130srail bas\u0131n\u0131ndan fla\u015f iddia! D\u00f6rd\u00fcnc\u00fc \u00fclkeye i\u015faret ettiler: &#8216;T\u00fcrkiye b\u00fcy\u00fck anla\u015fma yolunda, 15 milyar dolarl\u0131k hedef&#8217;<\/section>\n<section class=\"insert insert-contents mceNonEditable\" data-contents=\"%5B%7B%22_Id%22%3A%226a83f968bb03c16404fcd44e%22%2C%22Title%22%3A%22Gitmeden%20%F6nce%20iki%20kez%20d%FC%u015F%FCn%FCn%21%20%u0130%u015Fte%20d%FCnyan%u0131n%20en%20tehlikeli%2010%20%u015Fehri%22%2C%22Description%22%3A%22D%FCnyan%u0131n%20en%20tehlikeli%20%u015Fehirleri%20su%E7%20oranlar%u0131na%20g%F6re%20s%u0131raland%u0131.%20Listenin%20zirvesindeki%20kentin%20su%E7%20oran%u0131%2080%27i%20a%u015Farken%2C%20di%u011Fer%20%u015Fehirlerdeki%20y%FCksek%20rakamlar%20da%20dikkat%20%E7ekiyor.%20%u0130%u015Fte%20ilk%2010%20%u015Fehir...%22%2C%22Url%22%3A%22\/galeri\/son-dakika-gitmeden-once-iki-kez-dusunun-iste-dunyanin-en-tehlikeli-10-sehri-7643331%22%2C%22ContentType%22%3A%22NewsPhotoGallery%22%2C%22ModifiedDate%22%3A%222026-08-18T06%3A37%3A18.338Z%22%2C%22FileIds%22%3A%5B%226a83f99bbb03c16404fcd453%22%2C%226a83f99dbb03c16404fcd45b%22%5D%7D%5D\" data-files=\"%5B%7B%22FileName%22%3A%2213061603-860x480.jpg%22%2C%22ContentType%22%3A%22image\/jpeg%22%2C%22ModifiedDate%22%3A%222026-08-18T06%3A20%3A11.16Z%22%2C%22CreatedBy%22%3A%22pcennet%22%2C%22Length%22%3A0%2C%22ChunkSize%22%3A0%2C%22Metadata%22%3A%7B%22Title%22%3A%22%22%2C%22Description%22%3A%22%3Cp%3ED%26uuml%3Bnyan%u0131n%20farkl%u0131%20b%26ouml%3Blgelerindeki%20%u015Fehirler%20su%26ccedil%3B%20oranlar%u0131yla%20dikkat%20%26ccedil%3Bekiyor.%20Numbeo%27nun%202026%20Crime%20Index%20verilerine%20g%26ouml%3Bre%20d%26uuml%3Bnyan%u0131n%20en%20tehlikeli%2010%20%u015Fehri%20belli%20oldu.%3C\/p%3E%22%2C%22Section%22%3A%22master%22%2C%22EmbedCode%22%3A%22%22%2C%22Tags%22%3A%5B%5D%2C%22ContentTags%22%3A%5B%5D%2C%22Sources%22%3A%5B%5D%2C%22Credit%22%3A%22%22%2C%22FileShowRelatedNews%22%3Afalse%2C%22Grade%22%3A%22choose%22%2C%22SponsorLogo%22%3A%22%22%2C%22SponsorText%22%3A%22%22%2C%22BtnText%22%3A%22%22%2C%22BtnRedirectUrl%22%3A%22%22%7D%2C%22_Id%22%3A%226a83f99bbb03c16404fcd453%22%2C%22id%22%3A%226a83f99bbb03c16404fcd453%22%2C%22Application%22%3A%22com.milliyet%22%7D%2C%7B%22FileName%22%3A%22AFP__20260202__94U7292__v1__HighRes__BrazilReligionIemanja-scaled.jpg%22%2C%22ContentType%22%3A%22image\/jpeg%22%2C%22ModifiedDate%22%3A%222026-08-18T06%3A20%3A13.301Z%22%2C%22CreatedBy%22%3A%22pcennet%22%2C%22Length%22%3A0%2C%22ChunkSize%22%3A0%2C%22Metadata%22%3A%7B%22Title%22%3A%2210%29%20Salvador%2C%20Brezilya%22%2C%22Description%22%3A%22%3Cp%3EBrezilya%27n%u0131n%20Bahia%20eyaletinin%20ba%u015Fkenti%20Salvador%2C%20%3Cstrong%3E76%2C7%27lik%20su%26ccedil%3B%20endeksiyle%20listenin%2010%27uncu%20s%u0131ras%u0131nda%3C\/strong%3E%20yer%20al%u0131yor.%20Kentte%20%26ouml%3Bzellikle%20silahl%u0131%20su%26ccedil%3Blar%2C%20soygun%20ve%20organize%20su%26ccedil%3B%20kaynakl%u0131%20%u015Fiddet%20g%26uuml%3Bvenlik%20a%26ccedil%3B%u0131s%u0131ndan%20%26ouml%3Bnemli%20sorunlar%20aras%u0131nda%20g%26ouml%3Bsteriliyor.%20Salvador%27un%2023%2C3%27l%26uuml%3Bk%20g%26uuml%3Bvenlik%20endeksiyle%20listenin%20son%20s%u0131ras%u0131nda%20yer%20almas%u0131%2C%20su%26ccedil%3B%20endeksinin%20di%u011Fer%20dokuz%20%u015Fehre%20k%u0131yasla%20daha%20d%26uuml%3B%u015F%26uuml%3Bk%20olmas%u0131na%20ra%u011Fmen%20g%26uuml%3Bvenlik%20endi%u015Felerinin%20h%26acirc%3Bl%26acirc%3B%20y%26uuml%3Bksek%20oldu%u011Funu%20ortaya%20koyuyor.%3C\/p%3E%22%2C%22Section%22%3A%22master%22%2C%22EmbedCode%22%3A%22%22%2C%22Tags%22%3A%5B%5D%2C%22ContentTags%22%3A%5B%5D%2C%22Sources%22%3A%5B%5D%2C%22Credit%22%3A%22%22%2C%22FileShowRelatedNews%22%3Afalse%2C%22Grade%22%3A%22choose%22%2C%22SponsorLogo%22%3A%22%22%2C%22SponsorText%22%3A%22%22%2C%22BtnText%22%3A%22%22%2C%22BtnRedirectUrl%22%3A%22%22%7D%2C%22_Id%22%3A%226a83f99dbb03c16404fcd45b%22%2C%22id%22%3A%226a83f99dbb03c16404fcd45b%22%2C%22Application%22%3A%22com.milliyet%22%7D%2C%7B%22FileName%22%3A%22image_1787033769305.jpg%22%2C%22ContentType%22%3A%22image\/jpeg%22%2C%22ModifiedDate%22%3A%222026-08-18T06%3A20%3A13.698Z%22%2C%22CreatedBy%22%3A%22pcennet%22%2C%22Length%22%3A0%2C%22ChunkSize%22%3A0%2C%22Metadata%22%3A%7B%22Title%22%3A%229%29%20Memphis%2C%20ABD%22%2C%22Description%22%3A%22%3Cp%3EABD%27nin%20Tennessee%20eyaletindeki%20Memphis%2C%20%3Cstrong%3E77%2C4%27l%26uuml%3Bk%20su%26ccedil%3B%20endeksiyle%20listenin%20dokuzuncu%20s%u0131ras%u0131nda%3C\/strong%3E%20yer%20al%u0131yor.%20Kent%2C%20%26ouml%3Bzellikle%20%u015Fiddet%20su%26ccedil%3Blar%u0131%2C%20silahl%u0131%20sald%u0131r%u0131lar%2C%20soygun%20ve%20ara%26ccedil%3B%20h%u0131rs%u0131zl%u0131%u011F%u0131%20gibi%20su%26ccedil%3Blarla%20m%26uuml%3Bcadele%20ediyor.%20Memphis%27in%2022%2C6%27l%u0131k%20g%26uuml%3Bvenlik%20endeksi%2C%20listedeki%20di%u011Fer%20%u015Fehirlerde%20oldu%u011Fu%20gibi%20kent%20sakinlerinin%20su%26ccedil%3B%20konusundaki%20kayg%u0131s%u0131n%u0131n%20y%26uuml%3Bksek%20oldu%u011Funa%20i%u015Faret%20ediyor.%3C\/p%3E%22%2C%22Section%22%3A%22master%22%2C%22EmbedCode%22%3A%22%22%2C%22Tags%22%3A%5B%5D%2C%22ContentTags%22%3A%5B%5D%2C%22Sources%22%3A%5B%5D%2C%22Credit%22%3A%22%22%2C%22FileShowRelatedNews%22%3Afalse%2C%22Grade%22%3A%22choose%22%2C%22SponsorLogo%22%3A%22%22%2C%22SponsorText%22%3A%22%22%2C%22BtnText%22%3A%22%22%2C%22BtnRedirectUrl%22%3A%22%22%7D%2C%22_Id%22%3A%226a83f99dbb03c16404fcd461%22%2C%22id%22%3A%226a83f99dbb03c16404fcd461%22%2C%22Application%22%3A%22com.milliyet%22%7D%2C%7B%22FileName%22%3A%22Things-to-do-in-Port-Elizabeth.jpg%22%2C%22ContentType%22%3A%22image\/jpeg%22%2C%22ModifiedDate%22%3A%222026-08-18T06%3A20%3A14.131Z%22%2C%22CreatedBy%22%3A%22pcennet%22%2C%22Length%22%3A0%2C%22ChunkSize%22%3A0%2C%22Metadata%22%3A%7B%22Title%22%3A%228%29%20Port%20Elizabeth%2C%20G%FCney%20Afrika%22%2C%22Description%22%3A%22%3Cp%3EG%26uuml%3Bney%20Afrika%27n%u0131n%20%26ouml%3Bnemli%20k%u0131y%u0131%20kentlerinden%20Port%20Elizabeth%2C%20%3Cstrong%3E78%2C1%27lik%20su%26ccedil%3B%20endeksiyle%20sekizinci%20s%u0131rada%3C\/strong%3E%20bulunuyor.%20Kentte%20%u015Fiddet%20su%26ccedil%3Blar%u0131%2C%20soygun%20ve%20h%u0131rs%u0131zl%u0131k%20g%26uuml%3Bvenlik%20a%26ccedil%3B%u0131s%u0131ndan%20%26ouml%3Bne%20%26ccedil%3B%u0131kan%20sorunlar%20aras%u0131nda%20yer%20al%u0131yor.%20Port%20Elizabeth%27in%20listenin%20%26uuml%3Bst%20s%u0131ralar%u0131nda%20bulunmas%u0131%2C%20G%26uuml%3Bney%20Afrika%27n%u0131n%20g%26uuml%3Bvenlik%20sorunlar%u0131n%u0131n%20%26uuml%3Blkenin%20farkl%u0131%20b%26ouml%3Blgelerine%20yay%u0131ld%u0131%u011F%u0131n%u0131%20g%26ouml%3Bsteren%20dikkat%20%26ccedil%3Bekici%20ayr%u0131nt%u0131lardan%20biri.%3C\/p%3E%22%2C%22Section%22%3A%22master%22%2C%22EmbedCode%22%3A%22%22%2C%22Tags%22%3A%5B%5D%2C%22ContentTags%22%3A%5B%5D%2C%22Sources%22%3A%5B%5D%2C%22Credit%22%3A%22%22%2C%22FileShowRelatedNews%22%3Afalse%2C%22Grade%22%3A%22choose%22%2C%22SponsorLogo%22%3A%22%22%2C%22SponsorText%22%3A%22%22%2C%22BtnText%22%3A%22%22%2C%22BtnRedirectUrl%22%3A%22%22%7D%2C%22_Id%22%3A%226a83f99ebb03c16404fcd468%22%2C%22id%22%3A%226a83f99ebb03c16404fcd468%22%2C%22Application%22%3A%22com.milliyet%22%7D%2C%7B%22FileName%22%3A%22000_1az1gk.jpg%22%2C%22ContentType%22%3A%22image\/jpeg%22%2C%22ModifiedDate%22%3A%222026-08-18T06%3A20%3A11.047Z%22%2C%22CreatedBy%22%3A%22pcennet%22%2C%22Length%22%3A0%2C%22ChunkSize%22%3A0%2C%22Metadata%22%3A%7B%22Title%22%3A%227%29%20San%20Pedro%20Sula%2C%20Honduras%22%2C%22Description%22%3A%22%3Cp%3EHonduras%27%u0131n%20en%20b%26uuml%3By%26uuml%3Bk%20kentlerinden%20San%20Pedro%20Sula%2C%20%3Cstrong%3E79%2C7%27lik%20su%26ccedil%3B%20endeksiyle%20yedinci%20s%u0131rada%3C\/strong%3E%20yer%20al%u0131yor.%20Kent%2C%20uzun%20y%u0131llard%u0131r%20%26ccedil%3Beteler%20ve%20organize%20su%26ccedil%3B%20%26ouml%3Brg%26uuml%3Btlerinin%20faaliyetleriyle%20m%26uuml%3Bcadele%20ediyor%3B%20%26ouml%3Bzellikle%20MS-13%20ve%20Barrio%2018%20gibi%20yap%u0131lanmalar%u0131n%20kentte%20ve%20%26ccedil%3Bevresinde%20etkili%20oldu%u011Fu%20bildiriliyor.%20%u015Eiddet%20ve%20cinayetlerde%20son%20y%u0131llarda%20d%26uuml%3B%u015F%26uuml%3B%u015F%20g%26ouml%3Br%26uuml%3Blse%20de%20San%20Pedro%20Sula%20hala%20Honduras%27%u0131n%20su%26ccedil%3B%20ve%20g%26uuml%3Bvenlik%20a%26ccedil%3B%u0131s%u0131ndan%20en%20sorunlu%20kentleri%20aras%u0131nda%20bulunuyor.%3C\/p%3E%22%2C%22Section%22%3A%22master%22%2C%22EmbedCode%22%3A%22%22%2C%22Tags%22%3A%5B%5D%2C%22ContentTags%22%3A%5B%5D%2C%22Sources%22%3A%5B%5D%2C%22Credit%22%3A%22%22%2C%22FileShowRelatedNews%22%3Afalse%2C%22Grade%22%3A%22choose%22%2C%22SponsorLogo%22%3A%22%22%2C%22SponsorText%22%3A%22%22%2C%22BtnText%22%3A%22%22%2C%22BtnRedirectUrl%22%3A%22%22%7D%2C%22_Id%22%3A%226a83f99bbb03c16404fcd450%22%2C%22id%22%3A%226a83f99bbb03c16404fcd450%22%2C%22Application%22%3A%22com.milliyet%22%7D%2C%7B%22FileName%22%3A%22000_9VF8Z6-scaled.jpg%22%2C%22ContentType%22%3A%22image\/jpeg%22%2C%22ModifiedDate%22%3A%222026-08-18T06%3A20%3A13.226Z%22%2C%22CreatedBy%22%3A%22pcennet%22%2C%22Length%22%3A0%2C%22ChunkSize%22%3A0%2C%22Metadata%22%3A%7B%22Title%22%3A%226%29%20Durban%2C%20G%FCney%20Afrika%22%2C%22Description%22%3A%22%3Cp%3EG%26uuml%3Bney%20Afrika%27n%u0131n%20%26ouml%3Bnemli%20liman%20kentlerinden%20Durban%2C%20%3Cstrong%3E80%2C6%27l%u0131k%20su%26ccedil%3B%20endeksiyle%20alt%u0131nc%u0131%20s%u0131rada%3C\/strong%3E%20bulunuyor.%20Kentte%20%u015Fiddet%20su%26ccedil%3Blar%u0131%2C%20soygun%20ve%20h%u0131rs%u0131zl%u0131k%20g%26uuml%3Bvenlik%20a%26ccedil%3B%u0131s%u0131ndan%20%26ouml%3Bne%20%26ccedil%3B%u0131kan%20sorunlar%20aras%u0131nda%20yer%20al%u0131rken%2C%20Durban%27%u0131n%20g%26uuml%3Bvenlik%20endeksi%2019%2C4%20olarak%20kaydedildi.%20B%26ouml%3Bylece%20G%26uuml%3Bney%20Afrika%2C%20listenin%20ilk%206%20s%u0131ras%u0131nda%20%3Cstrong%3Ed%26ouml%3Brt%20%u015Fehirle%3C\/strong%3E%20dikkat%20%26ccedil%3Bekiyor.%3C\/p%3E%22%2C%22Section%22%3A%22master%22%2C%22EmbedCode%22%3A%22%22%2C%22Tags%22%3A%5B%5D%2C%22ContentTags%22%3A%5B%5D%2C%22Sources%22%3A%5B%5D%2C%22Credit%22%3A%22%22%2C%22FileShowRelatedNews%22%3Afalse%2C%22Grade%22%3A%22choose%22%2C%22SponsorLogo%22%3A%22%22%2C%22SponsorText%22%3A%22%22%2C%22BtnText%22%3A%22%22%2C%22BtnRedirectUrl%22%3A%22%22%7D%2C%22_Id%22%3A%226a83f99dbb03c16404fcd455%22%2C%22id%22%3A%226a83f99dbb03c16404fcd455%22%2C%22Application%22%3A%22com.milliyet%22%7D%2C%7B%22FileName%22%3A%22guney-afrika-johannesburg-afp-1935656.jpg%22%2C%22ContentType%22%3A%22image\/jpeg%22%2C%22ModifiedDate%22%3A%222026-08-18T06%3A20%3A14.084Z%22%2C%22CreatedBy%22%3A%22pcennet%22%2C%22Length%22%3A0%2C%22ChunkSize%22%3A0%2C%22Metadata%22%3A%7B%22Title%22%3A%225%29%20Johannesburg%2C%20G%FCney%20Afrika%22%2C%22Description%22%3A%22%3Cp%20class%3D%5C%22MsoNormal%5C%22%3EG%26uuml%3Bney%20Afrika%27n%u0131n%20en%20b%26uuml%3By%26uuml%3Bk%20kentlerinden%20Johannesburg%2C%20%3Cstrong%3E80%2C8%27lik%20su%26ccedil%3B%20endeksiyle%20be%u015Finci%20s%u0131rada%3C\/strong%3E%20yer%20al%u0131yor.%20Kent%20%26ouml%3Bzellikle%20silahl%u0131%20soygun%2C%20ara%26ccedil%3B%20h%u0131rs%u0131zl%u0131%u011F%u0131%2C%20gasp%20ve%20%u015Fiddet%20olaylar%u0131yla%20g%26uuml%3Bvenlik%20sorunlar%u0131n%u0131n%20yo%u011Fun%20hissedildi%u011Fi%20merkezlerden%20biri%20olarak%20%26ouml%3Bne%20%26ccedil%3B%u0131k%u0131yor.%20Johannesburg%27un%2019%2C2%27lik%20g%26uuml%3Bvenlik%20endeksi%20de%20su%26ccedil%3B%20alg%u0131s%u0131n%u0131n%20olduk%26ccedil%3Ba%20y%26uuml%3Bksek%20oldu%u011Funu%20g%26ouml%3Bsteriyor.%3C\/p%3E%22%2C%22Section%22%3A%22master%22%2C%22EmbedCode%22%3A%22%22%2C%22Tags%22%3A%5B%5D%2C%22ContentTags%22%3A%5B%5D%2C%22Sources%22%3A%5B%5D%2C%22Credit%22%3A%22%22%2C%22FileShowRelatedNews%22%3Afalse%2C%22Grade%22%3A%22choose%22%2C%22SponsorLogo%22%3A%22%22%2C%22SponsorText%22%3A%22%22%2C%22BtnText%22%3A%22%22%2C%22BtnRedirectUrl%22%3A%22%22%7D%2C%22_Id%22%3A%226a83f99ebb03c16404fcd465%22%2C%22id%22%3A%226a83f99ebb03c16404fcd465%22%2C%22Application%22%3A%22com.milliyet%22%7D%2C%7B%22FileName%22%3A%22image_1787033728431.jpg%22%2C%22ContentType%22%3A%22image\/jpeg%22%2C%22ModifiedDate%22%3A%222026-08-18T06%3A20%3A14.191Z%22%2C%22CreatedBy%22%3A%22pcennet%22%2C%22Length%22%3A0%2C%22ChunkSize%22%3A0%2C%22Metadata%22%3A%7B%22Title%22%3A%224%29%20Port%20Moresby%2C%20Papua%20Yeni%20Gine%22%2C%22Description%22%3A%22%3Cp%3EPapua%20Yeni%20Gine%27nin%20ba%u015Fkenti%20Port%20Moresby%2C%20%3Cstrong%3E81%2C2%27lik%20su%26ccedil%3B%20endeksiyle%20d%26uuml%3Bnyan%u0131n%20en%20y%26uuml%3Bksek%20su%26ccedil%3B%20oran%u0131na%20sahip%20%u015Fehirleri%20aras%u0131nda%3C\/strong%3E%20bulunuyor.%20Kentte%20%26ouml%3Bzellikle%20silahl%u0131%20soygun%2C%20h%u0131rs%u0131zl%u0131k%20ve%20%u015Fiddet%20olaylar%u0131%20g%26uuml%3Bvenlik%20a%26ccedil%3B%u0131s%u0131ndan%20ciddi%20endi%u015Fe%20yarat%u0131yor.%20Numbeo%27nun%202025%20verilerine%20g%26ouml%3Bre%20Port%20Moresby%27nin%20g%26uuml%3Bvenlik%20endeksi%20yaln%u0131zca%2018%2C8%20seviyesinde.%3C\/p%3E%22%2C%22Section%22%3A%22master%22%2C%22EmbedCode%22%3A%22%22%2C%22Tags%22%3A%5B%5D%2C%22ContentTags%22%3A%5B%5D%2C%22Sources%22%3A%5B%5D%2C%22Credit%22%3A%22%22%2C%22FileShowRelatedNews%22%3Afalse%2C%22Grade%22%3A%22choose%22%2C%22SponsorLogo%22%3A%22%22%2C%22SponsorText%22%3A%22%22%2C%22BtnText%22%3A%22%22%2C%22BtnRedirectUrl%22%3A%22%22%7D%2C%22_Id%22%3A%226a83f99ebb03c16404fcd46b%22%2C%22id%22%3A%226a83f99ebb03c16404fcd46b%22%2C%22Application%22%3A%22com.milliyet%22%7D%2C%7B%22FileName%22%3A%22image_1787033638897.jpg%22%2C%22ContentType%22%3A%22image\/jpeg%22%2C%22ModifiedDate%22%3A%222026-08-18T06%3A20%3A13.226Z%22%2C%22CreatedBy%22%3A%22pcennet%22%2C%22Length%22%3A0%2C%22ChunkSize%22%3A0%2C%22Metadata%22%3A%7B%22Title%22%3A%223%29%20Caracas%2C%20Venezuela%22%2C%22Description%22%3A%22%3Cp%3EVenezuela%27n%u0131n%20ba%u015Fkenti%20Caracas%2C%20%3Cstrong%3E81%2C5%27lik%20su%26ccedil%3B%20endeksiyle%20%26uuml%3B%26ccedil%3B%26uuml%3Bnc%26uuml%3B%20s%u0131rada%3C\/strong%3E%20yer%20al%u0131yor.%20Kent%20uzun%20y%u0131llard%u0131r%20y%26uuml%3Bksek%20su%26ccedil%3B%20ve%20%u015Fiddet%20oranlar%u0131yla%20g%26uuml%3Bndeme%20gelirken%2C%20organize%20su%26ccedil%3B%2C%20silahl%u0131%20soygun%20ve%20%26ccedil%3Beteler%20g%26uuml%3Bvenlik%20tart%u0131%u015Fmalar%u0131n%u0131n%20%26ouml%3Bnemli%20ba%u015Fl%u0131klar%u0131%20aras%u0131nda%20bulunuyor.%20Caracas%27%u0131n%2018%2C5%27lik%20g%26uuml%3Bvenlik%20endeksi%20de%20kentte%20su%26ccedil%3B%20alg%u0131s%u0131n%u0131n%20olduk%26ccedil%3Ba%20y%26uuml%3Bksek%20oldu%u011Funu%20ortaya%20koyuyor.%3C\/p%3E%22%2C%22Section%22%3A%22master%22%2C%22EmbedCode%22%3A%22%22%2C%22Tags%22%3A%5B%5D%2C%22ContentTags%22%3A%5B%5D%2C%22Sources%22%3A%5B%5D%2C%22Credit%22%3A%22%22%2C%22FileShowRelatedNews%22%3Afalse%2C%22Grade%22%3A%22choose%22%2C%22SponsorLogo%22%3A%22%22%2C%22SponsorText%22%3A%22%22%2C%22BtnText%22%3A%22%22%2C%22BtnRedirectUrl%22%3A%22%22%7D%2C%22_Id%22%3A%226a83f99dbb03c16404fcd457%22%2C%22id%22%3A%226a83f99dbb03c16404fcd457%22%2C%22Application%22%3A%22com.milliyet%22%7D%2C%7B%22FileName%22%3A%22CentralPretoria.jpg%22%2C%22ContentType%22%3A%22image\/jpeg%22%2C%22ModifiedDate%22%3A%222026-08-18T06%3A20%3A13.316Z%22%2C%22CreatedBy%22%3A%22pcennet%22%2C%22Length%22%3A0%2C%22ChunkSize%22%3A0%2C%22Metadata%22%3A%7B%22Title%22%3A%222%29%20Pretoria%2C%20G%FCney%20Afrika%20%22%2C%22Description%22%3A%22%3Cp%3EG%26uuml%3Bney%20Afrika%27n%u0131n%20ba%u015Fkenti%20Pretoria%2C%2081%2C8%27lik%20su%26ccedil%3B%20endeksiyle%20ikinci%20s%u0131rada%20bulunuyor.%20Kentte%20%26ouml%3Bzellikle%20soygun%2C%20h%u0131rs%u0131zl%u0131k%20ve%20%u015Fiddet%20i%26ccedil%3Beren%20su%26ccedil%3Blara%20ili%u015Fkin%20g%26uuml%3Bvenlik%20endi%u015Feleri%20%26ouml%3Bne%20%26ccedil%3B%u0131karken%2C%20Pretoria%27n%u0131n%20y%26uuml%3Bksek%20su%26ccedil%3B%20endeksi%20%26uuml%3Blkenin%20g%26uuml%3Bvenlik%20sorunlar%u0131n%u0131n%20yaln%u0131zca%20tek%20bir%20kentle%20s%u0131n%u0131rl%u0131%20olmad%u0131%u011F%u0131n%u0131%20da%20g%26ouml%3Bsteriyor.%3C\/p%3E%22%2C%22Section%22%3A%22master%22%2C%22EmbedCode%22%3A%22%22%2C%22Tags%22%3A%5B%5D%2C%22ContentTags%22%3A%5B%5D%2C%22Sources%22%3A%5B%5D%2C%22Credit%22%3A%22%22%2C%22FileShowRelatedNews%22%3Afalse%2C%22Grade%22%3A%22choose%22%2C%22SponsorLogo%22%3A%22%22%2C%22SponsorText%22%3A%22%22%2C%22BtnText%22%3A%22%22%2C%22BtnRedirectUrl%22%3A%22%22%7D%2C%22_Id%22%3A%226a83f99dbb03c16404fcd45d%22%2C%22id%22%3A%226a83f99dbb03c16404fcd45d%22%2C%22Application%22%3A%22com.milliyet%22%7D%2C%7B%22FileName%22%3A%22Pietermaritzburg_City_Hall.jpg%22%2C%22ContentType%22%3A%22image\/jpeg%22%2C%22ModifiedDate%22%3A%222026-08-18T06%3A20%3A13.784Z%22%2C%22CreatedBy%22%3A%22pcennet%22%2C%22Length%22%3A0%2C%22ChunkSize%22%3A0%2C%22Metadata%22%3A%7B%22Title%22%3A%221%29%20Pietermaritzburg%2C%20G%FCney%20Afrika%22%2C%22Description%22%3A%22%3Cp%3EG%26uuml%3Bney%20Afrika%27n%u0131n%20KwaZulu-Natal%20eyaletindeki%20Pietermaritzburg%2C%20%3Cstrong%3E82%2C0%27l%u0131k%20su%26ccedil%3B%20endeksiyle%20listenin%20ilk%20s%u0131ras%u0131nda%3C\/strong%3E%20yer%20al%u0131yor.%20Kentte%20%u015Fiddet%2C%20soygun%2C%20gasp%20ve%20uyu%u015Fturucu%20ba%u011Flant%u0131l%u0131%20su%26ccedil%3Blar%20g%26uuml%3Bvenlik%20a%26ccedil%3B%u0131s%u0131ndan%20%26ouml%3Bnemli%20sorunlar%20aras%u0131nda%20g%26ouml%3Bsteriliyor.%20G%26uuml%3Bney%20Afrika%20h%26uuml%3Bk%26uuml%3Bmeti%20de%20Pietermaritzburg%27un%20bulundu%u011Fu%20b%26ouml%3Blgede%20%u015Fiddet%2C%20soygun%2C%20toplumsal%20cinsiyete%20dayal%u0131%20%u015Fiddet%20ve%20madde%20ba%u011F%u0131ml%u0131l%u0131%u011F%u0131n%u0131n%20toplum%20%26uuml%3Bzerinde%20ciddi%20bir%20g%26uuml%3Bvenlik%20y%26uuml%3Bk%26uuml%3B%20olu%u015Fturdu%u011Funa%20dikkat%20%26ccedil%3Bekiyor.%3C\/p%3E%22%2C%22Section%22%3A%22master%22%2C%22EmbedCode%22%3A%22%22%2C%22Tags%22%3A%5B%5D%2C%22ContentTags%22%3A%5B%5D%2C%22Sources%22%3A%5B%5D%2C%22Credit%22%3A%22%22%2C%22FileShowRelatedNews%22%3Afalse%2C%22Grade%22%3A%22choose%22%2C%22SponsorLogo%22%3A%22%22%2C%22SponsorText%22%3A%22%22%2C%22BtnText%22%3A%22%22%2C%22BtnRedirectUrl%22%3A%22%22%7D%2C%22_Id%22%3A%226a83f99dbb03c16404fcd463%22%2C%22id%22%3A%226a83f99dbb03c16404fcd463%22%2C%22Application%22%3A%22com.milliyet%22%7D%5D\" data-properties=\"%7B%22Type%22%3A%22RecommendedNewsHorizontalCard%22%2C%22Theme%22%3A%22blue%22%2C%22BoxTitle%22%3A%22%22%2C%22ButtonText%22%3A%22%22%2C%22SelectTarget%22%3A%22%22%7D\" data-type=\"Content\">Gitmeden \u00f6nce iki kez d\u00fc\u015f\u00fcn\u00fcn! \u0130\u015fte d\u00fcnyan\u0131n en tehlikeli 10 \u015fehri<\/section>\n<section class=\"insert insert-contents mceNonEditable\" data-contents=\"%5B%7B%22_Id%22%3A%226a841b98bb03c16404fcd5b1%22%2C%22Title%22%3A%22Bu%20%FClkede%207%20TL%u2019ye%20ev-arsa%20sahibi%20olunuyor%21%20Tek%20bir%20%u015Fart%20var%22%2C%22Description%22%3A%22Bu%20%FClkede%20ev%20ve%20arsa%20sahibi%20olman%u0131n%20bedeli%20sadece%207%20TL.%20%DCstelik%20bundan%20faydalanmak%20i%E7in%20sadece%20tek%20bir%20%u015Fart%20var%2C%20i%u015Fte%20detaylar...%22%2C%22Url%22%3A%22\/galeri\/son-dakika-bu-ulkede-7-tlye-ev-arsa-sahibi-olunuyor-tek-bir-sart-var-7643469%22%2C%22ContentType%22%3A%22NewsPhotoGallery%22%2C%22ModifiedDate%22%3A%222026-08-18T08%3A51%3A22.94Z%22%2C%22FileIds%22%3A%5B%226a841ba2bb03c16404fcd5b8%22%2C%226a841ba4bb03c16404fcd5bb%22%5D%7D%5D\" data-files=\"%5B%7B%22FileName%22%3A%22ma_frank-croatia-8123037.jpg%22%2C%22ContentType%22%3A%22image\/jpeg%22%2C%22ModifiedDate%22%3A%222026-08-18T08%3A45%3A22.722Z%22%2C%22CreatedBy%22%3A%22pcennet%22%2C%22Length%22%3A0%2C%22ChunkSize%22%3A0%2C%22Metadata%22%3A%7B%22Title%22%3A%22%22%2C%22Description%22%3A%22%3Cp%3EEv%20sahibi%20olmak%20isteyenler%20i%26ccedil%3Bin%20kula%u011Fa%20inan%u0131lmaz%20gelen%20bir%20uygulama%20hayata%20ge%26ccedil%3Biriliyor.%20H%u0131rvatistan%27da%20baz%u0131%20b%26ouml%3Blgelerde%20terk%20edilmi%u015F%20evler%20ve%20arsalar%20%3Cstrong%3E0%2C13%20euro%20yani%207%20T%26uuml%3Brk%20Liras%u0131%20gibi%20sembolik%20fiyatlarla%3C\/strong%3E%20sat%u0131%u015Fa%20%26ccedil%3B%u0131kar%u0131l%u0131rken%2C%20yeni%20sahiplerine%20tadilat%20deste%u011Fi%20de%20sa%u011Flan%u0131yor.%3C\/p%3E%22%2C%22Section%22%3A%22master%22%2C%22EmbedCode%22%3A%22%22%2C%22Tags%22%3A%5B%5D%2C%22ContentTags%22%3A%5B%5D%2C%22Sources%22%3A%5B%5D%2C%22Credit%22%3A%22%22%2C%22FileShowRelatedNews%22%3Afalse%2C%22Grade%22%3A%22choose%22%2C%22SponsorLogo%22%3A%22%22%2C%22SponsorText%22%3A%22%22%2C%22BtnText%22%3A%22%22%2C%22BtnRedirectUrl%22%3A%22%22%7D%2C%22_Id%22%3A%226a841ba2bb03c16404fcd5b8%22%2C%22id%22%3A%226a841ba2bb03c16404fcd5b8%22%2C%22Application%22%3A%22com.milliyet%22%7D%2C%7B%22FileName%22%3A%22neilmorrell-dubrovnik-5214286.jpg%22%2C%22ContentType%22%3A%22image\/jpeg%22%2C%22ModifiedDate%22%3A%222026-08-18T08%3A45%3A24.638Z%22%2C%22CreatedBy%22%3A%22pcennet%22%2C%22Length%22%3A0%2C%22ChunkSize%22%3A0%2C%22Metadata%22%3A%7B%22Title%22%3A%22AMA%20B%u0130R%20%u015EARTI%20VAR%22%2C%22Description%22%3A%22%3Cp%3ESistemden%20yararlanmak%20isteyenlerin%20yaln%u0131zca%20sembolik%20%26uuml%3Bcreti%20%26ouml%3Bdemesi%20yeterli%20de%u011Fil.%20Ba%u015Fvuran%20ki%u015Fi%20veya%20%26ccedil%3Biftlerin%20%3Cstrong%3E40%20ya%u015F%u0131ndan%20k%26uuml%3B%26ccedil%3B%26uuml%3Bk%20olmas%u0131%3C\/strong%3E%2C%20ald%u0131klar%u0131%20ev%20ya%20da%20arsay%u0131%202%20ila%203%20y%u0131l%20i%26ccedil%3Binde%20ya%u015Fanabilir%20hale%20getirmesi%20ve%20tahsis%20edilen%20m%26uuml%3Blkte%20uzun%20s%26uuml%3Bre%20ya%u015Famas%u0131%20gerekiyor.%3C\/p%3E%22%2C%22Section%22%3A%22master%22%2C%22EmbedCode%22%3A%22%22%2C%22Tags%22%3A%5B%5D%2C%22ContentTags%22%3A%5B%5D%2C%22Sources%22%3A%5B%5D%2C%22Credit%22%3A%22%22%2C%22FileShowRelatedNews%22%3Afalse%2C%22Grade%22%3A%22choose%22%2C%22SponsorLogo%22%3A%22%22%2C%22SponsorText%22%3A%22%22%2C%22BtnText%22%3A%22%22%2C%22BtnRedirectUrl%22%3A%22%22%7D%2C%22_Id%22%3A%226a841ba4bb03c16404fcd5bb%22%2C%22id%22%3A%226a841ba4bb03c16404fcd5bb%22%2C%22Application%22%3A%22com.milliyet%22%7D%2C%7B%22FileName%22%3A%2212121.jpg%22%2C%22ContentType%22%3A%22image\/jpeg%22%2C%22ModifiedDate%22%3A%222026-08-18T08%3A46%3A10.541Z%22%2C%22CreatedBy%22%3A%22pcennet%22%2C%22Length%22%3A0%2C%22ChunkSize%22%3A0%2C%22Metadata%22%3A%7B%22Title%22%3A%22%27EN%20AZ%2010%20YIL%27%22%2C%22Description%22%3A%22%3Cp%3EProgram%20kapsam%u0131nda%20ev%20veya%20arsa%20alanlar%u0131n%20b%26ouml%3Blgeyi%20k%u0131sa%20s%26uuml%3Bre%20sonra%20terk%20etmesine%20izin%20verilmiyor.%20Yararlan%u0131c%u0131lar%u0131n%20tahsis%20edilen%20m%26uuml%3Blkte%20%3Cstrong%3Een%20az%2010%20ila%2015%20y%u0131l%20kesintisiz%20ya%u015Famas%u0131%3C\/strong%3E%20%u015Fart%20ko%u015Fulurken%2C%20uygulamayla%20kal%u0131c%u0131%20n%26uuml%3Bfus%20olu%u015Fturulmas%u0131%20hedefleniyor.%3C\/p%3E%22%2C%22Section%22%3A%22master%22%2C%22EmbedCode%22%3A%22%22%2C%22Tags%22%3A%5B%5D%2C%22ContentTags%22%3A%5B%5D%2C%22Sources%22%3A%5B%5D%2C%22Credit%22%3A%22%22%2C%22FileShowRelatedNews%22%3Afalse%2C%22Grade%22%3A%22choose%22%2C%22SponsorLogo%22%3A%22%22%2C%22SponsorText%22%3A%22%22%2C%22BtnText%22%3A%22%22%2C%22BtnRedirectUrl%22%3A%22%22%7D%2C%22_Id%22%3A%226a841bd2bb03c16404fcd5be%22%2C%22id%22%3A%226a841bd2bb03c16404fcd5be%22%2C%22Application%22%3A%22com.milliyet%22%7D%2C%7B%22FileName%22%3A%22osoian-marcel-croatia-4413063.jpg%22%2C%22ContentType%22%3A%22image\/jpeg%22%2C%22ModifiedDate%22%3A%222026-08-18T08%3A45%3A22.548Z%22%2C%22CreatedBy%22%3A%22pcennet%22%2C%22Length%22%3A0%2C%22ChunkSize%22%3A0%2C%22Metadata%22%3A%7B%22Title%22%3A%22AVRUPA%27DA%20N%DCFUSU%20AZALAN%20B%D6LGELER%20%u0130%C7%u0130N%20%C7%D6Z%DCM%22%2C%22Description%22%3A%22%3Cp%3EDikkat%20%26ccedil%3Beken%20uygulama%2C%20n%26uuml%3Bfus%20kayb%u0131yla%20m%26uuml%3Bcadele%20eden%20yerel%20y%26ouml%3Bnetimler%20taraf%u0131ndan%20y%26uuml%3Br%26uuml%3Bt%26uuml%3Bl%26uuml%3Byor.%20Ama%26ccedil%3B%20bo%u015F%20kalan%20evleri%20yeniden%20kullan%u0131ma%20kazand%u0131rmak%2C%20yeni%20aileleri%20b%26ouml%3Blgeye%20%26ccedil%3Bekmek%20ve%20k%u0131rsal%20ekonomiyi%20canland%u0131rmak.%3C\/p%3E%22%2C%22Section%22%3A%22master%22%2C%22EmbedCode%22%3A%22%22%2C%22Tags%22%3A%5B%5D%2C%22ContentTags%22%3A%5B%5D%2C%22Sources%22%3A%5B%5D%2C%22Credit%22%3A%22%22%2C%22FileShowRelatedNews%22%3Afalse%2C%22Grade%22%3A%22choose%22%2C%22SponsorLogo%22%3A%22%22%2C%22SponsorText%22%3A%22%22%2C%22BtnText%22%3A%22%22%2C%22BtnRedirectUrl%22%3A%22%22%7D%2C%22_Id%22%3A%226a841ba2bb03c16404fcd5b3%22%2C%22id%22%3A%226a841ba2bb03c16404fcd5b3%22%2C%22Application%22%3A%22com.milliyet%22%7D%2C%7B%22FileName%22%3A%22ssidde-street-6099209.jpg%22%2C%22ContentType%22%3A%22image\/jpeg%22%2C%22ModifiedDate%22%3A%222026-08-18T08%3A45%3A22.711Z%22%2C%22CreatedBy%22%3A%22pcennet%22%2C%22Length%22%3A0%2C%22ChunkSize%22%3A0%2C%22Metadata%22%3A%7B%22Title%22%3A%22BELED%u0130YELER%20UYGULUYOR%22%2C%22Description%22%3A%22%3Cp%3ES%26ouml%3Bz%20konusu%20te%u015Fvikler%20%3Cstrong%3EH%u0131rvatistan%27%u0131n%20tamam%u0131n%u0131%20kapsam%u0131yor%3C\/strong%3E%3B%20n%26uuml%3Bfusu%20azalan%20belirli%20belediyeler%20taraf%u0131ndan%20uygulan%u0131yor.%20Ba%u015Fta%20%3Cstrong%3ELegrad%20ve%20Vodnjan%3C\/strong%3E%20olmak%20%26uuml%3Bzere%20baz%u0131%20yerel%20y%26ouml%3Bnetimler%2C%20ev%20ve%20arsalar%u0131%20sembolik%20fiyatlarla%20sat%u0131%u015Fa%20veya%20uzun%20s%26uuml%3Breli%20kiralamaya%20sunarken%2C%20m%26uuml%3Blk%20sahiplerine%20tadilat%20ve%20finansal%20destek%20de%20sa%u011Flayabiliyor.%3C\/p%3E%22%2C%22Section%22%3A%22master%22%2C%22EmbedCode%22%3A%22%22%2C%22Tags%22%3A%5B%5D%2C%22ContentTags%22%3A%5B%5D%2C%22Sources%22%3A%5B%5D%2C%22Credit%22%3A%22%22%2C%22FileShowRelatedNews%22%3Afalse%2C%22Grade%22%3A%22choose%22%2C%22SponsorLogo%22%3A%22%22%2C%22SponsorText%22%3A%22%22%2C%22BtnText%22%3A%22%22%2C%22BtnRedirectUrl%22%3A%22%22%7D%2C%22_Id%22%3A%226a841ba2bb03c16404fcd5b5%22%2C%22id%22%3A%226a841ba2bb03c16404fcd5b5%22%2C%22Application%22%3A%22com.milliyet%22%7D%5D\" data-properties=\"%7B%22Type%22%3A%22RecommendedNewsHorizontalCard%22%2C%22Theme%22%3A%22blue%22%2C%22BoxTitle%22%3A%22%22%2C%22ButtonText%22%3A%22%22%2C%22SelectTarget%22%3A%22%22%7D\" data-type=\"Content\">Bu \u00fclkede 7 TL\u2019ye ev-arsa sahibi olunuyor! Tek bir \u015fart var<\/section>\n","protected":false},"excerpt":{"rendered":"<p>CNN&#8217;e konu\u015fan kaynaklar, Gazze&#8217;de ate\u015fkesin ikinci a\u015famas\u0131n\u0131n uygulanmas\u0131na y\u00f6nelik 15 maddelik plan\u0131 reddedenNetanyahu&#8217;nun d\u00fcn Kushner<\/p>\n","protected":false},"author":1,"featured_media":5099,"comment_status":"open","ping_status":"open","sticky":false,"template":"","format":"standard","meta":{"_rtcl_gb_attr":"","footnotes":""},"categories":[],"tags":[],"class_list":["post-5098","post","type-post","status-publish","format-standard","has-post-thumbnail","hentry"],"_links":{"self":[{"href":"https:\/\/turkiyemhaber.com\/index.php?rest_route=\/wp\/v2\/posts\/5098","targetHints":{"allow":["GET"]}}],"collection":[{"href":"https:\/\/turkiyemhaber.com\/index.php?rest_route=\/wp\/v2\/posts"}],"about":[{"href":"https:\/\/turkiyemhaber.com\/index.php?rest_route=\/wp\/v2\/types\/post"}],"author":[{"embeddable":true,"href":"https:\/\/turkiyemhaber.com\/index.php?rest_route=\/wp\/v2\/users\/1"}],"replies":[{"embeddable":true,"href":"https:\/\/turkiyemhaber.com\/index.php?rest_route=%2Fwp%2Fv2%2Fcomments&post=5098"}],"version-history":[{"count":0,"href":"https:\/\/turkiyemhaber.com\/index.php?rest_route=\/wp\/v2\/posts\/5098\/revisions"}],"wp:featuredmedia":[{"embeddable":true,"href":"https:\/\/turkiyemhaber.com\/index.php?rest_route=\/wp\/v2\/media\/5099"}],"wp:attachment":[{"href":"https:\/\/turkiyemhaber.com\/index.php?rest_route=%2Fwp%2Fv2%2Fmedia&parent=5098"}],"wp:term":[{"taxonomy":"category","embeddable":true,"href":"https:\/\/turkiyemhaber.com\/index.php?rest_route=%2Fwp%2Fv2%2Fcategories&post=5098"},{"taxonomy":"post_tag","embeddable":true,"href":"https:\/\/turkiyemhaber.com\/index.php?rest_route=%2Fwp%2Fv2%2Ftags&post=5098"}],"curies":[{"name":"wp","href":"https:\/\/api.w.org\/{rel}","templated":true}]}}