{"id":5096,"date":"2026-08-18T09:58:21","date_gmt":"2026-08-18T09:58:21","guid":{"rendered":"https:\/\/turkiyemhaber.com\/?p=5096"},"modified":"2026-08-18T09:58:21","modified_gmt":"2026-08-18T09:58:21","slug":"tirdan-dokuldu-yagmurla-tepkimeye-girdi-araclar-mora-boyandi-sorusturma-baslatildi","status":"publish","type":"post","link":"https:\/\/turkiyemhaber.com\/?p=5096","title":{"rendered":"TIR\u2019dan d\u00f6k\u00fcld\u00fc, ya\u011fmurla tepkimeye girdi! Ara\u00e7lar mora boyand\u0131, soru\u015fturma ba\u015flat\u0131ld\u0131"},"content":{"rendered":"<p><img decoding=\"async\" src=\"https:\/\/image.milimaj.com\/i\/milliyet\/75\/460x340\/6a8427f15145f25f8bb2dd41.jpg\" \/><\/p>\n<p>Dinar- \u00c7ay kara yolu g\u00fczerg\u00e2h\u0131nda, bir TIR\u2019dan yakla\u015f\u0131k 10 g\u00fcn \u00f6nce yola d\u00f6k\u00fcld\u00fc\u011f\u00fc belirlenen kimyasal madde, ya\u011f\u0131\u015f sonras\u0131 tepkimeye girerek, asfalt y\u00fczeyinde yay\u0131ld\u0131.<\/p>\n<p>G\u00fczergah\u0131 kullanan ara\u00e7lar\u0131n lastiklerinden s\u0131\u00e7rayan kimyasal kar\u0131\u015f\u0131m, alt b\u00f6l\u00fcmleri ba\u015fta olmak \u00fczere, lastik, jant, tampon ve kaportalar\u0131n\u0131 mora boyad\u0131. \u00c7ok say\u0131da s\u00fcr\u00fcc\u00fc, ara\u00e7lar\u0131n\u0131 temizletmek i\u00e7in akaryak\u0131t istasyonlar\u0131 ve oto y\u0131kamac\u0131lara y\u00f6neldi. Baz\u0131 y\u0131kamac\u0131larda uzun ara\u00e7 kuyruklar\u0131 olu\u015ftu.<\/p>\n<p><img decoding=\"async\" src=\"https:\/\/image.milimaj.com\/i\/milliyet\/75\/770x0\/6a84283c5145f25f8bb2dd44.jpg\" width=\"100%\" \/><\/p>\n<p><strong>SORUMLULAR TESP\u0130T ED\u0130LD\u0130<\/strong><\/p>\n<p>Dinar Cumhuriyet Ba\u015fsavc\u0131l\u0131\u011f\u0131, sorumlular hakk\u0131nda soru\u015fturma ba\u015flatt\u0131. Ba\u015fsavc\u0131l\u0131ktan yap\u0131lan a\u00e7\u0131klamada, olay\u0131n sorumlular\u0131n\u0131n tespit edildi\u011fi belirtilerek, &#8220;Olayla ilgili yap\u0131lan incelemelerin ard\u0131ndan sorumlular hakk\u0131nda &#8216;\u00c7evrenin taksirle kirletilmesi&#8217; ve &#8216;Trafik g\u00fcvenli\u011finin tehlikeye sokulmas\u0131&#8217; su\u00e7lar\u0131ndan adli soru\u015fturma ba\u015flat\u0131ld\u0131&#8221; denildi.<\/p>\n<section class=\"insert insert-contents mceNonEditable\" data-contents=\"%5B%7B%22_Id%22%3A%226a8406c5066eb42d29b0b17c%22%2C%22Title%22%3A%22Y%u0131lan%20ba%u015Fl%u0131%20bilezikten%20tescilli%20markaya%21%20Alt%u0131n%u0131yla%20me%u015Fhur%20il%22%2C%22Description%22%3A%2224%20ayar%20alt%u0131n%u0131n%2022%20ayara%20d%FC%u015F%FCr%FClmesiyle%20ba%u015Flayan%20ve%20tamamen%20geleneksel%20y%F6ntemlerle%20%u015Fekillendirilen%20burma%20bilezi%u011Fi%2C%20art%u0131k%20co%u011Frafi%20i%u015Faret%20ta%u015F%u0131yor.%20Tescil%2C%20kuyumculuk%20k%FClt%FCr%FCne%20de%20%F6nemli%20bir%20katk%u0131%20sa%u011Flad%u0131.%22%2C%22Url%22%3A%22\/gundem\/yilan-basli-bilezikten-tescilli-markaya-altiniyla-meshur-il-7643371%22%2C%22ContentType%22%3A%22Article%22%2C%22ModifiedDate%22%3A%222026-08-18T07%3A36%3A55.776Z%22%2C%22FileIds%22%3A%5B%226a840a3f066eb42d29b0b19c%22%5D%7D%5D\" data-files=\"%5B%7B%22FileName%22%3A%222.jpg%22%2C%22ContentType%22%3A%22image\/jpeg%22%2C%22ModifiedDate%22%3A%222026-08-18T07%3A31%3A11.44Z%22%2C%22CreatedBy%22%3A%22maydin%22%2C%22Length%22%3A0%2C%22ChunkSize%22%3A0%2C%22Metadata%22%3A%7B%22Title%22%3A%22%22%2C%22Description%22%3A%22%22%2C%22EmbedCode%22%3A%22%22%2C%22Tags%22%3A%5B%5D%2C%22ContentTags%22%3A%5B%5D%2C%22Sources%22%3A%5B%5D%2C%22Credit%22%3A%22%22%2C%22FileShowRelatedNews%22%3Afalse%2C%22Grade%22%3A%22%22%2C%22SponsorLogo%22%3A%22%22%2C%22SponsorText%22%3A%22%22%2C%22BtnText%22%3A%22%22%2C%22BtnRedirectUrl%22%3A%22%22%7D%2C%22_Id%22%3A%226a840a3f066eb42d29b0b19c%22%2C%22id%22%3A%226a840a3f066eb42d29b0b19c%22%2C%22Application%22%3A%22com.milliyet%22%7D%5D\" data-properties=\"%7B%22Type%22%3A%22RecommendedNewsHorizontalCard%22%2C%22Theme%22%3A%22orange%22%2C%22BoxTitle%22%3A%22Y%u0131lan%20ba%u015Fl%u0131%20bilezikten%20tescilli%20markaya%21%20Alt%u0131n%u0131yla%20me%u015Fhur%20il%22%2C%22ButtonText%22%3A%22Haberi%20G%F6r%FCnt%FCle%22%2C%22SelectTarget%22%3A%22%22%7D\" data-type=\"Content\">Y\u0131lan ba\u015fl\u0131 bilezikten tescilli markaya! Alt\u0131n\u0131yla me\u015fhur il<\/section>\n","protected":false},"excerpt":{"rendered":"<p>Dinar- \u00c7ay kara yolu g\u00fczerg\u00e2h\u0131nda, bir TIR\u2019dan yakla\u015f\u0131k 10 g\u00fcn \u00f6nce yola d\u00f6k\u00fcld\u00fc\u011f\u00fc belirlenen kimyasal<\/p>\n","protected":false},"author":1,"featured_media":5097,"comment_status":"open","ping_status":"open","sticky":false,"template":"","format":"standard","meta":{"_rtcl_gb_attr":"","footnotes":""},"categories":[],"tags":[],"class_list":["post-5096","post","type-post","status-publish","format-standard","has-post-thumbnail","hentry"],"_links":{"self":[{"href":"https:\/\/turkiyemhaber.com\/index.php?rest_route=\/wp\/v2\/posts\/5096","targetHints":{"allow":["GET"]}}],"collection":[{"href":"https:\/\/turkiyemhaber.com\/index.php?rest_route=\/wp\/v2\/posts"}],"about":[{"href":"https:\/\/turkiyemhaber.com\/index.php?rest_route=\/wp\/v2\/types\/post"}],"author":[{"embeddable":true,"href":"https:\/\/turkiyemhaber.com\/index.php?rest_route=\/wp\/v2\/users\/1"}],"replies":[{"embeddable":true,"href":"https:\/\/turkiyemhaber.com\/index.php?rest_route=%2Fwp%2Fv2%2Fcomments&post=5096"}],"version-history":[{"count":0,"href":"https:\/\/turkiyemhaber.com\/index.php?rest_route=\/wp\/v2\/posts\/5096\/revisions"}],"wp:featuredmedia":[{"embeddable":true,"href":"https:\/\/turkiyemhaber.com\/index.php?rest_route=\/wp\/v2\/media\/5097"}],"wp:attachment":[{"href":"https:\/\/turkiyemhaber.com\/index.php?rest_route=%2Fwp%2Fv2%2Fmedia&parent=5096"}],"wp:term":[{"taxonomy":"category","embeddable":true,"href":"https:\/\/turkiyemhaber.com\/index.php?rest_route=%2Fwp%2Fv2%2Fcategories&post=5096"},{"taxonomy":"post_tag","embeddable":true,"href":"https:\/\/turkiyemhaber.com\/index.php?rest_route=%2Fwp%2Fv2%2Ftags&post=5096"}],"curies":[{"name":"wp","href":"https:\/\/api.w.org\/{rel}","templated":true}]}}