{"id":5090,"date":"2026-08-18T09:58:12","date_gmt":"2026-08-18T09:58:12","guid":{"rendered":"https:\/\/turkiyemhaber.com\/?p=5090"},"modified":"2026-08-18T09:58:12","modified_gmt":"2026-08-18T09:58:12","slug":"hazine-ve-maliye-bakanligi-koklu-degisiklik-iddialarini-yalanladi","status":"publish","type":"post","link":"https:\/\/turkiyemhaber.com\/?p=5090","title":{"rendered":"Hazine ve Maliye Bakanl\u0131\u011f\u0131 &quot;k\u00f6kl\u00fc de\u011fi\u015fiklik&quot; iddialar\u0131n\u0131 yalanlad\u0131"},"content":{"rendered":"<p>Hazine ve Maliye Bakanl\u0131\u011f\u0131, ekonomi program\u0131nda k\u00f6kl\u00fc de\u011fi\u015fiklik yap\u0131laca\u011f\u0131 y\u00f6n\u00fcndeki yorumlar\u0131n do\u011fru olmad\u0131\u011f\u0131n\u0131 duyurdu.<\/p>\n","protected":false},"excerpt":{"rendered":"<p>Hazine ve Maliye Bakanl\u0131\u011f\u0131, ekonomi program\u0131nda k\u00f6kl\u00fc de\u011fi\u015fiklik yap\u0131laca\u011f\u0131 y\u00f6n\u00fcndeki yorumlar\u0131n do\u011fru olmad\u0131\u011f\u0131n\u0131 duyurdu.<\/p>\n","protected":false},"author":1,"featured_media":5091,"comment_status":"open","ping_status":"open","sticky":false,"template":"","format":"standard","meta":{"_rtcl_gb_attr":"","footnotes":""},"categories":[],"tags":[],"class_list":["post-5090","post","type-post","status-publish","format-standard","has-post-thumbnail","hentry"],"_links":{"self":[{"href":"https:\/\/turkiyemhaber.com\/index.php?rest_route=\/wp\/v2\/posts\/5090","targetHints":{"allow":["GET"]}}],"collection":[{"href":"https:\/\/turkiyemhaber.com\/index.php?rest_route=\/wp\/v2\/posts"}],"about":[{"href":"https:\/\/turkiyemhaber.com\/index.php?rest_route=\/wp\/v2\/types\/post"}],"author":[{"embeddable":true,"href":"https:\/\/turkiyemhaber.com\/index.php?rest_route=\/wp\/v2\/users\/1"}],"replies":[{"embeddable":true,"href":"https:\/\/turkiyemhaber.com\/index.php?rest_route=%2Fwp%2Fv2%2Fcomments&post=5090"}],"version-history":[{"count":0,"href":"https:\/\/turkiyemhaber.com\/index.php?rest_route=\/wp\/v2\/posts\/5090\/revisions"}],"wp:featuredmedia":[{"embeddable":true,"href":"https:\/\/turkiyemhaber.com\/index.php?rest_route=\/wp\/v2\/media\/5091"}],"wp:attachment":[{"href":"https:\/\/turkiyemhaber.com\/index.php?rest_route=%2Fwp%2Fv2%2Fmedia&parent=5090"}],"wp:term":[{"taxonomy":"category","embeddable":true,"href":"https:\/\/turkiyemhaber.com\/index.php?rest_route=%2Fwp%2Fv2%2Fcategories&post=5090"},{"taxonomy":"post_tag","embeddable":true,"href":"https:\/\/turkiyemhaber.com\/index.php?rest_route=%2Fwp%2Fv2%2Ftags&post=5090"}],"curies":[{"name":"wp","href":"https:\/\/api.w.org\/{rel}","templated":true}]}}