{"id":5068,"date":"2026-08-17T21:57:46","date_gmt":"2026-08-17T21:57:46","guid":{"rendered":"https:\/\/turkiyemhaber.com\/?p=5068"},"modified":"2026-08-17T21:57:46","modified_gmt":"2026-08-17T21:57:46","slug":"trump-ile-gorusen-cumhurbaskani-erdogandan-kalici-baris-vurgusu","status":"publish","type":"post","link":"https:\/\/turkiyemhaber.com\/?p=5068","title":{"rendered":"Trump ile g\u00f6r\u00fc\u015fen Cumhurba\u015fkan\u0131 Erdo\u011fan&#039;dan &#039;kal\u0131c\u0131 bar\u0131\u015f&#039; vurgusu"},"content":{"rendered":"<p><img decoding=\"async\" src=\"https:\/\/image.milimaj.com\/i\/milliyet\/75\/460x340\/6a8381573e3a0f1383df32b2.jpg\" \/><\/p>\n<p>Cumhurba\u015fkanl\u0131\u011f\u0131 \u0130leti\u015fim Ba\u015fkanl\u0131\u011f\u0131 g\u00f6r\u00fc\u015fme ile ilgili \u015fu a\u00e7\u0131klamada bulundu: Cumhurba\u015fkan\u0131m\u0131z Say\u0131n Recep Tayyip Erdo\u011fan, Amerika Birle\u015fik Devletleri Ba\u015fkan\u0131 Donald Trump ile bir telefon g\u00f6r\u00fc\u015fmesi ger\u00e7ekle\u015ftirdi.<\/p>\n<p>Liderler g\u00f6r\u00fc\u015fmede, T\u00fcrkiye-ABD ikili ili\u015fkileri ile b\u00f6lgesel ve k\u00fcresel geli\u015fmeleri ele ald\u0131.<\/p>\n<p><strong>&#8220;KALICI BARI\u015e&#8221; VURGUSU<\/strong><\/p>\n<p>Cumhurba\u015fkan\u0131 Erdo\u011fan, \u0130ran ile ABD aras\u0131ndaki gerilimde diplomasiden azami \u00f6l\u00e7\u00fcde istifade edilmesinin m\u00fchim oldu\u011funu, g\u00f6r\u00fc\u015fmelerin s\u00fcrmesini temenni etti\u011fimizi ve T\u00fcrkiye\u2019nin bar\u0131\u015f \u00e7abalar\u0131na destek vermeye devam edece\u011fini belirtti.<\/p>\n<p>Cumhurba\u015fkan\u0131m\u0131z, Pakistan ve Suudi Arabistan ile birlikte imzalad\u0131\u011f\u0131m\u0131z Ortak Savunma Anla\u015fmas\u0131\u2019yla b\u00f6lgesel istikrar ve g\u00fcvenli\u011fin temini i\u00e7in g\u00fc\u00e7l\u00fc bir duru\u015f sergiledi\u011fimizi ifade etti.<\/p>\n<p>Cumhurba\u015fkan\u0131 Erdo\u011fan, Gazze bar\u0131\u015f s\u00fcrecinde ikinci a\u015famaya ge\u00e7ilmesini hedefledi\u011fimiz bir d\u00f6nemde \u0130srail y\u00f6netiminin Filistinlileri hedef alan eylemlerinde art\u0131\u015f ya\u015fand\u0131\u011f\u0131n\u0131, T\u00fcrkiye olarak b\u00f6lgede kal\u0131c\u0131 bar\u0131\u015fa ve Gazze\u2019nin yeniden imar\u0131 i\u00e7in at\u0131lacak ad\u0131mlara destek vermeyi s\u00fcrd\u00fcrece\u011fimizi vurgulad\u0131.<\/p>\n<section class=\"insert insert-contents mceNonEditable\" data-contents=\"%5B%7B%22_Id%22%3A%226a8377a83e3a0f1383df328c%22%2C%22Title%22%3A%22%C7er%E7eve%20Yasa%20Resmi%20Gazete%u2019de%20yay%u0131mland%u0131%21%20Cumhurba%u015Fkan%u0131%20Erdo%u011Fan%3A%20Hay%u0131rlara%20vesile%20olsun%22%2C%22Description%22%3A%22Ter%F6rs%FCz%20T%FCrkiye%20%E7er%E7eve%20yasas%u0131%20olarak%20bilinen%20Milli%20Dayan%u0131%u015Fma%20ve%20Toplumsal%20B%FCt%FCnle%u015Fmenin%20G%FC%E7lendirilmesine%20Dair%20Kanun%2C%20Resmi%20Gazete%u2019de%20yay%u0131mland%u0131.%20Cumhurba%u015Fkan%u0131%20Erdo%u011Fan%20yasan%u0131n%20y%FCr%FCrl%FC%u011Fe%20girmesi%20ile%20ilgili%20%22%2C%22Url%22%3A%22\/gundem\/son-dakika-milli-dayanisma-ve-toplumsal-butunlesmenin-guclendirilmesine-dair-kanun-resmi-gazetede-7643154%22%2C%22ContentType%22%3A%22Article%22%2C%22ModifiedDate%22%3A%222026-08-17T21%3A29%3A57.337Z%22%2C%22FileIds%22%3A%5B%226a837d4e3e3a0f1383df32a0%22%5D%7D%5D\" data-files=\"%5B%7B%22FileName%22%3A%22HAYIRLAR.jpg%22%2C%22ContentType%22%3A%22image\/jpeg%22%2C%22ModifiedDate%22%3A%222026-08-17T21%3A29%3A50.821Z%22%2C%22CreatedBy%22%3A%22cevatz%22%2C%22Length%22%3A62905%2C%22ChunkSize%22%3A261120%2C%22MD5%22%3A%22e255ab1e124db3f6dd423b3014c15dfa%22%2C%22Metadata%22%3A%7B%22Title%22%3A%22%22%2C%22Description%22%3A%22%22%2C%22EmbedCode%22%3A%22%22%2C%22Tags%22%3A%5B%5D%2C%22Sources%22%3A%5B%5D%2C%22Credit%22%3A%22%22%2C%22FileShowRelatedNews%22%3Afalse%2C%22Grade%22%3A%22%22%2C%22SponsorLogo%22%3A%22%22%2C%22SponsorText%22%3A%22%22%2C%22BtnText%22%3A%22%22%2C%22BtnRedirectUrl%22%3A%22%22%7D%2C%22_Id%22%3A%226a837d4e3e3a0f1383df32a0%22%2C%22id%22%3A%226a837d4e3e3a0f1383df32a0%22%2C%22Application%22%3A%22com.milliyet%22%7D%5D\" data-properties=\"%7B%22Type%22%3A%22RecommendedNewsHorizontalCard%22%2C%22Theme%22%3A%22orange%22%2C%22BoxTitle%22%3A%22%22%2C%22ButtonText%22%3A%22%22%2C%22SelectTarget%22%3A%22%22%7D\" data-type=\"Content\">\u00c7er\u00e7eve Yasa Resmi Gazete\u2019de yay\u0131mland\u0131! Cumhurba\u015fkan\u0131 Erdo\u011fan: Hay\u0131rlara vesile olsun<\/section>\n<section class=\"insert insert-contents mceNonEditable\" data-contents=\"%5B%7B%22_Id%22%3A%226a8354fa3e3a0f1383df3252%22%2C%22Title%22%3A%22Trump%3A%20H%FCrm%FCz%20Bo%u011Faz%u0131%27n%u0131n%20kontrol%FC%20ABD%27de%2C%20petrol%20fiyatlar%u0131%20d%FC%u015F%FCyor%22%2C%22Description%22%3A%22ABD%20Ba%u015Fkan%u0131%20Donald%20Trump%2C%20H%FCrm%FCz%20Bo%u011Faz%u0131%27nda%20kontrol%FCn%20ABD%27de%20oldu%u011Funu%20savunarak%20%22%2C%22Url%22%3A%22\/dunya\/trump-hurmuz-bogazinin-kontrolu-abdde-petrol-fiyatlari-dusuyor-7643131%22%2C%22ContentType%22%3A%22Article%22%2C%22ModifiedDate%22%3A%222026-08-17T18%3A54%3A35.343Z%22%2C%22FileIds%22%3A%5B%226a83562e3e3a0f1383df3254%22%5D%7D%5D\" data-files=\"%5B%7B%22FileName%22%3A%22trumda.jpg%22%2C%22ContentType%22%3A%22image\/jpeg%22%2C%22ModifiedDate%22%3A%222026-08-17T18%3A42%3A54.174Z%22%2C%22CreatedBy%22%3A%22cevatz%22%2C%22Length%22%3A0%2C%22ChunkSize%22%3A0%2C%22Metadata%22%3A%7B%22Title%22%3A%22%22%2C%22Description%22%3A%22%22%2C%22EmbedCode%22%3A%22%22%2C%22Tags%22%3A%5B%5D%2C%22ContentTags%22%3A%5B%5D%2C%22Sources%22%3A%5B%5D%2C%22Credit%22%3A%22%22%2C%22FileShowRelatedNews%22%3Afalse%2C%22Grade%22%3A%22%22%2C%22SponsorLogo%22%3A%22%22%2C%22SponsorText%22%3A%22%22%2C%22BtnText%22%3A%22%22%2C%22BtnRedirectUrl%22%3A%22%22%7D%2C%22_Id%22%3A%226a83562e3e3a0f1383df3254%22%2C%22id%22%3A%226a83562e3e3a0f1383df3254%22%2C%22Application%22%3A%22com.milliyet%22%7D%5D\" data-properties=\"%7B%22Type%22%3A%22RecommendedNewsHorizontalCard%22%2C%22Theme%22%3A%22orange%22%2C%22BoxTitle%22%3A%22%22%2C%22ButtonText%22%3A%22%22%2C%22SelectTarget%22%3A%22%22%7D\" data-type=\"Content\">Trump: H\u00fcrm\u00fcz Bo\u011faz\u0131&#8217;n\u0131n kontrol\u00fc ABD&#8217;de, petrol fiyatlar\u0131 d\u00fc\u015f\u00fcyor<\/section>\n","protected":false},"excerpt":{"rendered":"<p>Cumhurba\u015fkanl\u0131\u011f\u0131 \u0130leti\u015fim Ba\u015fkanl\u0131\u011f\u0131 g\u00f6r\u00fc\u015fme ile ilgili \u015fu a\u00e7\u0131klamada bulundu: Cumhurba\u015fkan\u0131m\u0131z Say\u0131n Recep Tayyip Erdo\u011fan, Amerika<\/p>\n","protected":false},"author":1,"featured_media":5069,"comment_status":"open","ping_status":"open","sticky":false,"template":"","format":"standard","meta":{"_rtcl_gb_attr":"","footnotes":""},"categories":[],"tags":[],"class_list":["post-5068","post","type-post","status-publish","format-standard","has-post-thumbnail","hentry"],"_links":{"self":[{"href":"https:\/\/turkiyemhaber.com\/index.php?rest_route=\/wp\/v2\/posts\/5068","targetHints":{"allow":["GET"]}}],"collection":[{"href":"https:\/\/turkiyemhaber.com\/index.php?rest_route=\/wp\/v2\/posts"}],"about":[{"href":"https:\/\/turkiyemhaber.com\/index.php?rest_route=\/wp\/v2\/types\/post"}],"author":[{"embeddable":true,"href":"https:\/\/turkiyemhaber.com\/index.php?rest_route=\/wp\/v2\/users\/1"}],"replies":[{"embeddable":true,"href":"https:\/\/turkiyemhaber.com\/index.php?rest_route=%2Fwp%2Fv2%2Fcomments&post=5068"}],"version-history":[{"count":0,"href":"https:\/\/turkiyemhaber.com\/index.php?rest_route=\/wp\/v2\/posts\/5068\/revisions"}],"wp:featuredmedia":[{"embeddable":true,"href":"https:\/\/turkiyemhaber.com\/index.php?rest_route=\/wp\/v2\/media\/5069"}],"wp:attachment":[{"href":"https:\/\/turkiyemhaber.com\/index.php?rest_route=%2Fwp%2Fv2%2Fmedia&parent=5068"}],"wp:term":[{"taxonomy":"category","embeddable":true,"href":"https:\/\/turkiyemhaber.com\/index.php?rest_route=%2Fwp%2Fv2%2Fcategories&post=5068"},{"taxonomy":"post_tag","embeddable":true,"href":"https:\/\/turkiyemhaber.com\/index.php?rest_route=%2Fwp%2Fv2%2Ftags&post=5068"}],"curies":[{"name":"wp","href":"https:\/\/api.w.org\/{rel}","templated":true}]}}