{"id":5066,"date":"2026-08-17T21:57:45","date_gmt":"2026-08-17T21:57:45","guid":{"rendered":"https:\/\/turkiyemhaber.com\/?p=5066"},"modified":"2026-08-17T21:57:45","modified_gmt":"2026-08-17T21:57:45","slug":"son-dakika-haberi-cerceve-yasa-resmi-gazetede-yayimlandi","status":"publish","type":"post","link":"https:\/\/turkiyemhaber.com\/?p=5066","title":{"rendered":"SON DAK\u0130KA HABER\u0130: \u00c7er\u00e7eve Yasa Resmi Gazete\u2019de yay\u0131mland\u0131!"},"content":{"rendered":"<p><img decoding=\"async\" src=\"https:\/\/image.milimaj.com\/i\/milliyet\/75\/460x340\/6a837d4e3e3a0f1383df32a0.jpg\" \/><\/p>\n<p>Ter\u00f6rs\u00fcz T\u00fcrkiye \u00e7er\u00e7eve yasas\u0131 olarak bilinen Milli Dayan\u0131\u015fma ve Toplumsal B\u00fct\u00fcnle\u015fmenin G\u00fc\u00e7lendirilmesine Dair Kanun, Resmi Gazete\u2019de yay\u0131mland\u0131.<\/p>\n<p><strong>CUMHURBA\u015eKANI ERDO\u011eAN: HAYIRLARA VES\u0130LE OLMASINI D\u0130L\u0130YORUM<\/strong><\/p>\n<\/p>\n<p>Cumhurba\u015fkan\u0131 Recep Tayyip Erdo\u011fan, &#8220;Gazi Meclisimizde tarihi bir mutabakat \u00f6rne\u011fi olarak 467 milletvekilimizin deste\u011fiyle kabul edilen ve bug\u00fcn itibar\u0131yla y\u00fcr\u00fcrl\u00fc\u011fe giren Milli Dayan\u0131\u015fma ve Toplumsal B\u00fct\u00fcnle\u015fmenin G\u00fc\u00e7lendirilmesine Dair Kanun&#8217;un hay\u0131rlara vesile olmas\u0131n\u0131 diliyorum.&#8221; ifadelerini kulland\u0131.<\/p>\n<p>Cumhurba\u015fkan\u0131 Erdo\u011fan, Resmi Gazete&#8217;de yay\u0131mlanarak y\u00fcr\u00fcrl\u00fc\u011fe giren Milli Dayan\u0131\u015fma ve Toplumsal B\u00fct\u00fcnle\u015fmenin G\u00fc\u00e7lendirilmesine Dair Kanun&#8217;a ili\u015fkin sosyal medya hesab\u0131ndan payla\u015f\u0131mda bulundu.<\/p>\n<section class=\"insert insert-controls mceNonEditable\" data-controls=\"%5B%7B%22Code%22%3A%22%22%2C%22ContentCount%22%3A0%2C%22ContentViewProperties%22%3A%5B%5D%2C%22AllowedControls%22%3A%5B%5D%2C%22IsViewContainer%22%3Afalse%2C%22Inline%22%3Atrue%2C%22IxName%22%3A%22RedesignInterestingContentCard%22%2C%22Name%22%3A%22%u0130lginizi%20%C7ekebilir%22%2C%22ControllerIxName%22%3A%22Widgets%22%2C%22Description%22%3A%22%u0130lginizi%20%C7ekebilir%22%2C%22ImageId%22%3A%22%22%2C%22Order%22%3A0%2C%22Properties%22%3A%5B%7B%22IxName%22%3A%22CardTitle%22%2C%22Name%22%3A%22%D6ny%FCz%20Ba%u015Fl%u0131%u011F%u0131%22%2C%22Type%22%3A1%2C%22IsRequired%22%3Afalse%2C%22Value%22%3A%22%22%2C%22SelectValues%22%3A%5B%5D%2C%22IsViewProperty%22%3Afalse%7D%5D%2C%22_Id%22%3A%226389e1e886b2454468ecad0b%22%2C%22id%22%3A%226389e1e886b2454468ecad0b%22%2C%22Application%22%3A%22com.milliyet%22%2C%22_Text%22%3A%22%u0130lginizi%20%C7ekebilir%22%2C%22Title%22%3A%22%u0130lginizi%20%C7ekebilir%22%2C%22Controls%22%3A%5B%5D%2C%22References%22%3A%5B%5D%2C%22DataSource%22%3Anull%2C%22Timing%22%3A%7B%22StartDate%22%3Anull%2C%22EndDate%22%3Anull%2C%22DailyTiming%22%3A%5B%5D%7D%7D%5D\" data-files=\"%5B%5D\" data-properties=\"%7B%22Type%22%3A%22%22%2C%22Theme%22%3A%22%22%2C%22BoxTitle%22%3A%22%22%2C%22ButtonText%22%3A%22%22%2C%22SelectTarget%22%3A%22%22%7D\" data-type=\"Control\">\u0130lginizi \u00c7ekebilir<\/section>\n<p>Erdo\u011fan, payla\u015f\u0131m\u0131nda \u015funlar\u0131 kaydetti: &#8220;Gazi Meclisimizde tarihi bir mutabakat \u00f6rne\u011fi olarak 467 milletvekilimizin deste\u011fiyle kabul edilen ve bug\u00fcn itibar\u0131yla y\u00fcr\u00fcrl\u00fc\u011fe giren Milli Dayan\u0131\u015fma ve Toplumsal B\u00fct\u00fcnle\u015fmenin G\u00fc\u00e7lendirilmesine Dair Kanun&#8217;un hay\u0131rlara vesile olmas\u0131n\u0131 diliyorum. T\u00fcrkiye&#8217;nin huzurlu, m\u00fcreffeh ve g\u00fcvenli gelece\u011fi i\u00e7in at\u0131lan bu \u00f6nemli ad\u0131mda eme\u011fi ge\u00e7en Cumhur \u0130ttifak\u0131 orta\u011f\u0131m\u0131z Say\u0131n Devlet Bah\u00e7eli&#8217;ye ve Milliyet\u00e7i Hareket Partisi Grubu&#8217;na, T\u00fcrkiye B\u00fcy\u00fck Millet Meclisi Ba\u015fkan\u0131 Say\u0131n Numan Kurtulmu\u015f&#8217;a, AK Parti Grubu&#8217;ndaki k\u0131ymetli yol ve dava arkada\u015flar\u0131ma, farkl\u0131 kulvarda yer almakla birlikte yap\u0131c\u0131 bir tutum sergileyen t\u00fcm siyasi parti gruplar\u0131na ve milletvekillerine y\u00fcrekten te\u015fekk\u00fcr ediyorum.<\/p>\n<p>S\u00fcrecin bug\u00fcnlere kazas\u0131z belas\u0131z gelmesinde katk\u0131s\u0131 bulunan devletimizin kurumlar\u0131n\u0131 ve g\u00f6revlilerini tebrik ediyorum. Ba\u015fta \u015fehitlerimizin yak\u0131nlar\u0131 ve gazilerimiz olmak \u00fczere, milletimizin tamam\u0131n\u0131n hassasiyetlerini dikkate alan bir yakla\u015f\u0131mla y\u00fcr\u00fctt\u00fc\u011f\u00fcm\u00fcz s\u00fcreci, Kanun&#8217;un belirledi\u011fi zeminde, ilgili kurum ve kurullar\u0131m\u0131z\u0131n riyasetinde ayn\u0131 samimiyet ve titizlikle y\u00f6netmeye devam edece\u011fiz.&#8221;<\/p>\n<blockquote class=\"twitter-tweet\">\n<p lang=\"tr\" dir=\"ltr\">Gazi Meclisimizde tarih\u00ee bir mutabakat \u00f6rne\u011fi olarak 467 milletvekilimizin deste\u011fiyle kabul edilen ve bug\u00fcn itibar\u0131yla y\u00fcr\u00fcrl\u00fc\u011fe giren Mill\u00ee Dayan\u0131\u015fma ve Toplumsal B\u00fct\u00fcnle\u015fmenin G\u00fc\u00e7lendirilmesine Dair Kanun\u2019un hay\u0131rlara vesile olmas\u0131n\u0131 diliyorum.<\/p>\n<p>T\u00fcrkiye\u2019nin huzurlu, m\u00fcreffeh ve\u2026<\/p>\n<p>&mdash; Recep Tayyip Erdo\u011fan (@RTErdogan) <a href=\"https:\/\/x.com\/RTErdogan\/status\/2089458026843681240?ref_src=twsrc%5Etfw\">August 17, 2026<\/a><\/p><\/blockquote>\n<section class=\"insert insert-contents mceNonEditable\" data-contents=\"%5B%7B%22_Id%22%3A%226a832a4f3e3a0f1383df31ea%22%2C%22Title%22%3A%22Bakan%20G%FCrlek%20duyurdu%21%204%20yeni%20nesil%20su%E7%20%F6rg%FCt%FCne%20darbe%3A%20818%20%u015F%FCphelinin%20mal%20varl%u0131klar%u0131ne%20el%20konuldu%22%2C%22Description%22%3A%22Adalet%20Bakan%u0131%20Ak%u0131n%20G%FCrlek%2C%204%20su%E7%20%F6rg%FCt%FCn%FCn%20mali%20darbe%20vuruldu%u011Funu%20belirterek%20%22%2C%22Url%22%3A%22\/gundem\/bakan-gurlek-duyurdu-4-suc-orgutune-darbe-818-suphelinin-mal-varliklarine-el-konuldu-7643087%22%2C%22ContentType%22%3A%22Article%22%2C%22ModifiedDate%22%3A%222026-08-17T17%3A48%3A21.429Z%22%2C%22FileIds%22%3A%5B%226a832f793e3a0f1383df31f5%22%5D%7D%5D\" data-files=\"%5B%7B%22FileName%22%3A%22ak%u0131n.jpg%22%2C%22ContentType%22%3A%22image\/jpeg%22%2C%22ModifiedDate%22%3A%222026-08-17T15%3A57%3A45.419Z%22%2C%22CreatedBy%22%3A%22cevatz%22%2C%22Length%22%3A0%2C%22ChunkSize%22%3A0%2C%22Metadata%22%3A%7B%22Title%22%3A%22%22%2C%22Description%22%3A%22%22%2C%22EmbedCode%22%3A%22%22%2C%22Tags%22%3A%5B%5D%2C%22ContentTags%22%3A%5B%5D%2C%22Sources%22%3A%5B%5D%2C%22Credit%22%3A%22%22%2C%22FileShowRelatedNews%22%3Afalse%2C%22Grade%22%3A%22%22%2C%22SponsorLogo%22%3A%22%22%2C%22SponsorText%22%3A%22%22%2C%22BtnText%22%3A%22%22%2C%22BtnRedirectUrl%22%3A%22%22%7D%2C%22_Id%22%3A%226a832f793e3a0f1383df31f5%22%2C%22id%22%3A%226a832f793e3a0f1383df31f5%22%2C%22Application%22%3A%22com.milliyet%22%7D%5D\" data-properties=\"%7B%22Type%22%3A%22RecommendedNewsHorizontalCard%22%2C%22Theme%22%3A%22orange%22%2C%22BoxTitle%22%3A%22%22%2C%22ButtonText%22%3A%22%22%2C%22SelectTarget%22%3A%22%22%7D\" data-type=\"Content\">Bakan G\u00fcrlek duyurdu! 4 yeni nesil su\u00e7 \u00f6rg\u00fct\u00fcne darbe: 818 \u015f\u00fcphelinin mal varl\u0131klar\u0131ne el konuldu<\/section>\n<section class=\"insert insert-contents mceNonEditable\" data-contents=\"%5B%7B%22_Id%22%3A%226a8354fa3e3a0f1383df3252%22%2C%22Title%22%3A%22Trump%3A%20H%FCrm%FCz%20Bo%u011Faz%u0131%27n%u0131n%20kontrol%FC%20ABD%27de%2C%20petrol%20fiyatlar%u0131%20d%FC%u015F%FCyor%22%2C%22Description%22%3A%22ABD%20Ba%u015Fkan%u0131%20Donald%20Trump%2C%20H%FCrm%FCz%20Bo%u011Faz%u0131%27nda%20kontrol%FCn%20ABD%27de%20oldu%u011Funu%20savunarak%20%22%2C%22Url%22%3A%22\/dunya\/trump-hurmuz-bogazinin-kontrolu-abdde-petrol-fiyatlari-dusuyor-7643131%22%2C%22ContentType%22%3A%22Article%22%2C%22ModifiedDate%22%3A%222026-08-17T18%3A54%3A35.343Z%22%2C%22FileIds%22%3A%5B%226a83562e3e3a0f1383df3254%22%5D%7D%5D\" data-files=\"%5B%7B%22FileName%22%3A%22trumda.jpg%22%2C%22ContentType%22%3A%22image\/jpeg%22%2C%22ModifiedDate%22%3A%222026-08-17T18%3A42%3A54.174Z%22%2C%22CreatedBy%22%3A%22cevatz%22%2C%22Length%22%3A0%2C%22ChunkSize%22%3A0%2C%22Metadata%22%3A%7B%22Title%22%3A%22%22%2C%22Description%22%3A%22%22%2C%22EmbedCode%22%3A%22%22%2C%22Tags%22%3A%5B%5D%2C%22ContentTags%22%3A%5B%5D%2C%22Sources%22%3A%5B%5D%2C%22Credit%22%3A%22%22%2C%22FileShowRelatedNews%22%3Afalse%2C%22Grade%22%3A%22%22%2C%22SponsorLogo%22%3A%22%22%2C%22SponsorText%22%3A%22%22%2C%22BtnText%22%3A%22%22%2C%22BtnRedirectUrl%22%3A%22%22%7D%2C%22_Id%22%3A%226a83562e3e3a0f1383df3254%22%2C%22id%22%3A%226a83562e3e3a0f1383df3254%22%2C%22Application%22%3A%22com.milliyet%22%7D%5D\" data-properties=\"%7B%22Type%22%3A%22RecommendedNewsHorizontalCard%22%2C%22Theme%22%3A%22orange%22%2C%22BoxTitle%22%3A%22%22%2C%22ButtonText%22%3A%22%22%2C%22SelectTarget%22%3A%22%22%7D\" data-type=\"Content\">Trump: H\u00fcrm\u00fcz Bo\u011faz\u0131&#8217;n\u0131n kontrol\u00fc ABD&#8217;de, petrol fiyatlar\u0131 d\u00fc\u015f\u00fcyor<\/section>\n","protected":false},"excerpt":{"rendered":"<p>Ter\u00f6rs\u00fcz T\u00fcrkiye \u00e7er\u00e7eve yasas\u0131 olarak bilinen Milli Dayan\u0131\u015fma ve Toplumsal B\u00fct\u00fcnle\u015fmenin G\u00fc\u00e7lendirilmesine Dair Kanun, Resmi<\/p>\n","protected":false},"author":1,"featured_media":5067,"comment_status":"open","ping_status":"open","sticky":false,"template":"","format":"standard","meta":{"_rtcl_gb_attr":"","footnotes":""},"categories":[],"tags":[],"class_list":["post-5066","post","type-post","status-publish","format-standard","has-post-thumbnail","hentry"],"_links":{"self":[{"href":"https:\/\/turkiyemhaber.com\/index.php?rest_route=\/wp\/v2\/posts\/5066","targetHints":{"allow":["GET"]}}],"collection":[{"href":"https:\/\/turkiyemhaber.com\/index.php?rest_route=\/wp\/v2\/posts"}],"about":[{"href":"https:\/\/turkiyemhaber.com\/index.php?rest_route=\/wp\/v2\/types\/post"}],"author":[{"embeddable":true,"href":"https:\/\/turkiyemhaber.com\/index.php?rest_route=\/wp\/v2\/users\/1"}],"replies":[{"embeddable":true,"href":"https:\/\/turkiyemhaber.com\/index.php?rest_route=%2Fwp%2Fv2%2Fcomments&post=5066"}],"version-history":[{"count":0,"href":"https:\/\/turkiyemhaber.com\/index.php?rest_route=\/wp\/v2\/posts\/5066\/revisions"}],"wp:featuredmedia":[{"embeddable":true,"href":"https:\/\/turkiyemhaber.com\/index.php?rest_route=\/wp\/v2\/media\/5067"}],"wp:attachment":[{"href":"https:\/\/turkiyemhaber.com\/index.php?rest_route=%2Fwp%2Fv2%2Fmedia&parent=5066"}],"wp:term":[{"taxonomy":"category","embeddable":true,"href":"https:\/\/turkiyemhaber.com\/index.php?rest_route=%2Fwp%2Fv2%2Fcategories&post=5066"},{"taxonomy":"post_tag","embeddable":true,"href":"https:\/\/turkiyemhaber.com\/index.php?rest_route=%2Fwp%2Fv2%2Ftags&post=5066"}],"curies":[{"name":"wp","href":"https:\/\/api.w.org\/{rel}","templated":true}]}}