{"id":5065,"date":"2026-08-17T21:08:53","date_gmt":"2026-08-17T21:08:53","guid":{"rendered":"https:\/\/turkiyemhaber.com\/?p=5065"},"modified":"2026-08-17T22:31:17","modified_gmt":"2026-08-17T22:31:17","slug":"kirikkalede-parcalanmis-halde-ceset-bulunmasina-iliskin-13-supheli-tutuklandi","status":"publish","type":"post","link":"https:\/\/turkiyemhaber.com\/?p=5065","title":{"rendered":"K\u0131r\u0131kkale&#039;de par\u00e7alanm\u0131\u015f halde ceset bulunmas\u0131na ili\u015fkin 13 \u015f\u00fcpheli tutukland\u0131"},"content":{"rendered":"<p>K\u0131r\u0131kkale&#8217;de ge\u00e7en y\u0131l bir apartman dairesinde buzdolab\u0131nda ve derin dondurucuda par\u00e7alanm\u0131\u015f erkek cesedi bulunmas\u0131na ili\u015fkin g\u00f6zalt\u0131na al\u0131nan 17 zanl\u0131dan 13&#8217;\u00fc tutukland\u0131.<\/p>\n\n\n<p class=\"wp-block-paragraph\">H\u00fcseyin Okumu\u015fo\u011flu cinayetine ili\u015fkin \u0130l Emniyet M\u00fcd\u00fcrl\u00fc\u011f\u00fc Asayi\u015f \u015eubesi taraf\u0131ndan 14 A\u011fustos&#8217;ta K\u0131r\u0131kkale,&nbsp;<a href=\"https:\/\/www.trthaber.com\/etiket\/ankara\/\" target=\"_blank\" rel=\"noreferrer noopener\">Ankara<\/a>&nbsp;ve Ayd\u0131n&#8217;da ger\u00e7ekle\u015ftirilen e\u015f zamanl\u0131 operasyonlarda yakalanan A.M.T, H.\u015e, N.\u015e, S.T, A.G, F.M.\u015e, H.V, H.A, J.B, K.G, M.S, M.Y, N.G, N.G, S.V, S.O. ve T.E&#8217;nin emniyetteki i\u015flemleri tamamland\u0131.<\/p>\n\n\n\n<p class=\"wp-block-paragraph\">Sa\u011fl\u0131k kontrol\u00fcn\u00fcn ard\u0131ndan g\u00fcvenlik \u00f6nlemi alt\u0131nda&nbsp;<a href=\"https:\/\/www.trthaber.com\/etiket\/kirikkale\/\" target=\"_blank\" rel=\"noreferrer noopener\">K\u0131r\u0131kkale<\/a>&nbsp;Adliyesi&#8217;ne sevk edilen zanl\u0131lardan A.M.T, savc\u0131l\u0131ktan sal\u0131verildi.<\/p>\n\n\n\n<p class=\"wp-block-paragraph\">A.G, F.M.\u015e, H.V, H.A, J.B, K.G, M.S, M.Y, N.G, N.G, S.V, S.O. ve T.E. ise \u00e7\u0131kar\u0131ld\u0131klar\u0131 hakimlik\u00e7e tutukland\u0131, H.\u015e, N.\u015e. ve S.T. ise adli kontrol \u015fart\u0131yla serbest b\u0131rak\u0131ld\u0131.<\/p>\n\n\n\n<h2 class=\"wp-block-heading\">Buzdolab\u0131nda par\u00e7alanm\u0131\u015f ceset bulmu\u015ftu<\/h2>\n\n\n\n<p class=\"wp-block-paragraph\">\u00c7al\u0131l\u0131\u00f6z Mahallesi 11. Sokak&#8217;ta 16 May\u0131s 2025&#8217;te 3 katl\u0131 apartman\u0131n son kat\u0131nda evi bulunan C.\u00c7, kira \u00fccretini alamay\u0131nca kirac\u0131s\u0131 oldu\u011fu \u00f6\u011frenilen M.V&#8217;yi aram\u0131\u015f, telefonu a\u00e7an M.V&#8217;nin k\u0131z\u0131, annesinin 3 May\u0131s&#8217;ta vefat etti\u011fini s\u00f6ylemi\u015fti.<\/p>\n\n\n\n<p class=\"wp-block-paragraph\">Ev sahibi C.\u00c7, bunun \u00fczerine il d\u0131\u015f\u0131ndan K\u0131r\u0131kkale&#8217;ye gelerek evin durumunu g\u00f6rmek i\u00e7in dairenin kap\u0131s\u0131n\u0131 \u00e7ilingire a\u00e7t\u0131rarak i\u00e7eri girmi\u015f, evde yapt\u0131\u011f\u0131 incelemede, buzdolab\u0131 ve derin dondurucuda par\u00e7alanm\u0131\u015f ceset bulmu\u015ftu.<\/p>\n\n\n\n<p class=\"wp-block-paragraph\">Ekiplerce yap\u0131lan incelemede, bir erkek cesedinin par\u00e7alanarak \u00e7\u00f6p po\u015fetleri i\u00e7inde dolaplara yerle\u015ftirildi\u011fi belirlenmi\u015f, evde sat\u0131r ele ge\u00e7irilmi\u015fti.<\/p>\n\n\n\n<p class=\"wp-block-paragraph\">K\u0131r\u0131kkale Adli T\u0131p Kurumundaki otopsinin ard\u0131ndan cesedin, 2014&#8217;te kay\u0131p ilan\u0131 verilen ve bir daha kendisinden haber al\u0131namayan H\u00fcseyin Okumu\u015fo\u011flu&#8217;na ait oldu\u011fu belirlenmi\u015fti.<\/p>\n\n\n\n<p class=\"wp-block-paragraph\">Olayla ilgili g\u00f6zalt\u0131na al\u0131nan \u00f6len kirac\u0131 M.V&#8217;nin kocas\u0131 S.V, k\u0131z\u0131 S.V, o\u011flu H.V. ile ye\u011feni K.G, sulh ceza hakimli\u011fince adli kontrol karar\u0131yla serbest b\u0131rak\u0131lm\u0131\u015ft\u0131.<\/p>\n\n\n\n<p class=\"wp-block-paragraph\">Daha sonra yap\u0131lan inceleme ve kriminal \u00e7al\u0131\u015fmalar neticesinde derin dondurucu i\u00e7erisinde yakla\u015f\u0131k 10 y\u0131ld\u0131r muhafaza edildi\u011fi de\u011ferlendirilen ve 7 par\u00e7aya ayr\u0131lm\u0131\u015f cesede ili\u015fkin,&nbsp;<a href=\"https:\/\/www.trthaber.com\/etiket\/adalet-bakanligi\/\" target=\"_blank\" rel=\"noreferrer noopener\">Adalet Bakanl\u0131\u011f\u0131<\/a>&nbsp;Faili Me\u00e7hul Su\u00e7lar\u0131&nbsp;<a href=\"https:\/\/www.trthaber.com\/etiket\/arastirma\/\" target=\"_blank\" rel=\"noreferrer noopener\">Ara\u015ft\u0131rma<\/a>&nbsp;Daire Ba\u015fkanl\u0131\u011f\u0131n\u0131n koordinasyonunda, K\u0131r\u0131kkale Cumhuriyet Ba\u015fsavc\u0131l\u0131\u011f\u0131nca \u00e7al\u0131\u015fma y\u00fcr\u00fct\u00fclm\u00fc\u015f, soru\u015fturma kapsam\u0131nda elde edilen deliller ve yap\u0131lan analizler sonucunda, maktul\u00fcn \u00f6ld\u00fcr\u00fclmesi olay\u0131na i\u015ftirak ettikleri de\u011ferlendirilen 17 \u015f\u00fcpheli belirlenmi\u015fti.<\/p>\n\n\n\n<p class=\"wp-block-paragraph\">H\u00fcseyin Okumu\u015fo\u011flu&#8217;nun 2014&#8217;te kaybolmas\u0131ndan yakla\u015f\u0131k 12 y\u0131l sonra, 14 A\u011fustos&#8217;ta K\u0131r\u0131kkale \u0130l Emniyet M\u00fcd\u00fcrl\u00fc\u011f\u00fc Asayi\u015f \u015eubesi taraf\u0131ndan K\u0131r\u0131kkale, Ankara ve Ayd\u0131n&#8217;da ger\u00e7ekle\u015ftirilen e\u015f zamanl\u0131 operasyonlarda 17 zanl\u0131 g\u00f6zalt\u0131na al\u0131nm\u0131\u015ft\u0131.<\/p>\n","protected":false},"excerpt":{"rendered":"<p>K\u0131r\u0131kkale&#8217;de ge\u00e7en y\u0131l bir apartman dairesinde buzdolab\u0131nda ve derin dondurucuda par\u00e7alanm\u0131\u015f erkek cesedi bulunmas\u0131na ili\u015fkin<\/p>\n","protected":false},"author":1,"featured_media":5078,"comment_status":"open","ping_status":"open","sticky":false,"template":"","format":"standard","meta":{"_rtcl_gb_attr":"","footnotes":""},"categories":[1],"tags":[],"class_list":["post-5065","post","type-post","status-publish","format-standard","has-post-thumbnail","hentry","category-http-turkiyemhaber-com-wp-content-uploads-2026-03-saray-59-haber-13-mart-pdf"],"_links":{"self":[{"href":"https:\/\/turkiyemhaber.com\/index.php?rest_route=\/wp\/v2\/posts\/5065","targetHints":{"allow":["GET"]}}],"collection":[{"href":"https:\/\/turkiyemhaber.com\/index.php?rest_route=\/wp\/v2\/posts"}],"about":[{"href":"https:\/\/turkiyemhaber.com\/index.php?rest_route=\/wp\/v2\/types\/post"}],"author":[{"embeddable":true,"href":"https:\/\/turkiyemhaber.com\/index.php?rest_route=\/wp\/v2\/users\/1"}],"replies":[{"embeddable":true,"href":"https:\/\/turkiyemhaber.com\/index.php?rest_route=%2Fwp%2Fv2%2Fcomments&post=5065"}],"version-history":[{"count":1,"href":"https:\/\/turkiyemhaber.com\/index.php?rest_route=\/wp\/v2\/posts\/5065\/revisions"}],"predecessor-version":[{"id":5079,"href":"https:\/\/turkiyemhaber.com\/index.php?rest_route=\/wp\/v2\/posts\/5065\/revisions\/5079"}],"wp:featuredmedia":[{"embeddable":true,"href":"https:\/\/turkiyemhaber.com\/index.php?rest_route=\/wp\/v2\/media\/5078"}],"wp:attachment":[{"href":"https:\/\/turkiyemhaber.com\/index.php?rest_route=%2Fwp%2Fv2%2Fmedia&parent=5065"}],"wp:term":[{"taxonomy":"category","embeddable":true,"href":"https:\/\/turkiyemhaber.com\/index.php?rest_route=%2Fwp%2Fv2%2Fcategories&post=5065"},{"taxonomy":"post_tag","embeddable":true,"href":"https:\/\/turkiyemhaber.com\/index.php?rest_route=%2Fwp%2Fv2%2Ftags&post=5065"}],"curies":[{"name":"wp","href":"https:\/\/api.w.org\/{rel}","templated":true}]}}