{"id":5064,"date":"2026-08-17T21:08:53","date_gmt":"2026-08-17T21:08:53","guid":{"rendered":"https:\/\/turkiyemhaber.com\/?p=5064"},"modified":"2026-08-17T22:28:18","modified_gmt":"2026-08-17T22:28:18","slug":"emniyet-genel-mudurlugunde-terfi-ve-atamalar-yapildi","status":"publish","type":"post","link":"https:\/\/turkiyemhaber.com\/?p=5064","title":{"rendered":"Emniyet Genel M\u00fcd\u00fcrl\u00fc\u011f\u00fcnde terfi ve atamalar yap\u0131ld\u0131"},"content":{"rendered":"<p>Emniyet Genel M\u00fcd\u00fcr\u00fc Ali Fidan, 2024&#8217;ten bu yana kadro yetersizli\u011fi nedeniyle ger\u00e7ekle\u015ftirilemeyen 1. S\u0131n\u0131f Emniyet M\u00fcd\u00fcr\u00fc r\u00fctbesine terfi ve atama i\u015flemlerinin tamamland\u0131\u011f\u0131n\u0131 belirtti.<\/p>\n\n\n<p class=\"wp-block-paragraph\">ANKARA<\/p>\n\n\n\n<p class=\"wp-block-paragraph\">Fidan, EGM&#8217;nin sosyal medya hesab\u0131ndan payla\u015f\u0131lan a\u00e7\u0131klamas\u0131nda, 1. S\u0131n\u0131f Emniyet M\u00fcd\u00fcr\u00fc r\u00fctbesine terfi ve atama i\u015flemlerinin, gerekli inceleme ve de\u011ferlendirmelerin ard\u0131ndan Bakanl\u0131k makam\u0131n\u0131n onay\u0131yla ger\u00e7ekle\u015ftirildi\u011fini belirtti.<\/p>\n\n\n\n<p class=\"wp-block-paragraph\">Ali Fidan, ayr\u0131ca Emniyet M\u00fcd\u00fcr\u00fc ve Emniyet Amiri r\u00fctbesindeki 270 personelin 2026 y\u0131l\u0131 genel atamalar\u0131n\u0131n yap\u0131ld\u0131\u011f\u0131n\u0131 kaydetti.<\/p>\n\n\n\n<p class=\"wp-block-paragraph\">Terfi ve atama i\u015flemlerinin yar\u0131n saat 00.00 itibar\u0131yla &#8220;PBS.NET&#8221; \u00fczerinden personele duyurulaca\u011f\u0131n\u0131 aktaran Fidan, &#8220;Bir \u00fcst r\u00fctbeye terfi eden ve yeni g\u00f6rev yerlerine atanan te\u015fkilat mensuplar\u0131m\u0131za yeni r\u00fctbe ve g\u00f6revlerinin hay\u0131rl\u0131 olmas\u0131n\u0131 diliyor, g\u00f6revlerinde \u00fcst\u00fcn ba\u015far\u0131lar temenni ediyorum.&#8221; ifadelerini kulland\u0131.<\/p>\n","protected":false},"excerpt":{"rendered":"<p>Emniyet Genel M\u00fcd\u00fcr\u00fc Ali Fidan, 2024&#8217;ten bu yana kadro yetersizli\u011fi nedeniyle ger\u00e7ekle\u015ftirilemeyen 1. S\u0131n\u0131f Emniyet<\/p>\n","protected":false},"author":1,"featured_media":5075,"comment_status":"open","ping_status":"open","sticky":false,"template":"","format":"standard","meta":{"_rtcl_gb_attr":"","footnotes":""},"categories":[1],"tags":[],"class_list":["post-5064","post","type-post","status-publish","format-standard","has-post-thumbnail","hentry","category-http-turkiyemhaber-com-wp-content-uploads-2026-03-saray-59-haber-13-mart-pdf"],"_links":{"self":[{"href":"https:\/\/turkiyemhaber.com\/index.php?rest_route=\/wp\/v2\/posts\/5064","targetHints":{"allow":["GET"]}}],"collection":[{"href":"https:\/\/turkiyemhaber.com\/index.php?rest_route=\/wp\/v2\/posts"}],"about":[{"href":"https:\/\/turkiyemhaber.com\/index.php?rest_route=\/wp\/v2\/types\/post"}],"author":[{"embeddable":true,"href":"https:\/\/turkiyemhaber.com\/index.php?rest_route=\/wp\/v2\/users\/1"}],"replies":[{"embeddable":true,"href":"https:\/\/turkiyemhaber.com\/index.php?rest_route=%2Fwp%2Fv2%2Fcomments&post=5064"}],"version-history":[{"count":1,"href":"https:\/\/turkiyemhaber.com\/index.php?rest_route=\/wp\/v2\/posts\/5064\/revisions"}],"predecessor-version":[{"id":5076,"href":"https:\/\/turkiyemhaber.com\/index.php?rest_route=\/wp\/v2\/posts\/5064\/revisions\/5076"}],"wp:featuredmedia":[{"embeddable":true,"href":"https:\/\/turkiyemhaber.com\/index.php?rest_route=\/wp\/v2\/media\/5075"}],"wp:attachment":[{"href":"https:\/\/turkiyemhaber.com\/index.php?rest_route=%2Fwp%2Fv2%2Fmedia&parent=5064"}],"wp:term":[{"taxonomy":"category","embeddable":true,"href":"https:\/\/turkiyemhaber.com\/index.php?rest_route=%2Fwp%2Fv2%2Fcategories&post=5064"},{"taxonomy":"post_tag","embeddable":true,"href":"https:\/\/turkiyemhaber.com\/index.php?rest_route=%2Fwp%2Fv2%2Ftags&post=5064"}],"curies":[{"name":"wp","href":"https:\/\/api.w.org\/{rel}","templated":true}]}}