{"id":5063,"date":"2026-08-17T21:08:53","date_gmt":"2026-08-17T21:08:53","guid":{"rendered":"https:\/\/turkiyemhaber.com\/?p=5063"},"modified":"2026-08-17T22:33:48","modified_gmt":"2026-08-17T22:33:48","slug":"bm-filistinlilere-yardim-icin-gereken-4-milyar-dolarin-cok-az-kismi-toplanabildi","status":"publish","type":"post","link":"https:\/\/turkiyemhaber.com\/?p=5063","title":{"rendered":"BM: Filistinlilere yard\u0131m i\u00e7in gereken 4 milyar dolar\u0131n \u00e7ok az k\u0131sm\u0131 toplanabildi"},"content":{"rendered":"<p>Birle\u015fmi\u015f Milletler BM, Gazze ve Bat\u0131 \u015eeria genelinde insani yard\u0131m \u00e7al\u0131\u015fmalar\u0131 i\u00e7in gereken 4 milyar dolar\u0131n &#8220;\u00e7ok az bir k\u0131sm\u0131n\u0131n&#8221; toplanabildi\u011fini bildirdi.<\/p>\n\n\n<p class=\"wp-block-paragraph\">NEW YORK<\/p>\n\n\n\n<p class=\"wp-block-paragraph\">BM Genel Sekreter S\u00f6zc\u00fcs\u00fc Stephane Dujarric, New York&#8217;ta d\u00fczenlenen g\u00fcnl\u00fck bas\u0131n toplant\u0131s\u0131nda, Orta Do\u011fu&#8217;daki geli\u015fmelerle ilgili bilgileri payla\u015ft\u0131.<\/p>\n\n\n\n<p class=\"wp-block-paragraph\">\u0130\u015fgal alt\u0131ndaki Bat\u0131 \u015eeria ve Gazze&#8217;de ya\u015fayan Filistinli aileler i\u00e7in 4 milyar dolarl\u0131k insani yard\u0131ma ihtiya\u00e7 oldu\u011funu belirten Dujarric, ancak hedeflenen bu paran\u0131n hen\u00fcz &#8220;\u00e7ok k\u00fc\u00e7\u00fck bir k\u0131sm\u0131n\u0131n&#8221; temin edilebildi\u011fi uyar\u0131s\u0131nda bulundu.<\/p>\n\n\n\n<p class=\"wp-block-paragraph\">Dujarric, &#8220;\u0130nsani yard\u0131m ortaklar\u0131m\u0131z ayr\u0131ca, yakla\u015fan ya\u011f\u0131\u015fl\u0131 mevsime y\u00f6nelik haz\u0131rl\u0131klar\u0131n finansman a\u00e7\u0131klar\u0131 ve di\u011fer k\u0131s\u0131tlamalarla kar\u015f\u0131 kar\u015f\u0131ya oldu\u011funu belirtiyor. Bu haz\u0131rl\u0131klar\u0131n \u015fimdiden yap\u0131lmas\u0131 hayati \u00f6nem ta\u015f\u0131yor.&#8221; dedi.<\/p>\n\n\n\n<p class=\"wp-block-paragraph\">BM&#8217;nin ortak \u00e7al\u0131\u015ft\u0131\u011f\u0131 kurulu\u015flarla birlikte, 2 milyonu a\u015fk\u0131n n\u00fcfusun bulundu\u011fu Gazze i\u00e7in k\u0131\u015f \u00f6ncesi toplanan \u00e7ad\u0131r say\u0131s\u0131n\u0131n &#8220;30 binden daha az&#8221; oldu\u011funu s\u00f6yleyen Dujarric, bu \u00e7ad\u0131rlar\u0131n b\u00fcy\u00fck k\u0131sm\u0131n\u0131n hala Gazze d\u0131\u015f\u0131nda bekletildi\u011fi tahminini payla\u015ft\u0131.<\/p>\n\n\n\n<p class=\"wp-block-paragraph\">BM Genel Sekreter S\u00f6zc\u00fcs\u00fc, &#8220;Oysa ihtiya\u00e7 duyulan \u00e7ad\u0131r say\u0131s\u0131, daha dayan\u0131kl\u0131 bar\u0131nma malzemelerinin giri\u015fine izin verilip verilmeyece\u011fine ba\u011fl\u0131 olarak 80 bin ila 130 bin aras\u0131nda de\u011fi\u015fiyor. Bildi\u011finiz \u00fczere, Gazze \u015eeridi&#8217;ne daha dayan\u0131kl\u0131 bar\u0131nma malzemeleri getiremiyoruz.&#8221; diye ekledi.<\/p>\n\n\n\n<h2 class=\"wp-block-heading\">Gazze&#8217;nin g\u00fcneyindeki \u0130srail sald\u0131r\u0131lar\u0131 endi\u015fe veriyor<\/h2>\n\n\n\n<p class=\"wp-block-paragraph\">BM Genel Sekreter S\u00f6zc\u00fcs\u00fc Dujarric, BM ve insani yard\u0131m orta\u011f\u0131 kurulu\u015flar\u0131n, Gazze&#8217;nin g\u00fcneyinde &#8220;\u0130srail&#8217;in s\u00fcregelen sald\u0131r\u0131lar\u0131n\u0131n&#8221; siviller \u00fczerindeki etkisinden endi\u015fe duymaya devam etti\u011fini aktard\u0131.<\/p>\n\n\n\n<p class=\"wp-block-paragraph\">Dujarric, hafta sonu boyunca, ba\u015fta &#8220;Sar\u0131 Hat&#8221; olarak adland\u0131r\u0131lan b\u00f6lge olmak \u00fczere, Gazze&#8217;de \u00e7ok say\u0131da &#8220;hava sald\u0131r\u0131s\u0131, top\u00e7u ate\u015fi, silahl\u0131 \u00e7at\u0131\u015fma ve denizden ate\u015f a\u00e7ma&#8221; olay\u0131n\u0131n ya\u015fand\u0131\u011f\u0131n\u0131 belirtti.<\/p>\n\n\n\n<p class=\"wp-block-paragraph\">Bu hatt\u0131n, &#8220;Gazze&#8217;nin 2,1 milyonluk n\u00fcfusunun b\u00fcy\u00fck k\u0131sm\u0131n\u0131n s\u0131\u011f\u0131nabildi\u011fi bir alan&#8221; oldu\u011funun alt\u0131n\u0131 \u00e7izen Dujarric, \u0130srail ordusunun bu sald\u0131r\u0131lar\u0131 sonucu ya\u015fanan kay\u0131plar aras\u0131nda sivillerin de bulundu\u011fu bilgilerini payla\u015ft\u0131.<\/p>\n","protected":false},"excerpt":{"rendered":"<p>Birle\u015fmi\u015f Milletler BM, Gazze ve Bat\u0131 \u015eeria genelinde insani yard\u0131m \u00e7al\u0131\u015fmalar\u0131 i\u00e7in gereken 4 milyar<\/p>\n","protected":false},"author":1,"featured_media":5080,"comment_status":"open","ping_status":"open","sticky":false,"template":"","format":"standard","meta":{"_rtcl_gb_attr":"","footnotes":""},"categories":[65],"tags":[],"class_list":["post-5063","post","type-post","status-publish","format-standard","has-post-thumbnail","hentry","category-dunya"],"_links":{"self":[{"href":"https:\/\/turkiyemhaber.com\/index.php?rest_route=\/wp\/v2\/posts\/5063","targetHints":{"allow":["GET"]}}],"collection":[{"href":"https:\/\/turkiyemhaber.com\/index.php?rest_route=\/wp\/v2\/posts"}],"about":[{"href":"https:\/\/turkiyemhaber.com\/index.php?rest_route=\/wp\/v2\/types\/post"}],"author":[{"embeddable":true,"href":"https:\/\/turkiyemhaber.com\/index.php?rest_route=\/wp\/v2\/users\/1"}],"replies":[{"embeddable":true,"href":"https:\/\/turkiyemhaber.com\/index.php?rest_route=%2Fwp%2Fv2%2Fcomments&post=5063"}],"version-history":[{"count":1,"href":"https:\/\/turkiyemhaber.com\/index.php?rest_route=\/wp\/v2\/posts\/5063\/revisions"}],"predecessor-version":[{"id":5081,"href":"https:\/\/turkiyemhaber.com\/index.php?rest_route=\/wp\/v2\/posts\/5063\/revisions\/5081"}],"wp:featuredmedia":[{"embeddable":true,"href":"https:\/\/turkiyemhaber.com\/index.php?rest_route=\/wp\/v2\/media\/5080"}],"wp:attachment":[{"href":"https:\/\/turkiyemhaber.com\/index.php?rest_route=%2Fwp%2Fv2%2Fmedia&parent=5063"}],"wp:term":[{"taxonomy":"category","embeddable":true,"href":"https:\/\/turkiyemhaber.com\/index.php?rest_route=%2Fwp%2Fv2%2Fcategories&post=5063"},{"taxonomy":"post_tag","embeddable":true,"href":"https:\/\/turkiyemhaber.com\/index.php?rest_route=%2Fwp%2Fv2%2Ftags&post=5063"}],"curies":[{"name":"wp","href":"https:\/\/api.w.org\/{rel}","templated":true}]}}