{"id":5062,"date":"2026-08-17T11:09:27","date_gmt":"2026-08-17T11:09:27","guid":{"rendered":"https:\/\/turkiyemhaber.com\/?p=5062"},"modified":"2026-08-17T11:09:27","modified_gmt":"2026-08-17T11:09:27","slug":"yuruyen-adamdan-cocuk-olumlerine-karsi-trabzon-ankara-yuruyusu","status":"publish","type":"post","link":"https:\/\/turkiyemhaber.com\/?p=5062","title":{"rendered":"&#8216;Y\u00fcr\u00fcyen Adam&#8217;dan \u00e7ocuk \u00f6l\u00fcmlerine kar\u015f\u0131 Trabzon-Ankara y\u00fcr\u00fcy\u00fc\u015f\u00fc"},"content":{"rendered":"<p><img decoding=\"async\" src=\"https:\/\/images.ntv.com.tr\/images\/SILAHLI-OLAYLARDA-OLDURULEN-COCUKLAR-ICI_1461552_434833-146156.jpg?width=930&amp;format=webp\" class=\"type:primaryImage\" alt=\"&apos;Y\u00fcr\u00fcyen Adam&apos;dan \u00e7ocuk \u00f6l\u00fcmlerine kar\u015f\u0131 Trabzon-Ankara y\u00fcr\u00fcy\u00fc\u015f\u00fc\" \/><\/p>\n<p>&#8216;Y\u00fcr\u00fcyen Adam&#8217; olarak tan\u0131nan Muhammet \u00c7elik, \u00e7ocuk \u00f6l\u00fcmlerine dikkat \u00e7ekmek i\u00e7in Trabzon&#8217;dan Ankara&#8217;ya y\u00fcr\u00fcmeye ba\u015flad\u0131.<\/p>\n<p>Trabzon&#8217;da &#8216;Y\u00fcr\u00fcyen Adam&#8217; olarak bilinen Muhammet \u00c7elik (64), \u00e7ocuklar\u0131n silahl\u0131 olaylarda hayat\u0131n\u0131 kaybetmesine ve kontrols\u00fcz silah kullan\u0131m\u0131n\u0131n yol a\u00e7t\u0131\u011f\u0131 ac\u0131lara kar\u015f\u0131 fark\u0131ndal\u0131k olu\u015fturmak i\u00e7in y\u00fcr\u00fcy\u00fc\u015f ba\u015flatt\u0131.<\/p>\n<p>&nbsp;<\/p>\n<p>\u00c7elik, &#8220;D\u00fcnyadaki t\u00fcm \u00e7ocuklar i\u00e7in y\u00fcr\u00fcyorum. \u00c7ocuklar art\u0131k \u00f6lmesin, \u00e7ocuklar\u0131n hayalleri y\u0131k\u0131lmas\u0131n. Bu \u00e7ocuklar i\u00e7in Trabzon\u2019dan Ankara\u2019ya kadar y\u00fcr\u00fcyece\u011fim. Y\u00fcr\u00fcyerek dikkat \u00e7ekmek istiyorum. \u0130nsanlar g\u00f6rs\u00fcn, dikkatlerini \u00e7eksin&#8221; dedi.<\/p>\n<p>Tonya il\u00e7esinde ya\u015fayan ve \u015fiddet olaylar\u0131n\u0131n yan\u0131 s\u0131ra sava\u015flar\u0131n son bulmas\u0131na y\u00f6nelik fark\u0131ndal\u0131k y\u00fcr\u00fcy\u00fc\u015fleri yapmas\u0131yla &#8216;Y\u00fcr\u00fcyen Adam&#8217; olarak tan\u0131nan Muhammet \u00c7elik, D\u00fczk\u00f6y il\u00e7esinde 6 Temmuz\u2019da \u2018ot bi\u00e7me\u2019 meselesi nedeniyle \u00e7\u0131kan tart\u0131\u015fmada akrabas\u0131 taraf\u0131ndan silahla vurularak hayat\u0131n\u0131 kaybeden Ekrem Erg\u00fcn\u2019\u00fcn (12) \u00f6l\u00fcm\u00fcnden etkilendi.<\/p>\n<p>&nbsp;<\/p>\n<p>Olay\u0131n ard\u0131ndan \u00e7ocuklar\u0131n bir anl\u0131k \u00f6fke, silah kullan\u0131m\u0131 ve kontrols\u00fcz davran\u0131\u015flar nedeniyle ya\u015fam\u0131n\u0131 yitirmesine dikkat \u00e7ekmek i\u00e7in harekete ge\u00e7ti.<\/p>\n<p>&nbsp;<\/p>\n<p>Ekrem Erg\u00fcn&#8217;\u00fcn foto\u011fraf\u0131n\u0131 bast\u0131rd\u0131\u011f\u0131 ti\u015f\u00f6rt\u00fc giyen \u00c7elik, fark\u0131ndal\u0131k olu\u015fturmak amac\u0131yla y\u00fcr\u00fcmeye ba\u015flad\u0131. Tonya il\u00e7esinden Ak\u00e7aabat il\u00e7esinde kadar y\u00fcr\u00fcyen \u00c7elik, bir sonraki hedefinin \u00e7ocuklar i\u00e7in Trabzon\u2019dan Ankara\u2019ya y\u00fcr\u00fcmek oldu\u011funu s\u00f6yledi.<\/p>\n<p><span>&#8220;ARTIK \u00c7OCUKLAR \u00d6LMES\u0130N D\u0130YE SES\u0130M\u0130 DUYURMAK \u0130STED\u0130M&#8221;<\/span><\/p>\n<p>\u00c7ocuk \u00f6l\u00fcmlerine dikkat \u00e7ekmek i\u00e7in y\u00fcr\u00fcmeye karar verdi\u011fini ifade eden Muhammet \u00c7elik, &#8220;Yakla\u015f\u0131k 1 ay \u00f6nce D\u00fczk\u00f6y\u2019de 12 ya\u015f\u0131ndaki Ekrem bir hi\u00e7 u\u011fruna vuruldu. Ben bu yavrumuza \u00e7ok \u00fcz\u00fcld\u00fcm. Art\u0131k \u00e7ocuklar \u00f6lmesin diye sesimi duyurmak istedim. \u00c7ocuklar vurulmas\u0131n, \u00e7ocuklar\u0131n hayalleri s\u00f6nmesin istiyorum. Ekrem b\u00fcy\u00fcy\u00fcp, doktor m\u00fchendis olabilirdi. Hayalleri gitti. Bir hi\u00e7 u\u011fruna maalesef bir kur\u015funa hedef olarak \u00f6ld\u00fcr\u00fcld\u00fc. \u00c7ok \u00fcz\u00fcl\u00fcyorum. Filistin\u2019deki \u00e7ocuklar var, onlar da \u00f6ld\u00fcr\u00fcl\u00fcyor. Yollara d\u00fc\u015ft\u00fcm, \u00e7ocuklar \u00f6lmesin. Cumhurba\u015fkan\u0131m\u0131za ve t\u00fcm yetkililere sesleniyorum; ate\u015fli silahlar hakk\u0131nda bir kanun \u00e7\u0131ks\u0131n. Herkesin elinde silah var. \u00c7ocuklar, \u00f6l\u00fcp gidiyorlar. Aileler ve bizler \u00fcz\u00fcl\u00fcyoruz&#8221; dedi.<\/p>\n<p>&nbsp;<\/p>\n<p>&#8220;<strong>ADALETL\u0130 B\u0130R D\u00dcNYA HERKESE YETER&#8221;<\/strong><\/p>\n<p>&nbsp;<\/p>\n<p>&nbsp;<\/p>\n<p>Y\u00fcr\u00fcy\u00fc\u015f\u00fcn\u00fc d\u00fcnyadaki t\u00fcm \u00e7ocuklar i\u00e7in ger\u00e7ekle\u015ftirdi\u011fini s\u00f6yleyen \u00c7elik, &#8220;D\u00fcnyadaki t\u00fcm \u00e7ocuklar i\u00e7in y\u00fcr\u00fcyorum. \u00c7ocuklar \u00f6lmesin, \u00e7ocuklar\u0131n hayalleri y\u0131k\u0131lmas\u0131n. D\u00fcnyada 8 milyar insan var. Adaletli bu d\u00fcnya herkese yeter. \u00c7ocuklar\u0131n umutlar\u0131n\u0131 y\u0131kmayal\u0131m. Vakf\u0131kebir il\u00e7esinden y\u00fcr\u00fcmeye ba\u015flad\u0131m. Ak\u00e7aabat\u2019a kadar geldim, Trabzon\u2019un merkezine az kald\u0131. Kilometrelerce y\u00fcr\u00fcd\u00fcm. Bu \u00e7ocuklar i\u00e7in Trabzon\u2019dan Ankara\u2019ya kadar y\u00fcr\u00fcyece\u011fim. Y\u00fcr\u00fcyerek dikkat \u00e7ekmek istiyorum. \u0130nsanlar g\u00f6rs\u00fcn, dikkatlerini \u00e7eksin. Ben bir baba olarak \u00e7ok \u00fcz\u00fcl\u00fcyorum. Bu ate\u015fli silahlardan elimizi \u00e7ekelim, rastgele ate\u015f etmeyelim. Ma\u00e7larda, d\u00fc\u011f\u00fcnlerde ve \u00f6zel g\u00fcnlerde rastgele ate\u015f ediliyor. Bu k\u00f6r kur\u015funlar \u00e7ocuklara isabet ediyor. Mutlu bir d\u00fcnya istiyorum. \u00c7ocuk \u00f6l\u00fcmlerine dikkat \u00e7ekmek i\u00e7in y\u00fcr\u00fcmeye karar verdim. Art\u0131k bu \u00f6l\u00fcmlere &#8216;Yeter&#8217; diyelim&#8221; diye konu\u015ftu.<\/p>\n","protected":false},"excerpt":{"rendered":"<p>&#8216;Y\u00fcr\u00fcyen Adam&#8217; olarak tan\u0131nan Muhammet \u00c7elik, \u00e7ocuk \u00f6l\u00fcmlerine dikkat \u00e7ekmek i\u00e7in Trabzon&#8217;dan Ankara&#8217;ya y\u00fcr\u00fcmeye ba\u015flad\u0131.<\/p>\n","protected":false},"author":1,"featured_media":0,"comment_status":"open","ping_status":"open","sticky":false,"template":"","format":"standard","meta":{"_rtcl_gb_attr":"","footnotes":""},"categories":[],"tags":[],"class_list":["post-5062","post","type-post","status-publish","format-standard","hentry"],"_links":{"self":[{"href":"https:\/\/turkiyemhaber.com\/index.php?rest_route=\/wp\/v2\/posts\/5062","targetHints":{"allow":["GET"]}}],"collection":[{"href":"https:\/\/turkiyemhaber.com\/index.php?rest_route=\/wp\/v2\/posts"}],"about":[{"href":"https:\/\/turkiyemhaber.com\/index.php?rest_route=\/wp\/v2\/types\/post"}],"author":[{"embeddable":true,"href":"https:\/\/turkiyemhaber.com\/index.php?rest_route=\/wp\/v2\/users\/1"}],"replies":[{"embeddable":true,"href":"https:\/\/turkiyemhaber.com\/index.php?rest_route=%2Fwp%2Fv2%2Fcomments&post=5062"}],"version-history":[{"count":0,"href":"https:\/\/turkiyemhaber.com\/index.php?rest_route=\/wp\/v2\/posts\/5062\/revisions"}],"wp:attachment":[{"href":"https:\/\/turkiyemhaber.com\/index.php?rest_route=%2Fwp%2Fv2%2Fmedia&parent=5062"}],"wp:term":[{"taxonomy":"category","embeddable":true,"href":"https:\/\/turkiyemhaber.com\/index.php?rest_route=%2Fwp%2Fv2%2Fcategories&post=5062"},{"taxonomy":"post_tag","embeddable":true,"href":"https:\/\/turkiyemhaber.com\/index.php?rest_route=%2Fwp%2Fv2%2Ftags&post=5062"}],"curies":[{"name":"wp","href":"https:\/\/api.w.org\/{rel}","templated":true}]}}