{"id":5059,"date":"2026-08-17T09:08:51","date_gmt":"2026-08-17T09:08:51","guid":{"rendered":"https:\/\/turkiyemhaber.com\/?p=5059"},"modified":"2026-08-17T22:48:15","modified_gmt":"2026-08-17T22:48:15","slug":"telefon-numarasi-tasima-sayisi-218-milyonu-gecti","status":"publish","type":"post","link":"https:\/\/turkiyemhaber.com\/?p=5059","title":{"rendered":"Telefon numaras\u0131 ta\u015f\u0131ma say\u0131s\u0131 218 milyonu ge\u00e7ti"},"content":{"rendered":"<p>Ula\u015ft\u0131rma ve Altyap\u0131 Bakan\u0131 Abdulkadir Uralo\u011flu, mobil hizmetlerde abone say\u0131s\u0131n\u0131n y\u0131l\u0131n birinci \u00e7eyre\u011fi sonu itibar\u0131yla 86 milyona, n\u00fcfusa g\u00f6re mobil abone yayg\u0131nl\u0131\u011f\u0131n\u0131n ise y\u00fczde 100,3&#8217;e y\u00fckseldi\u011fini belirterek, bu d\u00f6nemde ta\u015f\u0131nan 3,5 milyon numarayla toplamda ta\u015f\u0131nan numara say\u0131s\u0131n\u0131n 218 milyon 239 bin 274&#8217;e ula\u015ft\u0131\u011f\u0131n\u0131 s\u00f6yledi.<\/p>\n\n\n<p class=\"wp-block-paragraph\">Ula\u015ft\u0131rma ve Altyap\u0131 Bakan\u0131 Abdulkadir Uralo\u011flu, T\u00fcrkiye\u2019de elektronik haberle\u015fme sekt\u00f6r\u00fcne ili\u015fkin g\u00fcncel verileri payla\u015ft\u0131. Mobil abone say\u0131s\u0131n\u0131n y\u0131l\u0131n ilk \u00e7eyre\u011fi sonunda 86 milyona y\u00fckseldi\u011fini belirten Uralo\u011flu, n\u00fcfusa g\u00f6re mobil abone yayg\u0131nl\u0131\u011f\u0131n\u0131n y\u00fczde 100,3\u2019e \u00e7\u0131kt\u0131\u011f\u0131n\u0131 a\u00e7\u0131klad\u0131.<\/p>\n\n\n\n<p class=\"wp-block-paragraph\">Elektronik haberle\u015fme sekt\u00f6r\u00fcnde faaliyet g\u00f6steren i\u015fletmeci say\u0131s\u0131n\u0131n 416\u2019ya, bu i\u015fletmecilere verilen yetkilendirme say\u0131s\u0131n\u0131n ise 782\u2019ye ula\u015ft\u0131\u011f\u0131n\u0131 kaydeden Uralo\u011flu, sekt\u00f6r\u00fcn net sat\u0131\u015f gelirlerinin 179,7 milyar liraya \u00e7\u0131kt\u0131\u011f\u0131n\u0131 bildirdi. Toplam yat\u0131r\u0131mlar\u0131n da 263 milyar liraya yakla\u015ft\u0131\u011f\u0131n\u0131 ifade etti.<\/p>\n\n\n\n<h2 class=\"wp-block-heading\">5G ABONE SAYISI 44,5 M\u0130LYONA ULA\u015eTI<\/h2>\n\n\n\n<p class=\"wp-block-paragraph\">T\u00fcrkiye genelinde 1 Nisan itibar\u0131yla mobil \u015febekelerde kullan\u0131lmaya ba\u015flanan 5G\u2019ye ilginin h\u0131zla artt\u0131\u011f\u0131n\u0131 belirten Uralo\u011flu, ilk g\u00fcn 21 milyon olan abone say\u0131s\u0131n\u0131n yakla\u015f\u0131k d\u00f6rt ayda 44,5 milyona \u00e7\u0131kt\u0131\u011f\u0131n\u0131 s\u00f6yledi.<\/p>\n\n\n\n<p class=\"wp-block-paragraph\">B\u00f6ylece T\u00fcrkiye n\u00fcfusunun yar\u0131s\u0131ndan fazlas\u0131n\u0131n 5G teknolojisiyle bulu\u015ftu\u011funa i\u015faret eden Uralo\u011flu, yeni teknolojinin ula\u015f\u0131mdan sanayiye, sa\u011fl\u0131ktan tar\u0131ma kadar bir\u00e7ok alanda dijital d\u00f6n\u00fc\u015f\u00fcm\u00fc h\u0131zland\u0131raca\u011f\u0131n\u0131 ifade etti.<\/p>\n\n\n\n<h2 class=\"wp-block-heading\">NUMARA TA\u015eIMA 218 M\u0130LYONU GE\u00c7T\u0130<\/h2>\n\n\n\n<p class=\"wp-block-paragraph\"><a href=\"https:\/\/www.yenicaggazetesi.com\/operator-haberleri.htm\" target=\"_blank\" rel=\"noreferrer noopener\">Operat\u00f6r<\/a>ler aras\u0131ndaki rekabetin abonelere olumlu yans\u0131d\u0131\u011f\u0131n\u0131 s\u00f6yleyen Uralo\u011flu,&nbsp;<a href=\"https:\/\/www.yenicaggazetesi.com\/numara-tasima-haberleri.htm\" target=\"_blank\" rel=\"noreferrer noopener\">numara ta\u015f\u0131ma<\/a>&nbsp;verilerine dikkat \u00e7ekti.<\/p>\n\n\n\n<p class=\"wp-block-paragraph\">Y\u0131l\u0131n ilk \u00e7eyre\u011finde 3,5 milyon numaran\u0131n ta\u015f\u0131nd\u0131\u011f\u0131n\u0131 a\u00e7\u0131klayan Uralo\u011flu, bug\u00fcne kadar ta\u015f\u0131nan toplam numara say\u0131s\u0131n\u0131n 218 milyon 239 bin 274\u2019e ula\u015ft\u0131\u011f\u0131n\u0131 bildirdi. Bu rakam\u0131n 215 milyon 400 bin 185\u2019ini mobil, 2 milyon 839 bin 89\u2019unu ise sabit numaralar olu\u015fturdu.<\/p>\n\n\n\n<h2 class=\"wp-block-heading\">AVRUPA\u2019DA EN \u00c7OK T\u00dcRK\u0130YE KONU\u015eUYOR<\/h2>\n\n\n\n<p class=\"wp-block-paragraph\">T\u00fcrkiye, mobil telefonla g\u00f6r\u00fc\u015fme s\u00fcrelerinde de Avrupa\u2019daki liderli\u011fini s\u00fcrd\u00fcrd\u00fc. Y\u0131l\u0131n ilk \u00e7eyre\u011finde abonelerin ayl\u0131k ortalama mobil konu\u015fma s\u00fcresi 439 dakika olarak hesapland\u0131.<\/p>\n\n\n\n<p class=\"wp-block-paragraph\">Bu rakamla T\u00fcrkiye, Avrupa \u00fclkeleri aras\u0131nda mobil telefonla en uzun s\u00fcre g\u00f6r\u00fc\u015fme yap\u0131lan \u00fclke konumunu korudu.<\/p>\n\n\n\n<p class=\"wp-block-paragraph\">Fiber altyap\u0131 yat\u0131r\u0131mlar\u0131n\u0131n da devam etti\u011fini belirten Uralo\u011flu, T\u00fcrkiye\u2019nin toplam fiber altyap\u0131 uzunlu\u011funun y\u0131l\u0131n ilk yar\u0131s\u0131nda 365 bin kilometreye ula\u015ft\u0131\u011f\u0131n\u0131 a\u00e7\u0131klad\u0131.<\/p>\n","protected":false},"excerpt":{"rendered":"<p>Ula\u015ft\u0131rma ve Altyap\u0131 Bakan\u0131 Abdulkadir Uralo\u011flu, mobil hizmetlerde abone say\u0131s\u0131n\u0131n y\u0131l\u0131n birinci \u00e7eyre\u011fi sonu itibar\u0131yla<\/p>\n","protected":false},"author":1,"featured_media":5088,"comment_status":"open","ping_status":"open","sticky":false,"template":"","format":"standard","meta":{"_rtcl_gb_attr":"","footnotes":""},"categories":[1],"tags":[],"class_list":["post-5059","post","type-post","status-publish","format-standard","has-post-thumbnail","hentry","category-http-turkiyemhaber-com-wp-content-uploads-2026-03-saray-59-haber-13-mart-pdf"],"_links":{"self":[{"href":"https:\/\/turkiyemhaber.com\/index.php?rest_route=\/wp\/v2\/posts\/5059","targetHints":{"allow":["GET"]}}],"collection":[{"href":"https:\/\/turkiyemhaber.com\/index.php?rest_route=\/wp\/v2\/posts"}],"about":[{"href":"https:\/\/turkiyemhaber.com\/index.php?rest_route=\/wp\/v2\/types\/post"}],"author":[{"embeddable":true,"href":"https:\/\/turkiyemhaber.com\/index.php?rest_route=\/wp\/v2\/users\/1"}],"replies":[{"embeddable":true,"href":"https:\/\/turkiyemhaber.com\/index.php?rest_route=%2Fwp%2Fv2%2Fcomments&post=5059"}],"version-history":[{"count":1,"href":"https:\/\/turkiyemhaber.com\/index.php?rest_route=\/wp\/v2\/posts\/5059\/revisions"}],"predecessor-version":[{"id":5089,"href":"https:\/\/turkiyemhaber.com\/index.php?rest_route=\/wp\/v2\/posts\/5059\/revisions\/5089"}],"wp:featuredmedia":[{"embeddable":true,"href":"https:\/\/turkiyemhaber.com\/index.php?rest_route=\/wp\/v2\/media\/5088"}],"wp:attachment":[{"href":"https:\/\/turkiyemhaber.com\/index.php?rest_route=%2Fwp%2Fv2%2Fmedia&parent=5059"}],"wp:term":[{"taxonomy":"category","embeddable":true,"href":"https:\/\/turkiyemhaber.com\/index.php?rest_route=%2Fwp%2Fv2%2Fcategories&post=5059"},{"taxonomy":"post_tag","embeddable":true,"href":"https:\/\/turkiyemhaber.com\/index.php?rest_route=%2Fwp%2Fv2%2Ftags&post=5059"}],"curies":[{"name":"wp","href":"https:\/\/api.w.org\/{rel}","templated":true}]}}